{"id":38650,"date":"2023-12-21T20:36:33","date_gmt":"2023-12-21T20:36:33","guid":{"rendered":"http:\/\/historiografija.hr\/?p=38650"},"modified":"2023-12-21T20:36:33","modified_gmt":"2023-12-21T20:36:33","slug":"hajrudin-somun-palestinska-nakba","status":"publish","type":"post","link":"https:\/\/historiografija.hr\/?p=38650","title":{"rendered":"Hajrudin Somun, \u201ePalestinska Nakba\u201c"},"content":{"rendered":"\n<p>Palestinska Nakba je kombinacija nau\u010dnog pristupa i polustoljetnog li\u010dnog pra\u0107enja palestinsko-izraelskog konflikta. Do sada na ju\u017enoslavenskim jezicima nije bilo cjelovitog pregleda tog kompleksa, pa sam se trudio da to u\u010dinim. Na \u010ditaocima i stru\u010dnjacima je da ka\u017eu koliko sam uspio, ali mi je drago \u0161to je jedan od recenzenata, D\u017eenita Kari\u0107, magistrica palestinske knji\u017eevnosti, pogodila moju ideju vodilju kad je napisala: Knjiga Palestinska Nakba ukazuje na to da osnovni problem palestinskog pitanja nije religija, kultura ili etnicitet, ve\u0107 borba za zemlju zbog \u010dega nastaju \u010dak i sukobljeni historijski narativi. Historija, odnosno njezine razli\u010dite interpretacije, podre\u0111ena je toj borbi koja je proizvela ubijanja, progone i sveop\u0107u patnju Palestinaca mnogo prije same Nakbe ili katastrofe.<\/p>\n\n\n\n<hr class=\"wp-block-separator\"\/>\n\n\n\n<p>Izvor:<\/p>\n\n\n\n<p><a href=\"https:\/\/mikulicknjige.com\/knjiga116.html\">https:\/\/mikulicknjige.com\/knjiga116.html<\/a><\/p>\n\n\n\n<hr class=\"wp-block-separator\"\/>\n\n\n\n<p>Predstavljanje knjige Hajrudina Somuna \u201ePalestinska nakba\u201c u Sarajevu:<\/p>\n\n\n\n<p><a href=\"https:\/\/historiografija.ba\/article.php?id=2139\">https:\/\/historiografija.ba\/article.php?id=2139<\/a><\/p>\n\n\n\n<hr class=\"wp-block-separator\"\/>\n","protected":false},"excerpt":{"rendered":"","protected":false},"author":2,"featured_media":38651,"comment_status":"open","ping_status":"open","sticky":false,"template":"","format":"standard","meta":{"_acf_changed":false,"jetpack_post_was_ever_published":false,"_jetpack_newsletter_access":"","_jetpack_dont_email_post_to_subs":false,"_jetpack_newsletter_tier_id":0,"_jetpack_memberships_contains_paywalled_content":false,"_jetpack_memberships_contains_paid_content":false,"footnotes":"","jetpack_publicize_message":"","jetpack_publicize_feature_enabled":true,"jetpack_social_post_already_shared":true,"jetpack_social_options":{"image_generator_settings":{"template":"highway","default_image_id":0,"font":"","enabled":false},"version":2}},"categories":[8,3],"tags":[],"class_list":["post-38650","post","type-post","status-publish","format-standard","has-post-thumbnail","hentry","category-knjige","category-novosti"],"acf":{"facebook_opis":""},"jetpack_publicize_connections":[],"jetpack_featured_media_url":"https:\/\/i0.wp.com\/historiografija.hr\/wp-content\/uploads\/2023\/12\/Somun.jpg?fit=2500%2C2500&ssl=1","jetpack_sharing_enabled":true,"jetpack-related-posts":[],"_links":{"self":[{"href":"https:\/\/historiografija.hr\/index.php?rest_route=\/wp\/v2\/posts\/38650","targetHints":{"allow":["GET"]}}],"collection":[{"href":"https:\/\/historiografija.hr\/index.php?rest_route=\/wp\/v2\/posts"}],"about":[{"href":"https:\/\/historiografija.hr\/index.php?rest_route=\/wp\/v2\/types\/post"}],"author":[{"embeddable":true,"href":"https:\/\/historiografija.hr\/index.php?rest_route=\/wp\/v2\/users\/2"}],"replies":[{"embeddable":true,"href":"https:\/\/historiografija.hr\/index.php?rest_route=%2Fwp%2Fv2%2Fcomments&post=38650"}],"version-history":[{"count":1,"href":"https:\/\/historiografija.hr\/index.php?rest_route=\/wp\/v2\/posts\/38650\/revisions"}],"predecessor-version":[{"id":38652,"href":"https:\/\/historiografija.hr\/index.php?rest_route=\/wp\/v2\/posts\/38650\/revisions\/38652"}],"wp:featuredmedia":[{"embeddable":true,"href":"https:\/\/historiografija.hr\/index.php?rest_route=\/wp\/v2\/media\/38651"}],"wp:attachment":[{"href":"https:\/\/historiografija.hr\/index.php?rest_route=%2Fwp%2Fv2%2Fmedia&parent=38650"}],"wp:term":[{"taxonomy":"category","embeddable":true,"href":"https:\/\/historiografija.hr\/index.php?rest_route=%2Fwp%2Fv2%2Fcategories&post=38650"},{"taxonomy":"post_tag","embeddable":true,"href":"https:\/\/historiografija.hr\/index.php?rest_route=%2Fwp%2Fv2%2Ftags&post=38650"}],"curies":[{"name":"wp","href":"https:\/\/api.w.org\/{rel}","templated":true}]}}