{"id":38640,"date":"2023-12-20T18:58:08","date_gmt":"2023-12-20T18:58:08","guid":{"rendered":"http:\/\/historiografija.hr\/?p=38640"},"modified":"2024-01-10T11:52:23","modified_gmt":"2024-01-10T11:52:23","slug":"slucaj-povucenog-udzbenika-suceljeni-stavovi-povjesnicara-i-povjesnicarki-u-medijima","status":"publish","type":"post","link":"https:\/\/historiografija.hr\/?p=38640","title":{"rendered":"Slu\u010daj povu\u010denog ud\u017ebenika: Su\u010deljeni stavovi povjesni\u010dara i povjesni\u010darki u medijima"},"content":{"rendered":"\n<p>Nakon \u0161to je o slu\u010daju povla\u010denja ud\u017ebenika povijesti HINA objavila svoj ve\u0107 spomenuti <a href=\"https:\/\/historiografija.hr\/?p=38596\">prilog<\/a> (koji su prenijeli gotovo svi mediji), uslijedili su sada ve\u0107 nepregledni prilozi brojnih medija i portala. Poku\u0161at \u0107emo ih ovih dana tematski grupirati, kako bi se svi zainteresirani mogli informirati kako se o tome pi\u0161e u medijima te kao dodatni materijal za sada\u0161nje ili budu\u0107e komentare i istra\u017eivanja. Do tada upu\u0107ujemo na one priloge koji su me\u0111usobno su\u010delili argumente i stavove vi\u0161e povjesni\u010darki i povjesni\u010dara. U ovom trenutku se to odnosi na emisiju Dnevni ritam Prvog programa Hrvatskog radija u kojoj su gostovali Ante Nazor i Branimir Jankovi\u0107 te prilog u Dnevniku Nove TV s izjavama Snje\u017eane Koren, Ante Nazora i Branimira Jankovi\u0107a. Kasnije je bilo i nekih drugih. Sve ih mo\u017eete naknadno poslu\u0161ati ili pogledati te vidjeti njihove medijske odjeke.<\/p>\n\n\n\n<hr class=\"wp-block-separator\"\/>\n\n\n\n<p><strong>\u201eDnevni ritam\u201c (HR1):<\/strong> Ante Nazor, Branimir Jankovi\u0107<\/p>\n\n\n\n<p><a href=\"https:\/\/radio.hrt.hr\/prvi-program\/vijesti\/zasto-je-povucen-gimnazijski-udzbenik-iz-povijesti--11214096\">https:\/\/radio.hrt.hr\/prvi-program\/vijesti\/zasto-je-povucen-gimnazijski-udzbenik-iz-povijesti&#8211;11214096<\/a><\/p>\n\n\n\n<p><a href=\"https:\/\/radio.hrt.hr\/slusaonica\/dnevni-ritam\">https:\/\/radio.hrt.hr\/slusaonica\/dnevni-ritam<\/a> (Povijest-povu\u010deni ud\u017ebenik, 18.12.2023)<\/p>\n\n\n\n<p>Odjeci:<\/p>\n\n\n\n<figure class=\"wp-block-embed-wordpress wp-block-embed is-type-wp-embed is-provider-narod-hr\"><div class=\"wp-block-embed__wrapper\">\n<blockquote class=\"wp-embedded-content\" data-secret=\"SwVsMpdDNC\"><a href=\"https:\/\/narod.hr\/hrvatska\/novinarka-hr-a-i-recenzent-profila-klett-u-obrani-povucenog-udzbenika-nazor-ih-pobijao-argumentima\">Novinarka HR-a i recenzent Profila Klett u obrani povu\u010denog ud\u017ebenika: Nazor ih pobijao argumentima<\/a><\/blockquote><iframe loading=\"lazy\" class=\"wp-embedded-content\" sandbox=\"allow-scripts\" security=\"restricted\" style=\"position: absolute; clip: rect(1px, 1px, 1px, 1px);\" title=\"&#8220;Novinarka HR-a i recenzent Profila Klett u obrani povu\u010denog ud\u017ebenika: Nazor ih pobijao argumentima&#8221; &#8212; narod.hr\" src=\"https:\/\/narod.hr\/hrvatska\/novinarka-hr-a-i-recenzent-profila-klett-u-obrani-povucenog-udzbenika-nazor-ih-pobijao-argumentima\/embed#?secret=KTU8m03lf6#?secret=SwVsMpdDNC\" data-secret=\"SwVsMpdDNC\" width=\"600\" height=\"338\" frameborder=\"0\" marginwidth=\"0\" marginheight=\"0\" scrolling=\"no\"><\/iframe>\n<\/div><\/figure>\n\n\n\n<figure class=\"wp-block-embed-wordpress wp-block-embed is-type-wp-embed is-provider-narod-hr\"><div class=\"wp-block-embed__wrapper\">\n<blockquote class=\"wp-embedded-content\" data-secret=\"ql6sBDklie\"><a href=\"https:\/\/narod.hr\/hrvatska\/polsak-palatinus-sumrak-na-prisavlju\">Pol\u0161ak Palatinu\u0161: Sumrak na Prisavlju<\/a><\/blockquote><iframe loading=\"lazy\" class=\"wp-embedded-content\" sandbox=\"allow-scripts\" security=\"restricted\" style=\"position: absolute; clip: rect(1px, 1px, 1px, 1px);\" title=\"&#8220;Pol\u0161ak Palatinu\u0161: Sumrak na Prisavlju&#8221; &#8212; narod.hr\" src=\"https:\/\/narod.hr\/hrvatska\/polsak-palatinus-sumrak-na-prisavlju\/embed#?secret=In4bkuaO72#?secret=ql6sBDklie\" data-secret=\"ql6sBDklie\" width=\"600\" height=\"338\" frameborder=\"0\" marginwidth=\"0\" marginheight=\"0\" scrolling=\"no\"><\/iframe>\n<\/div><\/figure>\n\n\n\n<hr class=\"wp-block-separator\"\/>\n\n\n\n<p><strong>Dnevnik (Nova TV):<\/strong> Snje\u017eana Koren, Ante Nazor, Branimir Jankovi\u0107<\/p>\n\n\n\n<p><a href=\"https:\/\/dnevnik.hr\/vijesti\/hrvatska\/zasto-je-povijest-vazna-trebali-su-uciti-maturanti-a-onda-je-udzbenik-naglo-povucen---818516.html\">https:\/\/dnevnik.hr\/vijesti\/hrvatska\/zasto-je-povijest-vazna-trebali-su-uciti-maturanti-a-onda-je-udzbenik-naglo-povucen&#8212;818516.html<\/a> (18.12.2023)<\/p>\n\n\n\n<p>Odjeci:<\/p>\n\n\n\n<p><a href=\"https:\/\/www.dalmacijadanas.hr\/udzbenik-iz-povijesti-povucen-sredinom-polugodista-ovakav-slucaj-ja-ne-pamtim-u-zadnjih-cetvrt-stoljeca\/\">https:\/\/www.dalmacijadanas.hr\/udzbenik-iz-povijesti-povucen-sredinom-polugodista-ovakav-slucaj-ja-ne-pamtim-u-zadnjih-cetvrt-stoljeca\/<\/a><\/p>\n\n\n\n<hr class=\"wp-block-separator\"\/>\n\n\n\n<p><strong>Kasniji prilozi:<\/strong><\/p>\n\n\n\n<hr class=\"wp-block-separator\"\/>\n\n\n\n<p>Emisija <strong>Povijesne kontroverze<\/strong>: Ante Nazor, Branimir Jankovi\u0107, Snje\u017eana Koren, Filip Hamer\u0161ak<\/p>\n\n\n\n<figure class=\"wp-block-embed-wordpress wp-block-embed is-type-wp-embed is-provider-historiografija-hr\"><div class=\"wp-block-embed__wrapper\">\n<blockquote class=\"wp-embedded-content\" data-secret=\"sxFfquWClu\"><a href=\"https:\/\/historiografija.hr\/?p=38927\">Emisija \u201cPovijesne kontroverze\u201d: Polemike o povu\u010denom ud\u017ebeniku povijesti<\/a><\/blockquote><iframe loading=\"lazy\" class=\"wp-embedded-content\" sandbox=\"allow-scripts\" security=\"restricted\" style=\"position: absolute; clip: rect(1px, 1px, 1px, 1px);\" title=\"&#8220;Emisija \u201cPovijesne kontroverze\u201d: Polemike o povu\u010denom ud\u017ebeniku povijesti&#8221; &#8212; Historiografija.hr\" src=\"https:\/\/historiografija.hr\/?p=38927&#038;embed=true#?secret=sxFfquWClu\" data-secret=\"sxFfquWClu\" width=\"600\" height=\"338\" frameborder=\"0\" marginwidth=\"0\" marginheight=\"0\" scrolling=\"no\"><\/iframe>\n<\/div><\/figure>\n\n\n\n<p>Odjeci:<\/p>\n\n\n\n<figure class=\"wp-block-embed-wordpress wp-block-embed is-type-wp-embed is-provider-narod-hr\"><div class=\"wp-block-embed__wrapper\">\n<blockquote class=\"wp-embedded-content\" data-secret=\"MunYErjcyH\"><a href=\"https:\/\/narod.hr\/hrvatska\/rasprava-o-udzbeniku-nazor-o-vaznom-pitanju-ubijene-djece-jankovic-kuka-o-pisanju-portala\">Rasprava o ud\u017ebeniku: Nazor o va\u017enom pitanju ubijene djece, Jankovi\u0107 kuka o pisanju portala<\/a><\/blockquote><iframe loading=\"lazy\" class=\"wp-embedded-content\" sandbox=\"allow-scripts\" security=\"restricted\" style=\"position: absolute; clip: rect(1px, 1px, 1px, 1px);\" title=\"&#8220;Rasprava o ud\u017ebeniku: Nazor o va\u017enom pitanju ubijene djece, Jankovi\u0107 kuka o pisanju portala&#8221; &#8212; narod.hr\" src=\"https:\/\/narod.hr\/hrvatska\/rasprava-o-udzbeniku-nazor-o-vaznom-pitanju-ubijene-djece-jankovic-kuka-o-pisanju-portala\/embed#?secret=HHjQmwB9K3#?secret=MunYErjcyH\" data-secret=\"MunYErjcyH\" width=\"600\" height=\"338\" frameborder=\"0\" marginwidth=\"0\" marginheight=\"0\" scrolling=\"no\"><\/iframe>\n<\/div><\/figure>\n\n\n\n<p><a href=\"https:\/\/www.popodnevnik.hr\/blog\/u-povijesnim-kontroverzama-sucelili-se-ante-nazor-i-branimir-jankovic\/243\">https:\/\/www.popodnevnik.hr\/blog\/u-povijesnim-kontroverzama-sucelili-se-ante-nazor-i-branimir-jankovic\/243<\/a><\/p>\n\n\n\n<hr class=\"wp-block-separator\"\/>\n","protected":false},"excerpt":{"rendered":"","protected":false},"author":2,"featured_media":38641,"comment_status":"open","ping_status":"open","sticky":false,"template":"","format":"standard","meta":{"_acf_changed":false,"jetpack_post_was_ever_published":false,"_jetpack_newsletter_access":"","_jetpack_dont_email_post_to_subs":false,"_jetpack_newsletter_tier_id":0,"_jetpack_memberships_contains_paywalled_content":false,"_jetpack_memberships_contains_paid_content":false,"footnotes":"","jetpack_publicize_message":"","jetpack_publicize_feature_enabled":true,"jetpack_social_post_already_shared":true,"jetpack_social_options":{"image_generator_settings":{"template":"highway","default_image_id":0,"font":"","enabled":false},"version":2}},"categories":[3,17],"tags":[],"class_list":["post-38640","post","type-post","status-publish","format-standard","has-post-thumbnail","hentry","category-novosti","category-rasprave"],"acf":{"facebook_opis":""},"jetpack_publicize_connections":[],"jetpack_featured_media_url":"https:\/\/i0.wp.com\/historiografija.hr\/wp-content\/uploads\/2023\/12\/nazor-jankovic.jpg?fit=1024%2C683&ssl=1","jetpack_sharing_enabled":true,"jetpack-related-posts":[],"_links":{"self":[{"href":"https:\/\/historiografija.hr\/index.php?rest_route=\/wp\/v2\/posts\/38640","targetHints":{"allow":["GET"]}}],"collection":[{"href":"https:\/\/historiografija.hr\/index.php?rest_route=\/wp\/v2\/posts"}],"about":[{"href":"https:\/\/historiografija.hr\/index.php?rest_route=\/wp\/v2\/types\/post"}],"author":[{"embeddable":true,"href":"https:\/\/historiografija.hr\/index.php?rest_route=\/wp\/v2\/users\/2"}],"replies":[{"embeddable":true,"href":"https:\/\/historiografija.hr\/index.php?rest_route=%2Fwp%2Fv2%2Fcomments&post=38640"}],"version-history":[{"count":7,"href":"https:\/\/historiografija.hr\/index.php?rest_route=\/wp\/v2\/posts\/38640\/revisions"}],"predecessor-version":[{"id":38958,"href":"https:\/\/historiografija.hr\/index.php?rest_route=\/wp\/v2\/posts\/38640\/revisions\/38958"}],"wp:featuredmedia":[{"embeddable":true,"href":"https:\/\/historiografija.hr\/index.php?rest_route=\/wp\/v2\/media\/38641"}],"wp:attachment":[{"href":"https:\/\/historiografija.hr\/index.php?rest_route=%2Fwp%2Fv2%2Fmedia&parent=38640"}],"wp:term":[{"taxonomy":"category","embeddable":true,"href":"https:\/\/historiografija.hr\/index.php?rest_route=%2Fwp%2Fv2%2Fcategories&post=38640"},{"taxonomy":"post_tag","embeddable":true,"href":"https:\/\/historiografija.hr\/index.php?rest_route=%2Fwp%2Fv2%2Ftags&post=38640"}],"curies":[{"name":"wp","href":"https:\/\/api.w.org\/{rel}","templated":true}]}}