{"id":38635,"date":"2023-12-20T11:44:03","date_gmt":"2023-12-20T11:44:03","guid":{"rendered":"http:\/\/historiografija.hr\/?p=38635"},"modified":"2023-12-20T11:45:29","modified_gmt":"2023-12-20T11:45:29","slug":"poziv-za-sudjelovanje-znanstveno-strucni-skup-povodom-140-obljetnice-rodenja-ivana-mestrovica-1883-1962","status":"publish","type":"post","link":"https:\/\/historiografija.hr\/?p=38635","title":{"rendered":"Poziv za sudjelovanje: Znanstveno-stru\u010dni skup povodom 140. obljetnice ro\u0111enja Ivana Me\u0161trovi\u0107a (1883.-1962.)"},"content":{"rendered":"\n<p>Institut za povijest umjetnosti, Galerija Klovi\u0107evi dvori i Muzeji Ivana Me\u0161trovi\u0107a u sklopu retrospektivne izlo\u017ebe, a povodom 140. obljetnice ro\u0111enja, organiziraju znanstveno-stru\u010dni skup kojem je cilj iznova i iz novih perspektiva sagledati \u017eivotni put i cjelokupno djelovanje Ivana Me\u0161trovi\u0107a (Vrpolje, 1883. \u2013 South Bend, Ind., SAD, 1962.).<\/p>\n\n\n\n<p>Djelo Ivana Me\u0161trovi\u0107a sna\u017eno je obilje\u017eilo hrvatsku umjetnost 20. stolje\u0107a, a posebice kiparstvo. Stvarao je punih \u0161est desetlje\u0107a ostaviv\u0161i neizbrisiv trag svojim javnim spomenicima, arhitektonskim zahvatima, a gotovo da ne postoji va\u017enija umjetni\u010dka zbirka u Hrvatskoj i svijetu koja ne posjeduje njegove radove. Me\u0161trovi\u0107 je aktivno sudjelovao u kreiranju politi\u010dkih zbivanja u prvoj polovici 20. stolje\u0107a te je bio nezaobilazan akter dru\u0161tvene i politi\u010dke scene. Hvaljen i osporavan, sagledavan u stvarala\u010dkim fazama, ali i integralno, njegov je opus do\u017eivio mnogobrojne valorizacije i revalorizacije. Svako je vrijeme Me\u0161trovi\u0107eve skulpture tuma\u010dilo na svoj na\u010din te isticalo vrijednosti i posebnosti. Polje njegova djelovanja i utjecaja vrlo je slo\u017eeno i raznorodno te iziskuje interdisciplinarna istra\u017eivanja i razli\u010dite perspektive. Cilj je skupa okupiti stru\u010dnjake iz razli\u010ditih znanstvenih podru\u010dja i struka, a posebice povjesni\u010dare umjetnosti, koji \u0107e se novim istra\u017eivanjima i spoznajama odmaknuti od ustaljenih sudova i ocjena koje su pratile Me\u0161trovi\u0107ev lik i djelo za njegova \u017eivota, ali i poslije, u razdoblju stru\u010dne i znanstvene valorizacije njegova djelovanja.<\/p>\n\n\n\n<p>U skladu s navedenim, dobrodo\u0161le su prijave koje \u0107e tematizirati razli\u010dite aspekte Me\u0161trovi\u0107eva stvarala\u0161tva u nacionalnom i me\u0111unarodnom kontekstu, njegov \u017eivotni put i njegovu va\u017enost kao nezaobilaznog protagonista dru\u0161tvenog \u017eivota. Posebno \u0107e se cijeniti i prilozi koji \u0107e kriti\u010dki sagledavati dosada\u0161nja tuma\u010denja njegova djelovanja.<\/p>\n\n\n\n<p>Slu\u017ebeni jezici skupa su hrvatski i engleski. O\u010dekuju se izlaganja u trajanju do 15 minuta. Prijave se primaju do ponedjeljka, 22. sije\u010dnja 2024. u 12 sati, a prijavitelji \u0107e o prihva\u0107anju izlaganja biti obavije\u0161teni do 2. velja\u010de 2024. Sudjelovanje se prijavljuje slanjem sa\u017eetka izlaganja opsega do 150 rije\u010di i kratke profesionalne biografije izlaga\u010da opsega do 70 rije\u010di na adrese elektroni\u010dke po\u0161te \u010dlanova organizacijskog odbora Irene Kra\u0161evac (<a href=\"mailto:ikrasevac@ipu.hr\">ikrasevac@ipu.hr<\/a>) i Petra Preloga (<a href=\"mailto:pprelog@ipu.hr\">pprelog@ipu.hr<\/a>.).<\/p>\n\n\n\n<p>Organizatori skupa nisu u mogu\u0107nosti sudionicima nadoknaditi putne tro\u0161kove i tro\u0161ak boravka u Zagrebu. Kotizacija za sudjelovanje na skupu se ne napla\u0107uje.<\/p>\n\n\n\n<p>Organizatori planiraju objavu radova sa skupa u me\u0111unarodno recenziranom zborniku.<\/p>\n\n\n\n<p><strong>Organizatori:<\/strong><\/p>\n\n\n\n<p>Institut za povijest umjetnosti<br>Galerija Klovi\u0107evi dvori<br>Muzeji Ivana Me\u0161trovi\u0107a<\/p>\n\n\n\n<p><strong>Organizacijski odbor:<\/strong><\/p>\n\n\n\n<p>dr. sc. Irena Kra\u0161evac, Institut za povijest umjetnosti, Zagreb<br>izv. prof. dr. sc. Dalibor Pran\u010devi\u0107, Filozofski fakultet Sveu\u010dili\u0161ta u Splitu<br>dr. sc. Petar Prelog, Institut za povijest umjetnosti, Zagreb<br>Iva Sudec Andreis, Galerija Klovi\u0107evi dvori, Zagreb<br>dr. sc. Petra Vugrinec, Galerija Klovi\u0107evi dvori, Zagreb<br>dr. sc. Barbara Vujanovi\u0107, Muzeji Ivana Me\u0161trovi\u0107a, Atelijer Me\u0161trovi\u0107, Zagreb<\/p>\n\n\n\n<p><strong>Tajnice skupa:<\/strong><br>Ana \u0106uri\u0107, Institut za povijest umjetnosti, Zagreb<br>Ana Fistani\u0107, Galerija Klovi\u0107evi dvori, Zagreb<\/p>\n\n\n\n<p><strong>VA\u017dNI PODACI:<\/strong><\/p>\n\n\n\n<p><strong>Rok za prijavu: 22. sije\u010dnja 2024. u 12 sati<br>Prijava slanjem sa\u017eetka i kratke biografije na: <\/strong><a href=\"mailto:ikrasevac@ipu.hr\"><strong>ikrasevac@ipu.hr<\/strong><\/a><strong> i <\/strong><a href=\"mailto:pprelog@ipu.hr\"><strong>pprelog@ipu.hr<\/strong><\/a><br><strong>Obavijest o prihva\u0107anju prijave: 2. velja\u010de 2024.<br>Termin odr\u017eavanja: 26. i 27. velja\u010de 2024.<br>Mjesto odr\u017eavanja: Galerija Klovi\u0107evi dvori, Zagreb<\/strong><\/p>\n\n\n\n<hr class=\"wp-block-separator\"\/>\n\n\n\n<p>Izvori:<\/p>\n\n\n\n<p><a href=\"https:\/\/www.ipu.hr\/article\/hr\/1591\/ivan-mestrovic-hrvatska-i-svijet\">https:\/\/www.ipu.hr\/article\/hr\/1591\/ivan-mestrovic-hrvatska-i-svijet<\/a><\/p>\n\n\n\n<p><a href=\"https:\/\/www.culturenet.hr\/hr\/poziv-za-sudjelovanje-znanstveno-strucni-skup-povodom-140-obljetnice-rodjenja-ivana-mestrovica-1883-1962\/202274\">https:\/\/www.culturenet.hr\/hr\/poziv-za-sudjelovanje-znanstveno-strucni-skup-povodom-140-obljetnice-rodjenja-ivana-mestrovica-1883-1962\/202274<\/a><\/p>\n\n\n\n<hr class=\"wp-block-separator\"\/>\n","protected":false},"excerpt":{"rendered":"","protected":false},"author":2,"featured_media":38637,"comment_status":"open","ping_status":"open","sticky":false,"template":"","format":"standard","meta":{"_acf_changed":false,"jetpack_post_was_ever_published":false,"_jetpack_newsletter_access":"","_jetpack_dont_email_post_to_subs":false,"_jetpack_newsletter_tier_id":0,"_jetpack_memberships_contains_paywalled_content":false,"_jetpack_memberships_contains_paid_content":false,"footnotes":"","jetpack_publicize_message":"","jetpack_publicize_feature_enabled":true,"jetpack_social_post_already_shared":true,"jetpack_social_options":{"image_generator_settings":{"template":"highway","default_image_id":0,"font":"","enabled":false},"version":2}},"categories":[3,9],"tags":[],"class_list":["post-38635","post","type-post","status-publish","format-standard","has-post-thumbnail","hentry","category-novosti","category-skupovi"],"acf":{"facebook_opis":""},"jetpack_publicize_connections":[],"jetpack_featured_media_url":"https:\/\/i0.wp.com\/historiografija.hr\/wp-content\/uploads\/2023\/12\/im-skup.jpg?fit=1755%2C1241&ssl=1","jetpack_sharing_enabled":true,"jetpack-related-posts":[],"_links":{"self":[{"href":"https:\/\/historiografija.hr\/index.php?rest_route=\/wp\/v2\/posts\/38635","targetHints":{"allow":["GET"]}}],"collection":[{"href":"https:\/\/historiografija.hr\/index.php?rest_route=\/wp\/v2\/posts"}],"about":[{"href":"https:\/\/historiografija.hr\/index.php?rest_route=\/wp\/v2\/types\/post"}],"author":[{"embeddable":true,"href":"https:\/\/historiografija.hr\/index.php?rest_route=\/wp\/v2\/users\/2"}],"replies":[{"embeddable":true,"href":"https:\/\/historiografija.hr\/index.php?rest_route=%2Fwp%2Fv2%2Fcomments&post=38635"}],"version-history":[{"count":1,"href":"https:\/\/historiografija.hr\/index.php?rest_route=\/wp\/v2\/posts\/38635\/revisions"}],"predecessor-version":[{"id":38636,"href":"https:\/\/historiografija.hr\/index.php?rest_route=\/wp\/v2\/posts\/38635\/revisions\/38636"}],"wp:featuredmedia":[{"embeddable":true,"href":"https:\/\/historiografija.hr\/index.php?rest_route=\/wp\/v2\/media\/38637"}],"wp:attachment":[{"href":"https:\/\/historiografija.hr\/index.php?rest_route=%2Fwp%2Fv2%2Fmedia&parent=38635"}],"wp:term":[{"taxonomy":"category","embeddable":true,"href":"https:\/\/historiografija.hr\/index.php?rest_route=%2Fwp%2Fv2%2Fcategories&post=38635"},{"taxonomy":"post_tag","embeddable":true,"href":"https:\/\/historiografija.hr\/index.php?rest_route=%2Fwp%2Fv2%2Ftags&post=38635"}],"curies":[{"name":"wp","href":"https:\/\/api.w.org\/{rel}","templated":true}]}}