{"id":38631,"date":"2023-12-20T11:23:22","date_gmt":"2023-12-20T11:23:22","guid":{"rendered":"http:\/\/historiografija.hr\/?p=38631"},"modified":"2023-12-20T11:25:42","modified_gmt":"2023-12-20T11:25:42","slug":"predstavljanje-knjige-ivane-olujic-izmedu-individualnog-i-kolektivnog-iskustva-prvi-svjetski-rat-u-rumunjskom-romanu","status":"publish","type":"post","link":"https:\/\/historiografija.hr\/?p=38631","title":{"rendered":"Predstavljanje knjige Ivane Oluji\u0107 \u201eIzme\u0111u individualnog i kolektivnog iskustva. Prvi svjetski rat u rumunjskom romanu&#8221;"},"content":{"rendered":"\n<p>Predstavljanje knjige Ivane Oluji\u0107 \u201eIzme\u0111u individualnog i kolektivnog iskustva. Prvi svjetski rat u rumunjskom romanu&#8221; odr\u017eat \u0107e se u srijedu, 20. prosinca 2023. u 16.30 sati u Vije\u0107nici Filozofskog fakulteta Sveu\u010dili\u0161ta u Zagrebu. O knjizi \u2013 koja je u cijelosti dostupna u otvorenom pristupu \u2013 govorit \u0107e Maja Zorica i Annemarie Sorescu-Marinkovi\u0107.<\/p>\n\n\n\n<hr class=\"wp-block-separator\"\/>\n\n\n\n<p><strong>Izme\u0111u individualnog i kolektivnog iskustva: Prvi svjetski rat u rumunjskom romanu<\/strong><\/p>\n\n\n\n<p><a href=\"https:\/\/openbooks.ffzg.unizg.hr\/index.php\/FFpress\/catalog\/book\/169\">https:\/\/openbooks.ffzg.unizg.hr\/index.php\/FFpress\/catalog\/book\/169<\/a><\/p>\n\n\n\n<hr class=\"wp-block-separator\"\/>\n","protected":false},"excerpt":{"rendered":"","protected":false},"author":2,"featured_media":38632,"comment_status":"open","ping_status":"open","sticky":false,"template":"","format":"standard","meta":{"_acf_changed":false,"jetpack_post_was_ever_published":false,"_jetpack_newsletter_access":"","_jetpack_dont_email_post_to_subs":false,"_jetpack_newsletter_tier_id":0,"_jetpack_memberships_contains_paywalled_content":false,"_jetpack_memberships_contains_paid_content":false,"footnotes":"","jetpack_publicize_message":"","jetpack_publicize_feature_enabled":true,"jetpack_social_post_already_shared":true,"jetpack_social_options":{"image_generator_settings":{"template":"highway","default_image_id":0,"font":"","enabled":false},"version":2}},"categories":[19,8,3],"tags":[],"class_list":["post-38631","post","type-post","status-publish","format-standard","has-post-thumbnail","hentry","category-e-knjige","category-knjige","category-novosti"],"acf":{"facebook_opis":""},"jetpack_publicize_connections":[],"jetpack_featured_media_url":"https:\/\/i0.wp.com\/historiografija.hr\/wp-content\/uploads\/2023\/12\/Olujic.jpg?fit=492%2C700&ssl=1","jetpack_sharing_enabled":true,"jetpack-related-posts":[],"_links":{"self":[{"href":"https:\/\/historiografija.hr\/index.php?rest_route=\/wp\/v2\/posts\/38631","targetHints":{"allow":["GET"]}}],"collection":[{"href":"https:\/\/historiografija.hr\/index.php?rest_route=\/wp\/v2\/posts"}],"about":[{"href":"https:\/\/historiografija.hr\/index.php?rest_route=\/wp\/v2\/types\/post"}],"author":[{"embeddable":true,"href":"https:\/\/historiografija.hr\/index.php?rest_route=\/wp\/v2\/users\/2"}],"replies":[{"embeddable":true,"href":"https:\/\/historiografija.hr\/index.php?rest_route=%2Fwp%2Fv2%2Fcomments&post=38631"}],"version-history":[{"count":1,"href":"https:\/\/historiografija.hr\/index.php?rest_route=\/wp\/v2\/posts\/38631\/revisions"}],"predecessor-version":[{"id":38633,"href":"https:\/\/historiografija.hr\/index.php?rest_route=\/wp\/v2\/posts\/38631\/revisions\/38633"}],"wp:featuredmedia":[{"embeddable":true,"href":"https:\/\/historiografija.hr\/index.php?rest_route=\/wp\/v2\/media\/38632"}],"wp:attachment":[{"href":"https:\/\/historiografija.hr\/index.php?rest_route=%2Fwp%2Fv2%2Fmedia&parent=38631"}],"wp:term":[{"taxonomy":"category","embeddable":true,"href":"https:\/\/historiografija.hr\/index.php?rest_route=%2Fwp%2Fv2%2Fcategories&post=38631"},{"taxonomy":"post_tag","embeddable":true,"href":"https:\/\/historiografija.hr\/index.php?rest_route=%2Fwp%2Fv2%2Ftags&post=38631"}],"curies":[{"name":"wp","href":"https:\/\/api.w.org\/{rel}","templated":true}]}}