{"id":38596,"date":"2023-12-17T16:53:41","date_gmt":"2023-12-17T16:53:41","guid":{"rendered":"http:\/\/historiografija.hr\/?p=38596"},"modified":"2023-12-28T18:20:09","modified_gmt":"2023-12-28T18:20:09","slug":"hina-prilog-o-povlacenju-udzbenika-povijesti-i-njegovi-medijski-odjeci","status":"publish","type":"post","link":"https:\/\/historiografija.hr\/?p=38596","title":{"rendered":"HINA: Prilog o reakcijama na povla\u010denje ud\u017ebenika povijesti i njegovi medijski odjeci"},"content":{"rendered":"\n<p>Nakon prvih vijesti i komentara na portalu Narod.hr i zatim Telegram.hr, o reagiranju portala Historiografija.hr i cijelom slu\u010daju povla\u010denja ud\u017ebenika povijesti izvijestila je danas u svom prilogu HINA, \u0161to su potom u cijelosti prenijeli gotovo svi mediji u Hrvatskoj. Uslijedili su mnogi upiti medija za izjave i komentare, \u0161to uz tekstove i priop\u0107enja koja smo objavili (poput dana\u0161njeg <a href=\"https:\/\/historiografija.hr\/?p=38592\">teksta<\/a> Snje\u017eane Koren) ili \u0107emo uskoro objaviti na portalu zna\u010di daljnje razvijanje nu\u017ene javne rasprave o svemu tome.<\/p>\n\n\n\n<hr class=\"wp-block-separator\"\/>\n\n\n\n<p><strong>Povu\u010den ud\u017ebenik \u201eZa\u0161to je povijest va\u017ena? 4\u201c<\/strong><\/p>\n\n\n\n<p>ZAGREB, 17. prosinca 2023. (Hina) &#8211; Ministar znanosti i obrazovanja izbrisao je iz Kataloga odobrenih ud\u017ebenika izdanje \u201eZa\u0161to je povijest va\u017ena? 4\u201c trojice autora, \u0161to je jedan od strukovnih portala, historiografija.hr, ocijenio ne samo protivnim \u201epovijesnoj znanosti nego i demokratskom dru\u0161tvu\u201c.<\/p>\n\n\n\n<hr class=\"wp-block-separator\"\/>\n\n\n\n<p>Izvor: <a href=\"https:\/\/www.hina.hr\/vijest\/11492106\">https:\/\/www.hina.hr\/vijest\/11492106<\/a><\/p>\n\n\n\n<hr class=\"wp-block-separator\"\/>\n\n\n\n<p>Mediji koji su prenijeli Hininu vijest:<\/p>\n\n\n\n<p><a href=\"https:\/\/vijesti.hrt.hr\/hrvatska\/povucen-udzbenik-zasto-je-povijest-vazna-4-11209929\">https:\/\/vijesti.hrt.hr\/hrvatska\/povucen-udzbenik-zasto-je-povijest-vazna-4-11209929<\/a><\/p>\n\n\n\n<figure class=\"wp-block-embed-wordpress wp-block-embed is-type-wp-embed is-provider-novi-list\"><div class=\"wp-block-embed__wrapper\">\n<blockquote class=\"wp-embedded-content\" data-secret=\"Ua8GoSEtEc\"><a href=\"https:\/\/www.novilist.hr\/novosti\/hrvatska\/povucen-udzbenik-zasto-je-povijest-vazna-4-dio-strucnjaka-zgrozen\/\">Povu\u010den ud\u017ebenik \u201eZa\u0161to je povijest va\u017ena? 4\u201c. Dio stru\u010dnjaka zgro\u017een<\/a><\/blockquote><iframe loading=\"lazy\" class=\"wp-embedded-content\" sandbox=\"allow-scripts\" security=\"restricted\" style=\"position: absolute; clip: rect(1px, 1px, 1px, 1px);\" title=\"&#8220;Povu\u010den ud\u017ebenik \u201eZa\u0161to je povijest va\u017ena? 4\u201c. Dio stru\u010dnjaka zgro\u017een&#8221; &#8212; Novi list\" src=\"https:\/\/www.novilist.hr\/novosti\/hrvatska\/povucen-udzbenik-zasto-je-povijest-vazna-4-dio-strucnjaka-zgrozen\/embed\/#?secret=qJKg5i76vt#?secret=Ua8GoSEtEc\" data-secret=\"Ua8GoSEtEc\" width=\"600\" height=\"338\" frameborder=\"0\" marginwidth=\"0\" marginheight=\"0\" scrolling=\"no\"><\/iframe>\n<\/div><\/figure>\n\n\n\n<p><a href=\"https:\/\/www.vecernji.hr\/vijesti\/fuchsovo-ministarstvo-povuklo-udzbenike-iz-povijesti-sporni-su-dijelovi-o-tudmanu-i-stepincu-1732117\">https:\/\/www.vecernji.hr\/vijesti\/fuchsovo-ministarstvo-povuklo-udzbenike-iz-povijesti-sporni-su-dijelovi-o-tudmanu-i-stepincu-1732117<\/a><\/p>\n\n\n\n<p><a href=\"https:\/\/www.jutarnji.hr\/vijesti\/hrvatska\/povlacenje-udzbenika-iz-povijesti-problematican-je-dio-o-stvaranju-rh-tudmanu-i-domovinskom-ratu-15405846\">https:\/\/www.jutarnji.hr\/vijesti\/hrvatska\/povlacenje-udzbenika-iz-povijesti-problematican-je-dio-o-stvaranju-rh-tudmanu-i-domovinskom-ratu-15405846<\/a><\/p>\n\n\n\n<p><a href=\"https:\/\/www.24sata.hr\/news\/ministarstvo-povuklo-udzbenik-zasto-je-povijest-vazna-4-953442\/komentari\">https:\/\/www.24sata.hr\/news\/ministarstvo-povuklo-udzbenik-zasto-je-povijest-vazna-4-953442\/komentari<\/a><\/p>\n\n\n\n<p><a href=\"https:\/\/www.tportal.hr\/vijesti\/clanak\/novi-skandal-fuchs-povukao-udzbenik-iz-povijesti-sporni-dijelovi-o-tudmanu-i-stepincu-foto-20231217\">https:\/\/www.tportal.hr\/vijesti\/clanak\/novi-skandal-fuchs-povukao-udzbenik-iz-povijesti-sporni-dijelovi-o-tudmanu-i-stepincu-foto-20231217<\/a><\/p>\n\n\n\n<p><a href=\"https:\/\/net.hr\/danas\/hrvatska\/povucen-udzbenik-iz-povijesti-bez-puno-obrazlozenja-problematican-dijelovi-stvaranje-hrvatske-tudman-ali-i-stepinac-0d647bd0-9cba-11ee-b0a4-2af5a34a62d7\">https:\/\/net.hr\/danas\/hrvatska\/povucen-udzbenik-iz-povijesti-bez-puno-obrazlozenja-problematican-dijelovi-stvaranje-hrvatske-tudman-ali-i-stepinac-0d647bd0-9cba-11ee-b0a4-2af5a34a62d7<\/a><\/p>\n\n\n\n<figure class=\"wp-block-embed-wordpress wp-block-embed is-type-wp-embed is-provider-nacional-hr\"><div class=\"wp-block-embed__wrapper\">\n<blockquote class=\"wp-embedded-content\" data-secret=\"P73ncYTPcc\"><a href=\"https:\/\/www.nacional.hr\/povucen-udzbenik-iz-povijesti-zasto-zalili-se-petir-nazor\/\">Povu\u010den ud\u017ebenik iz povijesti. Za\u0161to? \u017dalili se Petir, Nazor&#8230; Povjesni\u010dar: Skandalozno<\/a><\/blockquote><iframe loading=\"lazy\" class=\"wp-embedded-content\" sandbox=\"allow-scripts\" security=\"restricted\" style=\"position: absolute; clip: rect(1px, 1px, 1px, 1px);\" title=\"&#8220;Povu\u010den ud\u017ebenik iz povijesti. Za\u0161to? \u017dalili se Petir, Nazor&#8230; Povjesni\u010dar: Skandalozno&#8221; &#8212; NACIONAL.HR\" src=\"https:\/\/www.nacional.hr\/povucen-udzbenik-iz-povijesti-zasto-zalili-se-petir-nazor\/embed\/#?secret=QkzgJiq0Ht#?secret=P73ncYTPcc\" data-secret=\"P73ncYTPcc\" width=\"600\" height=\"338\" frameborder=\"0\" marginwidth=\"0\" marginheight=\"0\" scrolling=\"no\"><\/iframe>\n<\/div><\/figure>\n\n\n\n<p><a href=\"https:\/\/www.index.hr\/vijesti\/clanak\/povucen-udzbenik-koji-je-smetao-portalu-zeljke-markic-docent-ovo-je-skandalozno\/2521594.aspx\">https:\/\/www.index.hr\/vijesti\/clanak\/povucen-udzbenik-koji-je-smetao-portalu-zeljke-markic-docent-ovo-je-skandalozno\/2521594.aspx<\/a><\/p>\n\n\n\n<figure class=\"wp-block-embed-wordpress wp-block-embed is-type-wp-embed is-provider-dnevno-hr\"><div class=\"wp-block-embed__wrapper\">\n<blockquote class=\"wp-embedded-content\" data-secret=\"2ReyV9GQwu\"><a href=\"https:\/\/www.dnevno.hr\/vijesti\/skandal-u-ministarstvu-povucen-udzbenik-iz-povijesti-problematicni-stepinac-i-tudman-2291227\/\">Skandal u ministarstvu: Povu\u010den ud\u017ebenik iz povijesti, problemati\u010dni Stepinac i Tu\u0111man<\/a><\/blockquote><iframe loading=\"lazy\" class=\"wp-embedded-content\" sandbox=\"allow-scripts\" security=\"restricted\" style=\"position: absolute; clip: rect(1px, 1px, 1px, 1px);\" title=\"&#8220;Skandal u ministarstvu: Povu\u010den ud\u017ebenik iz povijesti, problemati\u010dni Stepinac i Tu\u0111man&#8221; &#8212; Dnevno.hr\" src=\"https:\/\/www.dnevno.hr\/vijesti\/skandal-u-ministarstvu-povucen-udzbenik-iz-povijesti-problematicni-stepinac-i-tudman-2291227\/embed\/#?secret=QlK8GdlECL#?secret=2ReyV9GQwu\" data-secret=\"2ReyV9GQwu\" width=\"600\" height=\"338\" frameborder=\"0\" marginwidth=\"0\" marginheight=\"0\" scrolling=\"no\"><\/iframe>\n<\/div><\/figure>\n\n\n\n<p><a href=\"https:\/\/direktno.hr\/domovina\/ministarstvo-povuklo-kljucni-potez-oko-spornog-udzbenika-iz-povijesti-mnogima-ce-odgovarati-333592\/\">https:\/\/direktno.hr\/domovina\/ministarstvo-povuklo-kljucni-potez-oko-spornog-udzbenika-iz-povijesti-mnogima-ce-odgovarati-333592\/<\/a><\/p>\n\n\n\n<hr class=\"wp-block-separator\"\/>\n","protected":false},"excerpt":{"rendered":"","protected":false},"author":2,"featured_media":38747,"comment_status":"open","ping_status":"open","sticky":false,"template":"","format":"standard","meta":{"_acf_changed":false,"jetpack_post_was_ever_published":false,"_jetpack_newsletter_access":"","_jetpack_dont_email_post_to_subs":false,"_jetpack_newsletter_tier_id":0,"_jetpack_memberships_contains_paywalled_content":false,"_jetpack_memberships_contains_paid_content":false,"footnotes":"","jetpack_publicize_message":"","jetpack_publicize_feature_enabled":true,"jetpack_social_post_already_shared":true,"jetpack_social_options":{"image_generator_settings":{"template":"highway","default_image_id":0,"font":"","enabled":false},"version":2}},"categories":[3,17],"tags":[],"class_list":["post-38596","post","type-post","status-publish","format-standard","has-post-thumbnail","hentry","category-novosti","category-rasprave"],"acf":{"facebook_opis":""},"jetpack_publicize_connections":[],"jetpack_featured_media_url":"https:\/\/i0.wp.com\/historiografija.hr\/wp-content\/uploads\/2023\/12\/Zasto-je-povijest-vazna-1.jpg?fit=652%2C486&ssl=1","jetpack_sharing_enabled":true,"jetpack-related-posts":[],"_links":{"self":[{"href":"https:\/\/historiografija.hr\/index.php?rest_route=\/wp\/v2\/posts\/38596","targetHints":{"allow":["GET"]}}],"collection":[{"href":"https:\/\/historiografija.hr\/index.php?rest_route=\/wp\/v2\/posts"}],"about":[{"href":"https:\/\/historiografija.hr\/index.php?rest_route=\/wp\/v2\/types\/post"}],"author":[{"embeddable":true,"href":"https:\/\/historiografija.hr\/index.php?rest_route=\/wp\/v2\/users\/2"}],"replies":[{"embeddable":true,"href":"https:\/\/historiografija.hr\/index.php?rest_route=%2Fwp%2Fv2%2Fcomments&post=38596"}],"version-history":[{"count":8,"href":"https:\/\/historiografija.hr\/index.php?rest_route=\/wp\/v2\/posts\/38596\/revisions"}],"predecessor-version":[{"id":38604,"href":"https:\/\/historiografija.hr\/index.php?rest_route=\/wp\/v2\/posts\/38596\/revisions\/38604"}],"wp:featuredmedia":[{"embeddable":true,"href":"https:\/\/historiografija.hr\/index.php?rest_route=\/wp\/v2\/media\/38747"}],"wp:attachment":[{"href":"https:\/\/historiografija.hr\/index.php?rest_route=%2Fwp%2Fv2%2Fmedia&parent=38596"}],"wp:term":[{"taxonomy":"category","embeddable":true,"href":"https:\/\/historiografija.hr\/index.php?rest_route=%2Fwp%2Fv2%2Fcategories&post=38596"},{"taxonomy":"post_tag","embeddable":true,"href":"https:\/\/historiografija.hr\/index.php?rest_route=%2Fwp%2Fv2%2Ftags&post=38596"}],"curies":[{"name":"wp","href":"https:\/\/api.w.org\/{rel}","templated":true}]}}