{"id":38585,"date":"2023-12-15T22:03:14","date_gmt":"2023-12-15T22:03:14","guid":{"rendered":"http:\/\/historiografija.hr\/?p=38585"},"modified":"2023-12-28T18:20:38","modified_gmt":"2023-12-28T18:20:38","slug":"polemicki-prilozi-u-medijima-povodom-reagiranja-portala-historiografija-hr-na-neosnovano-povlacenje-udzbenika-povijesti","status":"publish","type":"post","link":"https:\/\/historiografija.hr\/?p=38585","title":{"rendered":"Polemi\u010dki prilozi u medijima povodom reagiranja portala Historiografija.hr na neosnovano povla\u010denje ud\u017ebenika povijesti"},"content":{"rendered":"\n<p>Nakon <a href=\"https:\/\/historiografija.hr\/?p=38553\">reagiranja<\/a> portala Historiografija.hr uslijedio je polemi\u010dki prilog portala Telegram.hr, na koji je reagirao portal Narod.hr, a objavljeni su i novi komentari na portalu Telegram.hr i Narod.hr. Vjerujemo da \u0107e biti jo\u0161 priloga i u drugim medijima, na koje \u0107emo ovdje upu\u0107ivati. Na portalu Historiografija.hr planiramo objaviti tekstove Snje\u017eane Koren i Branimira Jankovi\u0107a te najavljivano priop\u0107enje \u010dijim potpisom \u0107ete mo\u0107i dati svoj glas o ovome slu\u010daju. Paralelno s tim poticat \u0107emo slobodnu javnu raspravu ne samo o ovom ud\u017ebeniku (koja je njemu potpuno uskra\u0107ena) nego i o svim aspektima problematike ud\u017ebenika povijesti i nastave povijesti kao i uloge historiografije i samih povjesni\u010dara. Pritom \u0107emo na portalu Historiografija.hr otvoriti prostor svim zainteresiranim povjesni\u010darima i povjesni\u010darkama te drugim stru\u010dnjacima da se uklju\u010de u javnu raspravu svojim prilozima, a pozivamo i medije i stru\u010dne \u010dasopise da im tako\u0111er otvore svoja vrata o ovoj iznimno va\u017enoj stru\u010dnoj i dru\u0161tvenoj temi.<\/p>\n\n\n\n<hr class=\"wp-block-separator\"\/>\n\n\n\n<p>Polemi\u010dki prilozi u medijima:<\/p>\n\n\n\n<p><a href=\"https:\/\/www.telegram.hr\/politika-kriminal\/nakon-kampanje-marijane-petir-i-portala-zeljke-markic-ministar-povukao-udzbenik-iz-povijesti-za-gimnazije\/\">https:\/\/www.telegram.hr\/politika-kriminal\/nakon-kampanje-marijane-petir-i-portala-zeljke-markic-ministar-povukao-udzbenik-iz-povijesti-za-gimnazije\/<\/a><\/p>\n\n\n\n<figure class=\"wp-block-embed-wordpress wp-block-embed is-type-wp-embed is-provider-narod-hr\"><div class=\"wp-block-embed__wrapper\">\n<blockquote class=\"wp-embedded-content\" data-secret=\"BGb3Mnaj1v\"><a href=\"https:\/\/narod.hr\/hrvatska\/jakov-blagojevic-reakcija-na-telegramov-pokusaj-obrane-povucenog-udzbenika\">Jakov Blagojevi\u0107: Reakcija na Telegramov poku\u0161aj obrane povu\u010denog ud\u017ebenika<\/a><\/blockquote><iframe loading=\"lazy\" class=\"wp-embedded-content\" sandbox=\"allow-scripts\" security=\"restricted\" style=\"position: absolute; clip: rect(1px, 1px, 1px, 1px);\" title=\"&#8220;Jakov Blagojevi\u0107: Reakcija na Telegramov poku\u0161aj obrane povu\u010denog ud\u017ebenika&#8221; &#8212; narod.hr\" src=\"https:\/\/narod.hr\/hrvatska\/jakov-blagojevic-reakcija-na-telegramov-pokusaj-obrane-povucenog-udzbenika\/embed#?secret=492lMC247l#?secret=BGb3Mnaj1v\" data-secret=\"BGb3Mnaj1v\" width=\"600\" height=\"338\" frameborder=\"0\" marginwidth=\"0\" marginheight=\"0\" scrolling=\"no\"><\/iframe>\n<\/div><\/figure>\n\n\n\n<p><a href=\"https:\/\/www.telegram.hr\/komentari\/sustav-obrazovanja-ureduju-nam-tvrdi-konzervatici-ovo-izbacivanje-udzbenika-iz-povijesti-samo-im-je-nova-pobjeda\/\">https:\/\/www.telegram.hr\/komentari\/sustav-obrazovanja-ureduju-nam-tvrdi-konzervatici-ovo-izbacivanje-udzbenika-iz-povijesti-samo-im-je-nova-pobjeda\/<\/a><\/p>\n\n\n\n<figure class=\"wp-block-embed-wordpress wp-block-embed is-type-wp-embed is-provider-narod-hr\"><div class=\"wp-block-embed__wrapper\">\n<blockquote class=\"wp-embedded-content\" data-secret=\"DQ6wIE9moe\"><a href=\"https:\/\/narod.hr\/hrvatska\/procitajte-kako-se-recenzent-povucenog-udzbenika-brani-u-komentarima-na-portalu-narod-hr\">Pro\u010ditajte kako se recenzent povu\u010denog ud\u017ebenika brani u komentarima na portalu Narod.hr<\/a><\/blockquote><iframe loading=\"lazy\" class=\"wp-embedded-content\" sandbox=\"allow-scripts\" security=\"restricted\" style=\"position: absolute; clip: rect(1px, 1px, 1px, 1px);\" title=\"&#8220;Pro\u010ditajte kako se recenzent povu\u010denog ud\u017ebenika brani u komentarima na portalu Narod.hr&#8221; &#8212; narod.hr\" src=\"https:\/\/narod.hr\/hrvatska\/procitajte-kako-se-recenzent-povucenog-udzbenika-brani-u-komentarima-na-portalu-narod-hr\/embed#?secret=7XGTsLpfms#?secret=DQ6wIE9moe\" data-secret=\"DQ6wIE9moe\" width=\"600\" height=\"338\" frameborder=\"0\" marginwidth=\"0\" marginheight=\"0\" scrolling=\"no\"><\/iframe>\n<\/div><\/figure>\n\n\n\n<hr class=\"wp-block-separator\"\/>\n","protected":false},"excerpt":{"rendered":"","protected":false},"author":2,"featured_media":38747,"comment_status":"open","ping_status":"open","sticky":false,"template":"","format":"standard","meta":{"_acf_changed":false,"jetpack_post_was_ever_published":false,"_jetpack_newsletter_access":"","_jetpack_dont_email_post_to_subs":false,"_jetpack_newsletter_tier_id":0,"_jetpack_memberships_contains_paywalled_content":false,"_jetpack_memberships_contains_paid_content":false,"footnotes":"","jetpack_publicize_message":"","jetpack_publicize_feature_enabled":true,"jetpack_social_post_already_shared":true,"jetpack_social_options":{"image_generator_settings":{"template":"highway","default_image_id":0,"font":"","enabled":false},"version":2}},"categories":[3,17],"tags":[],"class_list":["post-38585","post","type-post","status-publish","format-standard","has-post-thumbnail","hentry","category-novosti","category-rasprave"],"acf":{"facebook_opis":""},"jetpack_publicize_connections":[],"jetpack_featured_media_url":"https:\/\/i0.wp.com\/historiografija.hr\/wp-content\/uploads\/2023\/12\/Zasto-je-povijest-vazna-1.jpg?fit=652%2C486&ssl=1","jetpack_sharing_enabled":true,"jetpack-related-posts":[],"_links":{"self":[{"href":"https:\/\/historiografija.hr\/index.php?rest_route=\/wp\/v2\/posts\/38585","targetHints":{"allow":["GET"]}}],"collection":[{"href":"https:\/\/historiografija.hr\/index.php?rest_route=\/wp\/v2\/posts"}],"about":[{"href":"https:\/\/historiografija.hr\/index.php?rest_route=\/wp\/v2\/types\/post"}],"author":[{"embeddable":true,"href":"https:\/\/historiografija.hr\/index.php?rest_route=\/wp\/v2\/users\/2"}],"replies":[{"embeddable":true,"href":"https:\/\/historiografija.hr\/index.php?rest_route=%2Fwp%2Fv2%2Fcomments&post=38585"}],"version-history":[{"count":6,"href":"https:\/\/historiografija.hr\/index.php?rest_route=\/wp\/v2\/posts\/38585\/revisions"}],"predecessor-version":[{"id":38591,"href":"https:\/\/historiografija.hr\/index.php?rest_route=\/wp\/v2\/posts\/38585\/revisions\/38591"}],"wp:featuredmedia":[{"embeddable":true,"href":"https:\/\/historiografija.hr\/index.php?rest_route=\/wp\/v2\/media\/38747"}],"wp:attachment":[{"href":"https:\/\/historiografija.hr\/index.php?rest_route=%2Fwp%2Fv2%2Fmedia&parent=38585"}],"wp:term":[{"taxonomy":"category","embeddable":true,"href":"https:\/\/historiografija.hr\/index.php?rest_route=%2Fwp%2Fv2%2Fcategories&post=38585"},{"taxonomy":"post_tag","embeddable":true,"href":"https:\/\/historiografija.hr\/index.php?rest_route=%2Fwp%2Fv2%2Ftags&post=38585"}],"curies":[{"name":"wp","href":"https:\/\/api.w.org\/{rel}","templated":true}]}}