{"id":38553,"date":"2023-12-13T22:55:22","date_gmt":"2023-12-13T22:55:22","guid":{"rendered":"http:\/\/historiografija.hr\/?p=38553"},"modified":"2023-12-30T13:31:56","modified_gmt":"2023-12-30T13:31:56","slug":"povodom-povlacenje-iz-upotrebe-nepodobnih-udzbenika-povijesti","status":"publish","type":"post","link":"https:\/\/historiografija.hr\/?p=38553","title":{"rendered":"Povodom povla\u010denja iz upotrebe nepodobnog ud\u017ebenika povijesti"},"content":{"rendered":"\n<p>Portal Narod.hr objavio je skandaloznu vijest da je nakon pritu\u017ebi politi\u010darke Marijane Petir (!) i nekih povjesni\u010dara Ministarstvo znanosti i obrazovanja na osnovu zatra\u017eenog stru\u010dnog mi\u0161ljenja Agencije za odgoj i obrazovanje povuklo prethodno ve\u0107 odobreni ud\u017ebenik povijesti za u\u010denike 4. razreda gimnazije Miljenka Hajdarovi\u0107a, Vedrana Risti\u0107a i Nikice Torbice. <\/p>\n\n\n\n<p>Svima je naravno jasno da se iza pozivanja na pogre\u0161ke u ud\u017ebeniku, dovo\u0111enja u pitanje stru\u010dnosti recenzenata i sl. zapravo radi o spre\u010davanju druga\u010dijih pogleda na o\u010dito strogo propisana tuma\u010denja Domovinskog rata i nekih drugih tema iz hrvatske povijesti. Sve je jasno i ako se pogleda na\u010din na koji portal Narod.hr uobi\u010dajeno \u201edemokratski\u201c i bez ikakve sumnje manipulativno u njemu svojstvenoj maniri lin\u010da pi\u0161e o tome tko su ti \u201enepodobni\u201c autori i recenzenti koji su dopustili takav jedan druga\u010diji pogled. Medijski legitimitet svemu tome ponovno je dao povjesni\u010dar Ante Nazor, poznati \u201eborac\u201c za promoviranje pluralizma u pogledima na Domovinski rat. &nbsp; <\/p>\n\n\n\n<p>Povla\u010denja ud\u017ebenika povijesti i brojnih napada na njihove autorice i autore bilo je na\u017ealost i prije, ali ne\u0107emo se s ovim tako lako pomiriti. To \u0107e sada biti prioritetna tema na portalu Historiografija.hr. Objavljivat \u0107emo odgovore i komentare, a planiramo i priop\u0107enje u kojem \u0107emo na online potpisivanje pozvati one profesionalne povjesni\u010dare, nastavnike povijesti i diplomirane povjesni\u010dare koji se ne sla\u017eu s time i ne pristaju na takvo tretiranje povijesne struke i njezine autonomije. Progla\u0161avanje odre\u0111enih tuma\u010denja povijesti prakti\u010dki nepodobnim i time spre\u010davanje pluralizma pogleda na povijesne kontroverze ne samo da je protivno povijesnoj znanosti nego i demokratskom dru\u0161tvu. Niti \u0107e ikad biti prihva\u0107eno u me\u0111unarodnoj historiografiji i nastavi povijesti. Ma koliko poku\u0161avali, razli\u010dite poglede na povijest nije mogu\u0107e zaustaviti.<\/p>\n\n\n\n<p>(Branimir Jankovi\u0107, urednik portala Historiografija.hr)<\/p>\n\n\n\n<hr class=\"wp-block-separator\"\/>\n\n\n\n<p>Iz medija:<\/p>\n\n\n\n<figure class=\"wp-block-embed-wordpress wp-block-embed is-type-wp-embed is-provider-narod-hr\"><div class=\"wp-block-embed__wrapper\">\n<blockquote class=\"wp-embedded-content\" data-secret=\"aM8DiElEhL\"><a href=\"https:\/\/narod.hr\/hrvatska\/nakon-pisanja-portala-narod-hr-i-kritika-strucnjaka-ministarstvo-povuklo-sporni-udzbenik-povijesti\">Nakon pisanja portala Narod.hr i kritika stru\u010dnjaka: Ministarstvo povuklo sporni ud\u017ebenik povijesti<\/a><\/blockquote><iframe loading=\"lazy\" class=\"wp-embedded-content\" sandbox=\"allow-scripts\" security=\"restricted\" style=\"position: absolute; clip: rect(1px, 1px, 1px, 1px);\" title=\"&#8220;Nakon pisanja portala Narod.hr i kritika stru\u010dnjaka: Ministarstvo povuklo sporni ud\u017ebenik povijesti&#8221; &#8212; narod.hr\" src=\"https:\/\/narod.hr\/hrvatska\/nakon-pisanja-portala-narod-hr-i-kritika-strucnjaka-ministarstvo-povuklo-sporni-udzbenik-povijesti\/embed#?secret=3PZYhOtQOT#?secret=aM8DiElEhL\" data-secret=\"aM8DiElEhL\" width=\"600\" height=\"338\" frameborder=\"0\" marginwidth=\"0\" marginheight=\"0\" scrolling=\"no\"><\/iframe>\n<\/div><\/figure>\n\n\n\n<figure class=\"wp-block-embed-wordpress wp-block-embed is-type-wp-embed is-provider-narod-hr\"><div class=\"wp-block-embed__wrapper\">\n<blockquote class=\"wp-embedded-content\" data-secret=\"bP3TunS7EV\"><a href=\"https:\/\/narod.hr\/hrvatska\/tko-je-autor-povucenog-udzbenika-povijesti-miljenko-hajdarovic\">Tko je autor povu\u010denog ud\u017ebenika povijesti &#8211; Miljenko Hajdarovi\u0107?<\/a><\/blockquote><iframe loading=\"lazy\" class=\"wp-embedded-content\" sandbox=\"allow-scripts\" security=\"restricted\" style=\"position: absolute; clip: rect(1px, 1px, 1px, 1px);\" title=\"&#8220;Tko je autor povu\u010denog ud\u017ebenika povijesti &#8211; Miljenko Hajdarovi\u0107?&#8221; &#8212; narod.hr\" src=\"https:\/\/narod.hr\/hrvatska\/tko-je-autor-povucenog-udzbenika-povijesti-miljenko-hajdarovic\/embed#?secret=NvbeXxOtZu#?secret=bP3TunS7EV\" data-secret=\"bP3TunS7EV\" width=\"600\" height=\"338\" frameborder=\"0\" marginwidth=\"0\" marginheight=\"0\" scrolling=\"no\"><\/iframe>\n<\/div><\/figure>\n\n\n\n<figure class=\"wp-block-embed-wordpress wp-block-embed is-type-wp-embed is-provider-narod-hr\"><div class=\"wp-block-embed__wrapper\">\n<blockquote class=\"wp-embedded-content\" data-secret=\"gMW7wQXJiE\"><a href=\"https:\/\/narod.hr\/hrvatska\/povuceni-udzbenik-povijesti-kakvu-odgovornost-snose-recenzenti-profil-kletti-i-mzo-a\">Povu\u010deni ud\u017ebenik povijesti: Kakvu odgovornost snose recenzenti Profil Kletti i MZO-a?<\/a><\/blockquote><iframe loading=\"lazy\" class=\"wp-embedded-content\" sandbox=\"allow-scripts\" security=\"restricted\" style=\"position: absolute; clip: rect(1px, 1px, 1px, 1px);\" title=\"&#8220;Povu\u010deni ud\u017ebenik povijesti: Kakvu odgovornost snose recenzenti Profil Kletti i MZO-a?&#8221; &#8212; narod.hr\" src=\"https:\/\/narod.hr\/hrvatska\/povuceni-udzbenik-povijesti-kakvu-odgovornost-snose-recenzenti-profil-kletti-i-mzo-a\/embed#?secret=tsjIdjwMql#?secret=gMW7wQXJiE\" data-secret=\"gMW7wQXJiE\" width=\"600\" height=\"338\" frameborder=\"0\" marginwidth=\"0\" marginheight=\"0\" scrolling=\"no\"><\/iframe>\n<\/div><\/figure>\n\n\n\n<figure class=\"wp-block-embed-wordpress wp-block-embed is-type-wp-embed is-provider-narod-hr\"><div class=\"wp-block-embed__wrapper\">\n<blockquote class=\"wp-embedded-content\" data-secret=\"VAbVc6te1f\"><a href=\"https:\/\/narod.hr\/hrvatska\/u-izdanju-profila-klett-tko-su-uz-hajdarovica-autori-i-recenzenti-ostalih-udzbenika-povijesti\">U izdanju Profila Klett: Tko su, uz Hajdarovi\u0107a, autori i recenzenti ostalih ud\u017ebenika povijesti?<\/a><\/blockquote><iframe loading=\"lazy\" class=\"wp-embedded-content\" sandbox=\"allow-scripts\" security=\"restricted\" style=\"position: absolute; clip: rect(1px, 1px, 1px, 1px);\" title=\"&#8220;U izdanju Profila Klett: Tko su, uz Hajdarovi\u0107a, autori i recenzenti ostalih ud\u017ebenika povijesti?&#8221; &#8212; narod.hr\" src=\"https:\/\/narod.hr\/hrvatska\/u-izdanju-profila-klett-tko-su-uz-hajdarovica-autori-i-recenzenti-ostalih-udzbenika-povijesti\/embed#?secret=Sika3BXvKt#?secret=VAbVc6te1f\" data-secret=\"VAbVc6te1f\" width=\"600\" height=\"338\" frameborder=\"0\" marginwidth=\"0\" marginheight=\"0\" scrolling=\"no\"><\/iframe>\n<\/div><\/figure>\n\n\n\n<figure class=\"wp-block-embed-wordpress wp-block-embed is-type-wp-embed is-provider-narod-hr\"><div class=\"wp-block-embed__wrapper\">\n<blockquote class=\"wp-embedded-content\" data-secret=\"9rBCJZgoqU\"><a href=\"https:\/\/narod.hr\/hrvatska\/ministarstvo-se-konacno-oglasilo-o-povucenom-udzbeniku-povijesti-ali-rjesenje-nam-jos-nisu-dostavili\">Ministarstvo se kona\u010dno oglasilo o povu\u010denom ud\u017ebeniku povijesti, o svojim recenzentima \u0161uti<\/a><\/blockquote><iframe loading=\"lazy\" class=\"wp-embedded-content\" sandbox=\"allow-scripts\" security=\"restricted\" style=\"position: absolute; clip: rect(1px, 1px, 1px, 1px);\" title=\"&#8220;Ministarstvo se kona\u010dno oglasilo o povu\u010denom ud\u017ebeniku povijesti, o svojim recenzentima \u0161uti&#8221; &#8212; narod.hr\" src=\"https:\/\/narod.hr\/hrvatska\/ministarstvo-se-konacno-oglasilo-o-povucenom-udzbeniku-povijesti-ali-rjesenje-nam-jos-nisu-dostavili\/embed#?secret=boKQMsosDy#?secret=9rBCJZgoqU\" data-secret=\"9rBCJZgoqU\" width=\"600\" height=\"338\" frameborder=\"0\" marginwidth=\"0\" marginheight=\"0\" scrolling=\"no\"><\/iframe>\n<\/div><\/figure>\n\n\n\n<hr class=\"wp-block-separator\"\/>\n\n\n\n<figure class=\"wp-block-embed-wordpress wp-block-embed is-type-wp-embed is-provider-narod-hr\"><div class=\"wp-block-embed__wrapper\">\n<blockquote class=\"wp-embedded-content\" data-secret=\"rp8kNPrGh9\"><a href=\"https:\/\/narod.hr\/hrvatska\/prof-nazor-u-velikoj-analizi-za-narod-hr-pogledajte-sto-gimnazijalci-uce-o-stepincu-milki-planinc-a-tek-o-domovinskom-ratu\">Prof. Nazor u velikoj analizi za Narod.hr: Pogledajte \u0161to gimnazijalci u\u010de o Stepincu, Milki Planinc, a tek o Domovinskom ratu<\/a><\/blockquote><iframe loading=\"lazy\" class=\"wp-embedded-content\" sandbox=\"allow-scripts\" security=\"restricted\" style=\"position: absolute; clip: rect(1px, 1px, 1px, 1px);\" title=\"&#8220;Prof. Nazor u velikoj analizi za Narod.hr: Pogledajte \u0161to gimnazijalci u\u010de o Stepincu, Milki Planinc, a tek o Domovinskom ratu&#8221; &#8212; narod.hr\" src=\"https:\/\/narod.hr\/hrvatska\/prof-nazor-u-velikoj-analizi-za-narod-hr-pogledajte-sto-gimnazijalci-uce-o-stepincu-milki-planinc-a-tek-o-domovinskom-ratu\/embed#?secret=NNaAkH9932#?secret=rp8kNPrGh9\" data-secret=\"rp8kNPrGh9\" width=\"600\" height=\"338\" frameborder=\"0\" marginwidth=\"0\" marginheight=\"0\" scrolling=\"no\"><\/iframe>\n<\/div><\/figure>\n\n\n\n<p><a href=\"https:\/\/direktno.hr\/direkt\/nazor-upozorio-na-iskrivljenu-povijest-u-skolskom-udzbeniku-vjeruju-da-je-stepinac-zlocinac-333344\/\">https:\/\/direktno.hr\/direkt\/nazor-upozorio-na-iskrivljenu-povijest-u-skolskom-udzbeniku-vjeruju-da-je-stepinac-zlocinac-333344\/<\/a><\/p>\n\n\n\n<figure class=\"wp-block-embed-wordpress wp-block-embed is-type-wp-embed is-provider-narod-hr\"><div class=\"wp-block-embed__wrapper\">\n<blockquote class=\"wp-embedded-content\" data-secret=\"qoDUmZajll\"><a href=\"https:\/\/narod.hr\/hrvatska\/dr-sc-janja-sekula-o-faktografskoj-pogresci-o-domovinskom-ratu-u-udzbeniku-povijesti\">Dr. sc. Janja Sekula o faktografskoj pogre\u0161ci o Domovinskom ratu u ud\u017ebeniku povijesti<\/a><\/blockquote><iframe loading=\"lazy\" class=\"wp-embedded-content\" sandbox=\"allow-scripts\" security=\"restricted\" style=\"position: absolute; clip: rect(1px, 1px, 1px, 1px);\" title=\"&#8220;Dr. sc. Janja Sekula o faktografskoj pogre\u0161ci o Domovinskom ratu u ud\u017ebeniku povijesti&#8221; &#8212; narod.hr\" src=\"https:\/\/narod.hr\/hrvatska\/dr-sc-janja-sekula-o-faktografskoj-pogresci-o-domovinskom-ratu-u-udzbeniku-povijesti\/embed#?secret=Yv08bUQwUk#?secret=qoDUmZajll\" data-secret=\"qoDUmZajll\" width=\"600\" height=\"338\" frameborder=\"0\" marginwidth=\"0\" marginheight=\"0\" scrolling=\"no\"><\/iframe>\n<\/div><\/figure>\n\n\n\n<p><a href=\"https:\/\/identitet.hr\/prikaz-pocetaka-i-uzroka-domovinskog-rata-u-udzbenicima-povijesti\/\">https:\/\/identitet.hr\/prikaz-pocetaka-i-uzroka-domovinskog-rata-u-udzbenicima-povijesti\/<\/a><\/p>\n\n\n\n<figure class=\"wp-block-embed-wordpress wp-block-embed is-type-wp-embed is-provider-narod-hr\"><div class=\"wp-block-embed__wrapper\">\n<blockquote class=\"wp-embedded-content\" data-secret=\"9pVbhHwD8v\"><a href=\"https:\/\/narod.hr\/hrvatska\/zasto-mzo-prihvaca-pokusaj-hajdarovica-i-dr-u-manipulaciji-prikaza-povijesnih-dogadaja\">Za\u0161to MZO prihva\u0107a poku\u0161aj Hajdarovi\u0107a i dr. u manipulaciji prikaza povijesnih doga\u0111aja?<\/a><\/blockquote><iframe loading=\"lazy\" class=\"wp-embedded-content\" sandbox=\"allow-scripts\" security=\"restricted\" style=\"position: absolute; clip: rect(1px, 1px, 1px, 1px);\" title=\"&#8220;Za\u0161to MZO prihva\u0107a poku\u0161aj Hajdarovi\u0107a i dr. u manipulaciji prikaza povijesnih doga\u0111aja?&#8221; &#8212; narod.hr\" src=\"https:\/\/narod.hr\/hrvatska\/zasto-mzo-prihvaca-pokusaj-hajdarovica-i-dr-u-manipulaciji-prikaza-povijesnih-dogadaja\/embed#?secret=YJnWSmcAuI#?secret=9pVbhHwD8v\" data-secret=\"9pVbhHwD8v\" width=\"600\" height=\"338\" frameborder=\"0\" marginwidth=\"0\" marginheight=\"0\" scrolling=\"no\"><\/iframe>\n<\/div><\/figure>\n\n\n\n<hr class=\"wp-block-separator\"\/>\n\n\n\n<figure class=\"wp-block-embed-wordpress wp-block-embed is-type-wp-embed is-provider-braniteljski-portal\"><div class=\"wp-block-embed__wrapper\">\n<blockquote class=\"wp-embedded-content\" data-secret=\"g9Dt34rtiz\"><a href=\"https:\/\/www.braniteljski-portal.hr\/lazi-o-domovinskom-ratu-udzbeniku-povijesti-za-4-razred-gimnazije\/\">LA\u017dI O DOMOVINSKOM RATU ud\u017ebeniku povijesti za 4. razred gimnazije:<\/a><\/blockquote><iframe loading=\"lazy\" class=\"wp-embedded-content\" sandbox=\"allow-scripts\" security=\"restricted\" style=\"position: absolute; clip: rect(1px, 1px, 1px, 1px);\" title=\"&#8220;LA\u017dI O DOMOVINSKOM RATU ud\u017ebeniku povijesti za 4. razred gimnazije:&#8221; &#8212; Braniteljski portal\" src=\"https:\/\/www.braniteljski-portal.hr\/lazi-o-domovinskom-ratu-udzbeniku-povijesti-za-4-razred-gimnazije\/embed\/#?secret=F3c3sAyPoh#?secret=g9Dt34rtiz\" data-secret=\"g9Dt34rtiz\" width=\"600\" height=\"338\" frameborder=\"0\" marginwidth=\"0\" marginheight=\"0\" scrolling=\"no\"><\/iframe>\n<\/div><\/figure>\n\n\n\n<figure class=\"wp-block-embed-wordpress wp-block-embed is-type-wp-embed is-provider-braniteljski-portal\"><div class=\"wp-block-embed__wrapper\">\n<blockquote class=\"wp-embedded-content\" data-secret=\"zUXPokB39I\"><a href=\"https:\/\/www.braniteljski-portal.hr\/povucen-sporni-udzbenik-povijesti-stepinac-se-spominje-kao-zlocinac-balvan-revolucija-se-ne-spominje-ni-oslobodenje-knina\/\">POVU\u010cEN SPORNI UD\u017dBENIK POVIJESTI: Stepinac se spominje kao zlo\u010dinac, balvan revolucija se ne spominje, ni oslobo\u0111enje Knina&#8230;<\/a><\/blockquote><iframe loading=\"lazy\" class=\"wp-embedded-content\" sandbox=\"allow-scripts\" security=\"restricted\" style=\"position: absolute; clip: rect(1px, 1px, 1px, 1px);\" title=\"&#8220;POVU\u010cEN SPORNI UD\u017dBENIK POVIJESTI: Stepinac se spominje kao zlo\u010dinac, balvan revolucija se ne spominje, ni oslobo\u0111enje Knina&#8230;&#8221; &#8212; Braniteljski portal\" src=\"https:\/\/www.braniteljski-portal.hr\/povucen-sporni-udzbenik-povijesti-stepinac-se-spominje-kao-zlocinac-balvan-revolucija-se-ne-spominje-ni-oslobodenje-knina\/embed\/#?secret=UyRyVL3pQV#?secret=zUXPokB39I\" data-secret=\"zUXPokB39I\" width=\"600\" height=\"338\" frameborder=\"0\" marginwidth=\"0\" marginheight=\"0\" scrolling=\"no\"><\/iframe>\n<\/div><\/figure>\n\n\n\n<hr class=\"wp-block-separator\"\/>\n\n\n\n<p><a href=\"https:\/\/www.vecernji.hr\/vijesti\/tko-nam-to-pise-povijest-neki-udzbenici-vrve-zabludama-i-manipulacijama-1730603\">https:\/\/www.vecernji.hr\/vijesti\/tko-nam-to-pise-povijest-neki-udzbenici-vrve-zabludama-i-manipulacijama-1730603<\/a><\/p>\n\n\n\n<hr class=\"wp-block-separator\"\/>\n","protected":false},"excerpt":{"rendered":"","protected":false},"author":2,"featured_media":38747,"comment_status":"open","ping_status":"open","sticky":false,"template":"","format":"standard","meta":{"_acf_changed":false,"jetpack_post_was_ever_published":false,"_jetpack_newsletter_access":"","_jetpack_dont_email_post_to_subs":false,"_jetpack_newsletter_tier_id":0,"_jetpack_memberships_contains_paywalled_content":false,"_jetpack_memberships_contains_paid_content":false,"footnotes":"","jetpack_publicize_message":"","jetpack_publicize_feature_enabled":true,"jetpack_social_post_already_shared":true,"jetpack_social_options":{"image_generator_settings":{"template":"highway","default_image_id":0,"font":"","enabled":false},"version":2}},"categories":[3,17],"tags":[],"class_list":["post-38553","post","type-post","status-publish","format-standard","has-post-thumbnail","hentry","category-novosti","category-rasprave"],"acf":{"facebook_opis":""},"jetpack_publicize_connections":[],"jetpack_featured_media_url":"https:\/\/i0.wp.com\/historiografija.hr\/wp-content\/uploads\/2023\/12\/Zasto-je-povijest-vazna-1.jpg?fit=652%2C486&ssl=1","jetpack_sharing_enabled":true,"jetpack-related-posts":[{"id":52666,"url":"https:\/\/historiografija.hr\/?p=52666","url_meta":{"origin":38553,"position":0},"title":"Najava programa Festivala povijesti Kliofest (5-8. V. 2026)","author":"Branimir Jankovi\u0107","date":"24. travnja 2026.","format":false,"excerpt":"Po trinaesti put odr\u017eava se Festival povijesti Kliofest! Do petka \u0107emo odr\u017eati osam okruglih stolova i dva kolokvija te niz predstavljanja knjiga i projekata razli\u010dite tematike, od antike do suvremenosti. Bit \u0107e predstavljeno i nekoliko izlo\u017ebi te odr\u017ean jedan povijesni kviz. Prikazat \u0107emo i jedan film \u2013 o generalu Boroevi\u0107u.\u2026","rel":"","context":"U &quot;Novosti&quot;","block_context":{"text":"Novosti","link":"https:\/\/historiografija.hr\/?cat=3"},"img":{"alt_text":"","src":"https:\/\/i0.wp.com\/historiografija.hr\/wp-content\/uploads\/2026\/04\/Kliofest-2026.jpg?fit=526%2C526&ssl=1&resize=350%2C200","width":350,"height":200,"srcset":"https:\/\/i0.wp.com\/historiografija.hr\/wp-content\/uploads\/2026\/04\/Kliofest-2026.jpg?fit=526%2C526&ssl=1&resize=350%2C200 1x, https:\/\/i0.wp.com\/historiografija.hr\/wp-content\/uploads\/2026\/04\/Kliofest-2026.jpg?fit=526%2C526&ssl=1&resize=525%2C300 1.5x"},"classes":[]},{"id":52502,"url":"https:\/\/historiografija.hr\/?p=52502","url_meta":{"origin":38553,"position":1},"title":"Novi znanstveni projekt Hrvatskog instituta za povijest: \u201c\u017drtve ratova i dr\u017eavnog\/politi\u010dkog nasilja u hrvatskoj povijesti 20. stolje\u0107a\u201d","author":"Branimir Jankovi\u0107","date":"17. travnja 2026.","format":false,"excerpt":"Na redovitoj sjednici Vlade RH, 16. travnja 2026., donijet je Zaklju\u010dak kojim se pokre\u0107e znanstveni projekt \u201c\u017drtve ratova i dr\u017eavnog\/politi\u010dkog nasilja u hrvatskoj povijesti 20. stolje\u0107a\u201d. Projekt \u0107e provoditi i koordinirati Hrvatski institut za povijest u razdoblju trajanja projekta od pet godina. Zakljucak Vlade RH Iz teksta projektnog prijedloga: Problematika\u2026","rel":"","context":"U &quot;Novosti&quot;","block_context":{"text":"Novosti","link":"https:\/\/historiografija.hr\/?cat=3"},"img":{"alt_text":"","src":"https:\/\/i0.wp.com\/historiografija.hr\/wp-content\/uploads\/2026\/04\/Vlada-RH.jpg?fit=1200%2C557&ssl=1&resize=350%2C200","width":350,"height":200,"srcset":"https:\/\/i0.wp.com\/historiografija.hr\/wp-content\/uploads\/2026\/04\/Vlada-RH.jpg?fit=1200%2C557&ssl=1&resize=350%2C200 1x, https:\/\/i0.wp.com\/historiografija.hr\/wp-content\/uploads\/2026\/04\/Vlada-RH.jpg?fit=1200%2C557&ssl=1&resize=525%2C300 1.5x, https:\/\/i0.wp.com\/historiografija.hr\/wp-content\/uploads\/2026\/04\/Vlada-RH.jpg?fit=1200%2C557&ssl=1&resize=700%2C400 2x, https:\/\/i0.wp.com\/historiografija.hr\/wp-content\/uploads\/2026\/04\/Vlada-RH.jpg?fit=1200%2C557&ssl=1&resize=1050%2C600 3x"},"classes":[]},{"id":52669,"url":"https:\/\/historiografija.hr\/?p=52669","url_meta":{"origin":38553,"position":2},"title":"Predavanje Igora Dude &#8220;Odmor kao \u017eivotna potreba: o slobodnom vremenu u socijalisti\u010dkoj Jugoslaviji&#8221;","author":"Branimir Jankovi\u0107","date":"27. travnja 2026.","format":false,"excerpt":"U sklopu proljetnog ciklusa programa\u00a0Kriti\u010dka dramaturgija: pauza, u\u00a0subotu, 25. travnja 2026. u 19 sati\u00a0u prostoru Udru\u017eenja hrvatskih arhitekata povjesni\u010dar Igor Duda\u00a0odr\u017eao je predavanje naslovljeno\u00a0Odmor kao \u017eivotna potreba: o slobodnom vremenu u socijalisti\u010dkoj Jugoslaviji. Industrijalizacija i urbanizacija dru\u0161tava u povijesti su zna\u010dile i prelazak s predindustrijskog na industrijsko shva\u0107anje vremena. Ono\u2026","rel":"","context":"U &quot;Novosti&quot;","block_context":{"text":"Novosti","link":"https:\/\/historiografija.hr\/?cat=3"},"img":{"alt_text":"","src":"https:\/\/i0.wp.com\/historiografija.hr\/wp-content\/uploads\/2026\/04\/Duda.png?fit=1200%2C628&ssl=1&resize=350%2C200","width":350,"height":200,"srcset":"https:\/\/i0.wp.com\/historiografija.hr\/wp-content\/uploads\/2026\/04\/Duda.png?fit=1200%2C628&ssl=1&resize=350%2C200 1x, https:\/\/i0.wp.com\/historiografija.hr\/wp-content\/uploads\/2026\/04\/Duda.png?fit=1200%2C628&ssl=1&resize=525%2C300 1.5x, https:\/\/i0.wp.com\/historiografija.hr\/wp-content\/uploads\/2026\/04\/Duda.png?fit=1200%2C628&ssl=1&resize=700%2C400 2x, https:\/\/i0.wp.com\/historiografija.hr\/wp-content\/uploads\/2026\/04\/Duda.png?fit=1200%2C628&ssl=1&resize=1050%2C600 3x"},"classes":[]},{"id":52646,"url":"https:\/\/historiografija.hr\/?p=52646","url_meta":{"origin":38553,"position":3},"title":"5. MALI FESTIVAL POVIJESTI U LASTOVU","author":"Branimir Jankovi\u0107","date":"24. travnja 2026.","format":false,"excerpt":"Peti Mali festival povijesti odr\u017eava se od 25. do 27. travnja 2026. na Lastovu, u suradnji Zavoda za povijesne znanosti HAZU u Dubrovniku, Op\u0107ine Lastovo i Turisti\u010dke zajednice te uz potporu Dubrova\u010dko-neretvanske \u017eupanije. Predavanja: Dr. sc. Jasna \u010capo \u201eKu\u0107a kao zalog budu\u0107nosti i most izme\u0111u iseljenika i domovine\u201c Dr. sc.\u2026","rel":"","context":"U &quot;Novosti&quot;","block_context":{"text":"Novosti","link":"https:\/\/historiografija.hr\/?cat=3"},"img":{"alt_text":"","src":"https:\/\/i0.wp.com\/historiografija.hr\/wp-content\/uploads\/2026\/04\/Lastovo.jpg?fit=1200%2C700&ssl=1&resize=350%2C200","width":350,"height":200,"srcset":"https:\/\/i0.wp.com\/historiografija.hr\/wp-content\/uploads\/2026\/04\/Lastovo.jpg?fit=1200%2C700&ssl=1&resize=350%2C200 1x, https:\/\/i0.wp.com\/historiografija.hr\/wp-content\/uploads\/2026\/04\/Lastovo.jpg?fit=1200%2C700&ssl=1&resize=525%2C300 1.5x, https:\/\/i0.wp.com\/historiografija.hr\/wp-content\/uploads\/2026\/04\/Lastovo.jpg?fit=1200%2C700&ssl=1&resize=700%2C400 2x, https:\/\/i0.wp.com\/historiografija.hr\/wp-content\/uploads\/2026\/04\/Lastovo.jpg?fit=1200%2C700&ssl=1&resize=1050%2C600 3x"},"classes":[]},{"id":52654,"url":"https:\/\/historiografija.hr\/?p=52654","url_meta":{"origin":38553,"position":4},"title":"Gostuju\u0107e predavanje &#8211; Danijel D\u017eino \u201eKasnoanti\u010dke i ranosrednjovjekovne gra\u0111evine u Brezi: Spomenici nepotpune biografije\u201c","author":"Branimir Jankovi\u0107","date":"24. travnja 2026.","format":false,"excerpt":"Doktorski studij predmoderne povijesti poziva na predavanje \"Kasnoanti\u010dke i ranosrednjovjekovne gra\u0111evine u Brezi: Spomenici nepotpune biografije\u201d koje \u0107e odr\u017eati profesor Danijel D\u017eino sa Sveu\u010dili\u0161ta Macquarie u Sydneyu u\u00a0utorak 28. travnja 2026. u 17h u Konferencijskoj dvorani Knji\u017enice Filozofskog fakulteta u Zagrebu. Predavanje \u0107e predo\u010diti nova saznanja dobivena kroz arhivsko-dokumentarna istra\u017eivanja\u2026","rel":"","context":"U &quot;Novosti&quot;","block_context":{"text":"Novosti","link":"https:\/\/historiografija.hr\/?cat=3"},"img":{"alt_text":"","src":"https:\/\/i0.wp.com\/historiografija.hr\/wp-content\/uploads\/2026\/04\/Dzino.jpg?fit=980%2C819&ssl=1&resize=350%2C200","width":350,"height":200,"srcset":"https:\/\/i0.wp.com\/historiografija.hr\/wp-content\/uploads\/2026\/04\/Dzino.jpg?fit=980%2C819&ssl=1&resize=350%2C200 1x, https:\/\/i0.wp.com\/historiografija.hr\/wp-content\/uploads\/2026\/04\/Dzino.jpg?fit=980%2C819&ssl=1&resize=525%2C300 1.5x, https:\/\/i0.wp.com\/historiografija.hr\/wp-content\/uploads\/2026\/04\/Dzino.jpg?fit=980%2C819&ssl=1&resize=700%2C400 2x"},"classes":[]},{"id":52717,"url":"https:\/\/historiografija.hr\/?p=52717","url_meta":{"origin":38553,"position":5},"title":"Okrugli stol &#8220;Dvjestapedeset godina Sjedinjenih Ameri\u010dkih Dr\u017eava \u2013 od kolonije do prve zemlje svijeta i dalje&#8221;","author":"Filip \u0160imunjak","date":"29. travnja 2026.","format":false,"excerpt":"Ove godine obilje\u017eava se 250. obljetnica osnutka Sjedinjenih Ameri\u010dkih Dr\u017eava, povodom koje je pokrenut niz rasprava o ameri\u010dkoj povijesti, njezinoj globalnoj ulozi i naslje\u0111u koje se prote\u017ee od 1776. do danas. Obljetnica je ujedno prilika za promi\u0161ljanje o tome kako danas tuma\u010dimo ameri\u010dku pro\u0161lost, ali i (aktualnu) ulogu SAD-a u\u2026","rel":"","context":"U &quot;Novosti&quot;","block_context":{"text":"Novosti","link":"https:\/\/historiografija.hr\/?cat=3"},"img":{"alt_text":"","src":"https:\/\/i0.wp.com\/historiografija.hr\/wp-content\/uploads\/2026\/04\/Kliofest-01-utorak-I-02-OS-250-godina-SAD.jpg?fit=1200%2C566&ssl=1&resize=350%2C200","width":350,"height":200,"srcset":"https:\/\/i0.wp.com\/historiografija.hr\/wp-content\/uploads\/2026\/04\/Kliofest-01-utorak-I-02-OS-250-godina-SAD.jpg?fit=1200%2C566&ssl=1&resize=350%2C200 1x, https:\/\/i0.wp.com\/historiografija.hr\/wp-content\/uploads\/2026\/04\/Kliofest-01-utorak-I-02-OS-250-godina-SAD.jpg?fit=1200%2C566&ssl=1&resize=525%2C300 1.5x, https:\/\/i0.wp.com\/historiografija.hr\/wp-content\/uploads\/2026\/04\/Kliofest-01-utorak-I-02-OS-250-godina-SAD.jpg?fit=1200%2C566&ssl=1&resize=700%2C400 2x, https:\/\/i0.wp.com\/historiografija.hr\/wp-content\/uploads\/2026\/04\/Kliofest-01-utorak-I-02-OS-250-godina-SAD.jpg?fit=1200%2C566&ssl=1&resize=1050%2C600 3x"},"classes":[]}],"_links":{"self":[{"href":"https:\/\/historiografija.hr\/index.php?rest_route=\/wp\/v2\/posts\/38553","targetHints":{"allow":["GET"]}}],"collection":[{"href":"https:\/\/historiografija.hr\/index.php?rest_route=\/wp\/v2\/posts"}],"about":[{"href":"https:\/\/historiografija.hr\/index.php?rest_route=\/wp\/v2\/types\/post"}],"author":[{"embeddable":true,"href":"https:\/\/historiografija.hr\/index.php?rest_route=\/wp\/v2\/users\/2"}],"replies":[{"embeddable":true,"href":"https:\/\/historiografija.hr\/index.php?rest_route=%2Fwp%2Fv2%2Fcomments&post=38553"}],"version-history":[{"count":22,"href":"https:\/\/historiografija.hr\/index.php?rest_route=\/wp\/v2\/posts\/38553\/revisions"}],"predecessor-version":[{"id":38787,"href":"https:\/\/historiografija.hr\/index.php?rest_route=\/wp\/v2\/posts\/38553\/revisions\/38787"}],"wp:featuredmedia":[{"embeddable":true,"href":"https:\/\/historiografija.hr\/index.php?rest_route=\/wp\/v2\/media\/38747"}],"wp:attachment":[{"href":"https:\/\/historiografija.hr\/index.php?rest_route=%2Fwp%2Fv2%2Fmedia&parent=38553"}],"wp:term":[{"taxonomy":"category","embeddable":true,"href":"https:\/\/historiografija.hr\/index.php?rest_route=%2Fwp%2Fv2%2Fcategories&post=38553"},{"taxonomy":"post_tag","embeddable":true,"href":"https:\/\/historiografija.hr\/index.php?rest_route=%2Fwp%2Fv2%2Ftags&post=38553"}],"curies":[{"name":"wp","href":"https:\/\/api.w.org\/{rel}","templated":true}]}}