{"id":38543,"date":"2023-12-13T21:58:17","date_gmt":"2023-12-13T21:58:17","guid":{"rendered":"http:\/\/historiografija.hr\/?p=38543"},"modified":"2023-12-13T21:58:17","modified_gmt":"2023-12-13T21:58:17","slug":"znanstveni-skup-svecenici-politika-i-hrvatski-sabor","status":"publish","type":"post","link":"https:\/\/historiografija.hr\/?p=38543","title":{"rendered":"Znanstveni skup \u201cSve\u0107enici, politika i Hrvatski sabor\u201d"},"content":{"rendered":"\n<p>Znanstveni skup \u201cSve\u0107enici, politika i Hrvatski sabor\u201d odr\u017eat \u0107e se 14. prosinca 2023. s po\u010detkom u 9:30 sati u Knji\u017enici Hijacint Bo\u0161kovi\u0107 Dominikanskoga samostana Kraljice svete Krunice u Zagrebu (Trg Augustina Ka\u017eoti\u0107a 1).<\/p>\n\n\n\n<hr class=\"wp-block-separator\"\/>\n\n\n\n<p>Program skupa dostupan je na sljede\u0107oj poveznici:<\/p>\n\n\n\n<p><a href=\"http:\/\/www.isp.hr\/14-11-2023-poziv-na-znanstveni-skup-svecenici-politika-i-hrvatski-sabor\/\">http:\/\/www.isp.hr\/14-11-2023-poziv-na-znanstveni-skup-svecenici-politika-i-hrvatski-sabor\/<\/a><\/p>\n\n\n\n<hr class=\"wp-block-separator\"\/>\n","protected":false},"excerpt":{"rendered":"","protected":false},"author":2,"featured_media":38544,"comment_status":"open","ping_status":"open","sticky":false,"template":"","format":"standard","meta":{"_acf_changed":false,"jetpack_post_was_ever_published":false,"_jetpack_newsletter_access":"","_jetpack_dont_email_post_to_subs":false,"_jetpack_newsletter_tier_id":0,"_jetpack_memberships_contains_paywalled_content":false,"_jetpack_memberships_contains_paid_content":false,"footnotes":"","jetpack_publicize_message":"","jetpack_publicize_feature_enabled":true,"jetpack_social_post_already_shared":true,"jetpack_social_options":{"image_generator_settings":{"template":"highway","default_image_id":0,"font":"","enabled":false},"version":2}},"categories":[3,9],"tags":[],"class_list":["post-38543","post","type-post","status-publish","format-standard","has-post-thumbnail","hentry","category-novosti","category-skupovi"],"acf":{"facebook_opis":""},"jetpack_publicize_connections":[],"jetpack_featured_media_url":"https:\/\/i0.wp.com\/historiografija.hr\/wp-content\/uploads\/2023\/12\/Svecenici.png?fit=500%2C1016&ssl=1","jetpack_sharing_enabled":true,"jetpack-related-posts":[],"_links":{"self":[{"href":"https:\/\/historiografija.hr\/index.php?rest_route=\/wp\/v2\/posts\/38543","targetHints":{"allow":["GET"]}}],"collection":[{"href":"https:\/\/historiografija.hr\/index.php?rest_route=\/wp\/v2\/posts"}],"about":[{"href":"https:\/\/historiografija.hr\/index.php?rest_route=\/wp\/v2\/types\/post"}],"author":[{"embeddable":true,"href":"https:\/\/historiografija.hr\/index.php?rest_route=\/wp\/v2\/users\/2"}],"replies":[{"embeddable":true,"href":"https:\/\/historiografija.hr\/index.php?rest_route=%2Fwp%2Fv2%2Fcomments&post=38543"}],"version-history":[{"count":1,"href":"https:\/\/historiografija.hr\/index.php?rest_route=\/wp\/v2\/posts\/38543\/revisions"}],"predecessor-version":[{"id":38545,"href":"https:\/\/historiografija.hr\/index.php?rest_route=\/wp\/v2\/posts\/38543\/revisions\/38545"}],"wp:featuredmedia":[{"embeddable":true,"href":"https:\/\/historiografija.hr\/index.php?rest_route=\/wp\/v2\/media\/38544"}],"wp:attachment":[{"href":"https:\/\/historiografija.hr\/index.php?rest_route=%2Fwp%2Fv2%2Fmedia&parent=38543"}],"wp:term":[{"taxonomy":"category","embeddable":true,"href":"https:\/\/historiografija.hr\/index.php?rest_route=%2Fwp%2Fv2%2Fcategories&post=38543"},{"taxonomy":"post_tag","embeddable":true,"href":"https:\/\/historiografija.hr\/index.php?rest_route=%2Fwp%2Fv2%2Ftags&post=38543"}],"curies":[{"name":"wp","href":"https:\/\/api.w.org\/{rel}","templated":true}]}}