{"id":38535,"date":"2023-12-12T20:45:02","date_gmt":"2023-12-12T20:45:02","guid":{"rendered":"http:\/\/historiografija.hr\/?p=38535"},"modified":"2023-12-12T20:50:35","modified_gmt":"2023-12-12T20:50:35","slug":"oprecne-reakcije-povodom-kissingerove-smrti","status":"publish","type":"post","link":"https:\/\/historiografija.hr\/?p=38535","title":{"rendered":"Opre\u010dne reakcije povodom Kissingerove smrti"},"content":{"rendered":"\n<p>Sav raspon krajnje opre\u010dnih reakcija koje ve\u0107 du\u017ee vrijeme prate Henryja Kissingera (1923-2023) vidljive su i u komentarima povjesni\u010dara i drugih stru\u010dnjaka te prilozima novinara u hrvatskim medijima povodom njegove smrti, odnosno 100. ro\u0111endana.<\/p>\n\n\n\n<hr class=\"wp-block-separator\"\/>\n\n\n\n<p>Tvrtko Jakovina<\/p>\n\n\n\n<p><a href=\"https:\/\/www.telegram.hr\/komentari\/kissinger-nije-htio-ici-u-kumrovec-nixon-je-sa-sela-ja-volim-gradove-rekao-je-i-ostao-cekati-u-esplanadi\/\">https:\/\/www.telegram.hr\/komentari\/kissinger-nije-htio-ici-u-kumrovec-nixon-je-sa-sela-ja-volim-gradove-rekao-je-i-ostao-cekati-u-esplanadi\/<\/a><\/p>\n\n\n\n<hr class=\"wp-block-separator\"\/>\n\n\n\n<p>Dino Stani\u010di\u0107<\/p>\n\n\n\n<p><a href=\"https:\/\/www.telegram.hr\/politika-kriminal\/vizionar-diplomacije-drzavnicki-genije-ili-ordinarni-ratni-zlocinac-cuveni-henry-kissinger-danas-ima-100-godina-sto-ostaje-iza-njega\/\">https:\/\/www.telegram.hr\/politika-kriminal\/vizionar-diplomacije-drzavnicki-genije-ili-ordinarni-ratni-zlocinac-cuveni-henry-kissinger-danas-ima-100-godina-sto-ostaje-iza-njega\/<\/a><\/p>\n\n\n\n<hr class=\"wp-block-separator\"\/>\n\n\n\n<p>Bo\u017eo Kova\u010devi\u0107<\/p>\n\n\n\n<p><a href=\"https:\/\/www.jutarnji.hr\/vijesti\/svijet\/kad-bih-se-drzao-one-o-mrtvima-sve-najbolje-onda-bih-znatan-dio-kissingerova-opusa-morao-presutjeti-15400490\">https:\/\/www.jutarnji.hr\/vijesti\/svijet\/kad-bih-se-drzao-one-o-mrtvima-sve-najbolje-onda-bih-znatan-dio-kissingerova-opusa-morao-presutjeti-15400490<\/a><\/p>\n\n\n\n<p><a href=\"https:\/\/www.24sata.hr\/news\/zlocinac-a-ne-heroj-prljavo-rublje-bilo-je-savrsena-cestitka-za-stoti-rodendan-kissingera-914024\">https:\/\/www.24sata.hr\/news\/zlocinac-a-ne-heroj-prljavo-rublje-bilo-je-savrsena-cestitka-za-stoti-rodendan-kissingera-914024<\/a><\/p>\n\n\n\n<hr class=\"wp-block-separator\"\/>\n\n\n\n<p>Vedran Obu\u0107ina<\/p>\n\n\n\n<p><a href=\"https:\/\/www.matica.hr\/vijenac\/776\/odlazak-najveceg-realpoliticara-20-stoljeca-35581\/\">https:\/\/www.matica.hr\/vijenac\/776\/odlazak-najveceg-realpoliticara-20-stoljeca-35581\/<\/a><\/p>\n\n\n\n<hr class=\"wp-block-separator\"\/>\n\n\n\n<p>Iz medija:<\/p>\n\n\n\n<p><a href=\"https:\/\/www.vecernji.hr\/vijesti\/tko-je-bio-henry-kissinger-upozoravao-je-na-losu-americku-politiku-na-bliskom-istoku-1728046\">https:\/\/www.vecernji.hr\/vijesti\/tko-je-bio-henry-kissinger-upozoravao-je-na-losu-americku-politiku-na-bliskom-istoku-1728046<\/a><\/p>\n\n\n\n<p><a href=\"https:\/\/www.telegram.hr\/komentari\/pamtim-svoj-davni-susret-s-kissingerom-sokiralo-me-kad-sam-shvatio-da-podrzava-tudmanovu-ideju-podjele-bosne\/\">https:\/\/www.telegram.hr\/komentari\/pamtim-svoj-davni-susret-s-kissingerom-sokiralo-me-kad-sam-shvatio-da-podrzava-tudmanovu-ideju-podjele-bosne\/<\/a><\/p>\n\n\n\n<p><a href=\"https:\/\/www.telegram.hr\/politika-kriminal\/umro-je-cuveni-henry-kissinger-covjek-kojeg-neki-smatraju-vizionarom-diplomacije-a-drugi-ratnim-zlocincem\/\">https:\/\/www.telegram.hr\/politika-kriminal\/umro-je-cuveni-henry-kissinger-covjek-kojeg-neki-smatraju-vizionarom-diplomacije-a-drugi-ratnim-zlocincem\/<\/a><\/p>\n\n\n\n<p><a href=\"https:\/\/www.tportal.hr\/vijesti\/clanak\/kissinger-se-bojao-da-ce-rusija-izaci-na-mediteran-evo-sto-je-rekao-tudmanu-foto-20231130\">https:\/\/www.tportal.hr\/vijesti\/clanak\/kissinger-se-bojao-da-ce-rusija-izaci-na-mediteran-evo-sto-je-rekao-tudmanu-foto-20231130<\/a><\/p>\n\n\n\n<p><a href=\"https:\/\/lupiga.com\/vijesti\/uz-smrt-henryja-kissingera-konacno-je-umro-omiljeni-ratni-zlocinac-americke-vladajuce-elite\">https:\/\/lupiga.com\/vijesti\/uz-smrt-henryja-kissingera-konacno-je-umro-omiljeni-ratni-zlocinac-americke-vladajuce-elite<\/a><\/p>\n\n\n\n<p><a href=\"https:\/\/www.index.hr\/vijesti\/clanak\/ovo-su-jezivi-zlocini-henryja-kissingera\/2516941.aspx\">https:\/\/www.index.hr\/vijesti\/clanak\/ovo-su-jezivi-zlocini-henryja-kissingera\/2516941.aspx<\/a><\/p>\n\n\n\n<p><a href=\"https:\/\/www.index.hr\/vijesti\/clanak\/dobri-umiru-mladi-presuda-henryju-kissingeru-ova-knjiga-cekala-je-njegovu-smrt\/2516903.aspx\">https:\/\/www.index.hr\/vijesti\/clanak\/dobri-umiru-mladi-presuda-henryju-kissingeru-ova-knjiga-cekala-je-njegovu-smrt\/2516903.aspx<\/a> [<a href=\"https:\/\/www.versobooks.com\/en-gb\/products\/612-the-good-die-young\">https:\/\/www.versobooks.com\/en-gb\/products\/612-the-good-die-young<\/a>]<\/p>\n\n\n\n<hr class=\"wp-block-separator\"\/>\n\n\n\n<p><\/p>\n","protected":false},"excerpt":{"rendered":"","protected":false},"author":2,"featured_media":38536,"comment_status":"open","ping_status":"open","sticky":false,"template":"","format":"standard","meta":{"_acf_changed":false,"jetpack_post_was_ever_published":false,"_jetpack_newsletter_access":"","_jetpack_dont_email_post_to_subs":false,"_jetpack_newsletter_tier_id":0,"_jetpack_memberships_contains_paywalled_content":false,"_jetpack_memberships_contains_paid_content":false,"footnotes":"","jetpack_publicize_message":"","jetpack_publicize_feature_enabled":true,"jetpack_social_post_already_shared":true,"jetpack_social_options":{"image_generator_settings":{"template":"highway","default_image_id":0,"font":"","enabled":false},"version":2}},"categories":[3,20],"tags":[],"class_list":["post-38535","post","type-post","status-publish","format-standard","has-post-thumbnail","hentry","category-novosti","category-obavijesti-o-smrti-i-nekrolozi"],"acf":{"facebook_opis":""},"jetpack_publicize_connections":[],"jetpack_featured_media_url":"https:\/\/i0.wp.com\/historiografija.hr\/wp-content\/uploads\/2023\/12\/Kissinger-1923-2023.png?fit=1200%2C652&ssl=1","jetpack_sharing_enabled":true,"jetpack-related-posts":[],"_links":{"self":[{"href":"https:\/\/historiografija.hr\/index.php?rest_route=\/wp\/v2\/posts\/38535","targetHints":{"allow":["GET"]}}],"collection":[{"href":"https:\/\/historiografija.hr\/index.php?rest_route=\/wp\/v2\/posts"}],"about":[{"href":"https:\/\/historiografija.hr\/index.php?rest_route=\/wp\/v2\/types\/post"}],"author":[{"embeddable":true,"href":"https:\/\/historiografija.hr\/index.php?rest_route=\/wp\/v2\/users\/2"}],"replies":[{"embeddable":true,"href":"https:\/\/historiografija.hr\/index.php?rest_route=%2Fwp%2Fv2%2Fcomments&post=38535"}],"version-history":[{"count":2,"href":"https:\/\/historiografija.hr\/index.php?rest_route=\/wp\/v2\/posts\/38535\/revisions"}],"predecessor-version":[{"id":38539,"href":"https:\/\/historiografija.hr\/index.php?rest_route=\/wp\/v2\/posts\/38535\/revisions\/38539"}],"wp:featuredmedia":[{"embeddable":true,"href":"https:\/\/historiografija.hr\/index.php?rest_route=\/wp\/v2\/media\/38536"}],"wp:attachment":[{"href":"https:\/\/historiografija.hr\/index.php?rest_route=%2Fwp%2Fv2%2Fmedia&parent=38535"}],"wp:term":[{"taxonomy":"category","embeddable":true,"href":"https:\/\/historiografija.hr\/index.php?rest_route=%2Fwp%2Fv2%2Fcategories&post=38535"},{"taxonomy":"post_tag","embeddable":true,"href":"https:\/\/historiografija.hr\/index.php?rest_route=%2Fwp%2Fv2%2Ftags&post=38535"}],"curies":[{"name":"wp","href":"https:\/\/api.w.org\/{rel}","templated":true}]}}