{"id":38519,"date":"2023-12-12T17:43:15","date_gmt":"2023-12-12T17:43:15","guid":{"rendered":"http:\/\/historiografija.hr\/?p=38519"},"modified":"2023-12-12T17:43:15","modified_gmt":"2023-12-12T17:43:15","slug":"zgodovina-na-spici-history-on-the-edge-tamara-scheer-language-diversity-in-the-austro-hungarian-army-1867-1918","status":"publish","type":"post","link":"https:\/\/historiografija.hr\/?p=38519","title":{"rendered":"(Zgodovina na \u0160pici \/ History on the Edge) Tamara Scheer: &#8220;Language Diversity in the Austro-Hungarian Army (1867-1918)&#8221;"},"content":{"rendered":"\n<p>Lepo vabljeni na decembrski dogodek v novem ciklu Zgodovine na \u0160pici, ki bo potekal <strong>v sredo, 13. 12. 2023 ob 13.uri, v prostorih INZ<\/strong> ali na ZOOM povezavi: <a href=\"https:\/\/us06web.zoom.us\/j\/86949706378\">https:\/\/us06web.zoom.us\/j\/86949706378<\/a><\/p>\n\n\n\n<p>Predavala bo Priv.-Doz. Dr. Tamara Scheer, naslov predavanja je &#8220;Language Diversity in the Austro-Hungarian Army (1867-1918)&#8221;. Predavanje bo v angle\u0161kem jeziku.<br><br>Povzetek<\/p>\n\n\n\n<p>Identifikacija in reprezentacija: jezikovna raznolikost v avstro-ogrski vojski (1867\u20131918)<\/p>\n\n\n\n<p>Ob prebiranju \u010dasopisov, parlamentarnih razprav, dnevnikov, pisem, politi\u010dnih pamfletov in upravnih dokumentov iz let med 1867 in 1918 bi lahko pri\u0161li do zaklju\u010dka, da je prav jezikovna raznolikost v povezavi z nacionalnim sporom v veliki meri destabilizirala habsbur\u0161ko monarhijo. Pravzaprav pred letom 1914 skoraj ni minil dan, da ne bi kje v monarhiji javno razpravljali o tem, da ima jezikovna raznolikost velik vpliv na \u0161tevilne dr\u017eavne institucije, skupaj z avstro-ogrsko vojsko. Obi\u010dajno je bilo poudarjeno negativno. O\u010ditano je bilo, da ustavna pravica vojakov do uporabe svojega jezika v treh (kasneje dveh) letih slu\u017eenja voja\u0161kega roka ni bila ustrezno uresni\u010dena \u2013 kar se je pogosto dogajalo. Pomembni pa so motivi za slabo upravljanje \u2013 ali je \u0161lo za koristoljubje ali nacionalisti\u010dne motive. Kakor koli \u017ee, leta 1867 je bil uveden zapleten sistem priznavanja jezikov, ki je nihal med interesi u\u010dinkovite organizacije vojske in izogibanjem politi\u010dni razpravi. Medtem ko so bile pomanjkljivosti v dolgem mirnodobnem obdobju do leta 1914 predvsem politi\u010dna skrb, so med prvo svetovno vojno postale dejavnik pre\u017eivetja in ohranjanja borbenosti ter morale med vojaki. Poleg obravnave razli\u010dnih podro\u010dij, kjer se je govorilo o jezikovni raznolikosti, bo to predavanje osvetlilo tudi razlike, ki so se pojavljale na obeh polovicah Avstrije in Mad\u017earske, in na\u010din, s katerim je vojska posku\u0161ala kategorizirati svoje pripadnike glede na njihove jezikovne ve\u0161\u010dine.<\/p>\n\n\n\n<hr class=\"wp-block-separator\"\/>\n\n\n\n<p><a href=\"https:\/\/www.inz.si\/sl\/Zgodovina-na-Spici_dogodki\/Language-Diversity-in-the-Austro-Hungarian-Army-1867-1918\/\">https:\/\/www.inz.si\/sl\/Zgodovina-na-Spici_dogodki\/Language-Diversity-in-the-Austro-Hungarian-Army-1867-1918\/<\/a><\/p>\n\n\n\n<hr class=\"wp-block-separator\"\/>\n","protected":false},"excerpt":{"rendered":"","protected":false},"author":2,"featured_media":38520,"comment_status":"open","ping_status":"open","sticky":false,"template":"","format":"standard","meta":{"_acf_changed":false,"_jetpack_newsletter_access":"","_jetpack_dont_email_post_to_subs":false,"_jetpack_newsletter_tier_id":0,"_jetpack_memberships_contains_paywalled_content":false,"_jetpack_memberships_contains_paid_content":false,"footnotes":"","jetpack_publicize_message":"","jetpack_publicize_feature_enabled":true,"jetpack_social_post_already_shared":true,"jetpack_social_options":{"image_generator_settings":{"template":"highway","default_image_id":0,"font":"","enabled":false},"version":2},"jetpack_post_was_ever_published":false},"categories":[3],"tags":[],"class_list":["post-38519","post","type-post","status-publish","format-standard","has-post-thumbnail","hentry","category-novosti"],"acf":{"facebook_opis":""},"jetpack_publicize_connections":[],"jetpack_featured_media_url":"https:\/\/i0.wp.com\/historiografija.hr\/wp-content\/uploads\/2023\/12\/Scheer.jpg?fit=1920%2C1080&ssl=1","jetpack_sharing_enabled":true,"jetpack-related-posts":[{"id":54767,"url":"https:\/\/historiografija.hr\/?p=54767","url_meta":{"origin":38519,"position":0},"title":"Philipp Ther: The Sound of Habsburg \/ Der Klang der Monarchie. A Musical History of the Austro-Hungarian Empire","author":"Branimir Jankovi\u0107","date":"23. srpnja 2026.","format":false,"excerpt":"A fascinating history of the Austro-Hungarian Empire told through the prism of the music it created and was shaped by From the late 18th century onwards, the Habsburg Monarchy was on the decline internationally, and internally was riven by conflict. But time and again, the Habsburgs rallied together, survived the\u2026","rel":"","context":"U &quot;Knjige&quot;","block_context":{"text":"Knjige","link":"https:\/\/historiografija.hr\/?cat=8"},"img":{"alt_text":"","src":"https:\/\/i0.wp.com\/historiografija.hr\/wp-content\/uploads\/2026\/07\/the-sound-of-habsburg.webp?fit=400%2C635&ssl=1&resize=350%2C200","width":350,"height":200},"classes":[]},{"id":52673,"url":"https:\/\/historiografija.hr\/?p=52673","url_meta":{"origin":38519,"position":1},"title":"TWO POSTDOCTORAL POSITIONS IN THE &#8220;PROLETGARD ERC STARTING GRANT PROJECT&#8221;, KASS\u00c1K FOUNDATION, BUDAPEST (DEADLINE: 1ST MAY 2026)","author":"Branimir Jankovi\u0107","date":"27. travnja 2026.","format":false,"excerpt":"This five-year ERC-funded project examines how avant-garde art contributed to the formation of a workers\u2019 movement counterculture in East Central Europe after 1918. It argues that socialist and avant-garde periodicals, groups, and figures shaped both avant-garde culture and transnational workers\u2019 movements. Focusing on the successor states of the Austro\u2013Hungarian Empire\u2026","rel":"","context":"U &quot;Novosti&quot;","block_context":{"text":"Novosti","link":"https:\/\/historiografija.hr\/?cat=3"},"img":{"alt_text":"","src":"https:\/\/i0.wp.com\/historiografija.hr\/wp-content\/uploads\/2017\/10\/hsozkult.png?fit=1006%2C241&ssl=1&resize=350%2C200","width":350,"height":200,"srcset":"https:\/\/i0.wp.com\/historiografija.hr\/wp-content\/uploads\/2017\/10\/hsozkult.png?fit=1006%2C241&ssl=1&resize=350%2C200 1x, https:\/\/i0.wp.com\/historiografija.hr\/wp-content\/uploads\/2017\/10\/hsozkult.png?fit=1006%2C241&ssl=1&resize=525%2C300 1.5x, https:\/\/i0.wp.com\/historiografija.hr\/wp-content\/uploads\/2017\/10\/hsozkult.png?fit=1006%2C241&ssl=1&resize=700%2C400 2x"},"classes":[]},{"id":54169,"url":"https:\/\/historiografija.hr\/?p=54169","url_meta":{"origin":38519,"position":2},"title":"Women, Nationalism, and Social Networks in the Habsburg Monarchy, 1848\u20131918","author":"Branimir Jankovi\u0107","date":"18. lipnja 2026.","format":false,"excerpt":"Edited by Marta Verginella Purdue University Press Series: Central European Studies 258 Pages Published 2023 Women, Nationalism, and Social Networks in the Habsburg Monarchy, 1848\u20131918 focuses on the lives of women in Southeastern Europe during the nineteenth and twentieth centuries, exploring the intersection of gender and nationalism. By looking at\u2026","rel":"","context":"U &quot;Knjige&quot;","block_context":{"text":"Knjige","link":"https:\/\/historiografija.hr\/?cat=8"},"img":{"alt_text":"","src":"https:\/\/historiografija.hr\/wp-content\/uploads\/2026\/06\/Verginella.avif","width":350,"height":200,"srcset":"https:\/\/historiografija.hr\/wp-content\/uploads\/2026\/06\/Verginella.avif 1x, https:\/\/historiografija.hr\/wp-content\/uploads\/2026\/06\/Verginella.avif 1.5x"},"classes":[]},{"id":54639,"url":"https:\/\/historiografija.hr\/?p=54639","url_meta":{"origin":38519,"position":3},"title":"Tematski broj \u010dasopisa &#8220;Studia lexicographica&#8221; (38\/20) posve\u0107en povijesti medicine","author":"Filip \u0160imunjak","date":"17. srpnja 2026.","format":false,"excerpt":"Tematski broj \u010dasopisa Studia lexicographica primarno je zami\u0161ljen kao platforma za prezentaciju radova izlaganih na jubilarnim X. danima Andrije \u0160tampara u Slavonskom Brodu. Raznolikost metodolo\u0161kih pristupa, tema i izvora koji su na\u0161li mjesto u ovom svesku svjedo\u010di o tome da povijest medicine ne smije biti zatvorena u uske cehovske okvire.\u2026","rel":"","context":"U &quot;\u010casopisi&quot;","block_context":{"text":"\u010casopisi","link":"https:\/\/historiografija.hr\/?cat=21"},"img":{"alt_text":"","src":"https:\/\/i0.wp.com\/historiografija.hr\/wp-content\/uploads\/2026\/07\/Studia-lexicographica-38.webp?fit=820%2C1200&ssl=1&resize=350%2C200","width":350,"height":200,"srcset":"https:\/\/i0.wp.com\/historiografija.hr\/wp-content\/uploads\/2026\/07\/Studia-lexicographica-38.webp?fit=820%2C1200&ssl=1&resize=350%2C200 1x, https:\/\/i0.wp.com\/historiografija.hr\/wp-content\/uploads\/2026\/07\/Studia-lexicographica-38.webp?fit=820%2C1200&ssl=1&resize=525%2C300 1.5x, https:\/\/i0.wp.com\/historiografija.hr\/wp-content\/uploads\/2026\/07\/Studia-lexicographica-38.webp?fit=820%2C1200&ssl=1&resize=700%2C400 2x"},"classes":[]},{"id":53712,"url":"https:\/\/historiografija.hr\/?p=53712","url_meta":{"origin":38519,"position":4},"title":"INVITATION TO A SERIES OF SHORT LECTURES ENTITLED BEYOND PASTORAL CARE: CLERGY, SOCIETY, AND POPULAR AGENCY IN THE LATE HABSBURG EMPIRE","author":"Branimir Jankovi\u0107","date":"25. svibnja 2026.","format":false,"excerpt":"You are kindly invited to a series of short lectures entitled Beyond Pastoral Care: Clergy, Society, and Popular Agency in the Late Habsburg Empire, which will take place on Tuesday, 26 May 2026, from 11:00 to 13:00 at the Institute of Contemporary History. The event will feature a lecture by\u2026","rel":"","context":"U &quot;Novosti&quot;","block_context":{"text":"Novosti","link":"https:\/\/historiografija.hr\/?cat=3"},"img":{"alt_text":"","src":"https:\/\/i0.wp.com\/historiografija.hr\/wp-content\/uploads\/2026\/05\/Clergy-2.png?fit=1090%2C615&ssl=1&resize=350%2C200","width":350,"height":200,"srcset":"https:\/\/i0.wp.com\/historiografija.hr\/wp-content\/uploads\/2026\/05\/Clergy-2.png?fit=1090%2C615&ssl=1&resize=350%2C200 1x, https:\/\/i0.wp.com\/historiografija.hr\/wp-content\/uploads\/2026\/05\/Clergy-2.png?fit=1090%2C615&ssl=1&resize=525%2C300 1.5x, https:\/\/i0.wp.com\/historiografija.hr\/wp-content\/uploads\/2026\/05\/Clergy-2.png?fit=1090%2C615&ssl=1&resize=700%2C400 2x, https:\/\/i0.wp.com\/historiografija.hr\/wp-content\/uploads\/2026\/05\/Clergy-2.png?fit=1090%2C615&ssl=1&resize=1050%2C600 3x"},"classes":[]},{"id":52857,"url":"https:\/\/historiografija.hr\/?p=52857","url_meta":{"origin":38519,"position":5},"title":"Marijan Bobinac, &#8220;Imperij, nacija, knji\u017eevnost. Postimperijalni narativi u srednjoeuropskim knji\u017eevnostima moderne&#8221;","author":"Branimir Jankovi\u0107","date":"5. svibnja 2026.","format":false,"excerpt":"U Zagrebu \u0107e na Festivalu povijesti Kliofest 2026. biti predstavljena knjiga Marijana Bobinca \"Imperij, nacija, knji\u017eevnost. Postimperijalni narativi u srednjoeuropskim knji\u017eevnostima moderne\". Imperij ili nacionalna dr\u017eava \u2013 koji se od dvaju dominantnih oblika dr\u017eavnog ure\u0111enja u modernom svijetu pokazao uspje\u0161nijim i u\u010dinkovitijim? Prije stotinu godina, u razdoblju nakon Prvoga svjetskog\u2026","rel":"","context":"U &quot;Knjige&quot;","block_context":{"text":"Knjige","link":"https:\/\/historiografija.hr\/?cat=8"},"img":{"alt_text":"","src":"https:\/\/i0.wp.com\/historiografija.hr\/wp-content\/uploads\/2026\/05\/bobinac-2.jpg?fit=733%2C938&ssl=1&resize=350%2C200","width":350,"height":200,"srcset":"https:\/\/i0.wp.com\/historiografija.hr\/wp-content\/uploads\/2026\/05\/bobinac-2.jpg?fit=733%2C938&ssl=1&resize=350%2C200 1x, https:\/\/i0.wp.com\/historiografija.hr\/wp-content\/uploads\/2026\/05\/bobinac-2.jpg?fit=733%2C938&ssl=1&resize=525%2C300 1.5x, https:\/\/i0.wp.com\/historiografija.hr\/wp-content\/uploads\/2026\/05\/bobinac-2.jpg?fit=733%2C938&ssl=1&resize=700%2C400 2x"},"classes":[]}],"_links":{"self":[{"href":"https:\/\/historiografija.hr\/index.php?rest_route=\/wp\/v2\/posts\/38519","targetHints":{"allow":["GET"]}}],"collection":[{"href":"https:\/\/historiografija.hr\/index.php?rest_route=\/wp\/v2\/posts"}],"about":[{"href":"https:\/\/historiografija.hr\/index.php?rest_route=\/wp\/v2\/types\/post"}],"author":[{"embeddable":true,"href":"https:\/\/historiografija.hr\/index.php?rest_route=\/wp\/v2\/users\/2"}],"replies":[{"embeddable":true,"href":"https:\/\/historiografija.hr\/index.php?rest_route=%2Fwp%2Fv2%2Fcomments&post=38519"}],"version-history":[{"count":1,"href":"https:\/\/historiografija.hr\/index.php?rest_route=\/wp\/v2\/posts\/38519\/revisions"}],"predecessor-version":[{"id":38521,"href":"https:\/\/historiografija.hr\/index.php?rest_route=\/wp\/v2\/posts\/38519\/revisions\/38521"}],"wp:featuredmedia":[{"embeddable":true,"href":"https:\/\/historiografija.hr\/index.php?rest_route=\/wp\/v2\/media\/38520"}],"wp:attachment":[{"href":"https:\/\/historiografija.hr\/index.php?rest_route=%2Fwp%2Fv2%2Fmedia&parent=38519"}],"wp:term":[{"taxonomy":"category","embeddable":true,"href":"https:\/\/historiografija.hr\/index.php?rest_route=%2Fwp%2Fv2%2Fcategories&post=38519"},{"taxonomy":"post_tag","embeddable":true,"href":"https:\/\/historiografija.hr\/index.php?rest_route=%2Fwp%2Fv2%2Ftags&post=38519"}],"curies":[{"name":"wp","href":"https:\/\/api.w.org\/{rel}","templated":true}]}}