{"id":38515,"date":"2023-12-12T17:29:07","date_gmt":"2023-12-12T17:29:07","guid":{"rendered":"http:\/\/historiografija.hr\/?p=38515"},"modified":"2023-12-12T17:29:27","modified_gmt":"2023-12-12T17:29:27","slug":"predstavljanje-knjige-ivana-mancea-kosinjska-tiskara-zagrebu","status":"publish","type":"post","link":"https:\/\/historiografija.hr\/?p=38515","title":{"rendered":"Predstavljanje knjige Ivana Mancea \u201eKosinjska tiskara\u201c Zagrebu"},"content":{"rendered":"\n<p>Predstavljanje knjige Ivana Mancea \u201cKosinjska tiskara \u2013 povijesna, informacijska i kartografska studija\u201d bit \u0107e u petak, 15. prosinca 2023. u 18 sati u Novinarskom domu u Zagrebu. Knjigu \u0107e predstaviti doc. dr. sc. Milan Bo\u0161njak, vl\u010d. Pero Jur\u010devi\u0107, prof. dr. sc. Daniel Patafta i dr. sc. Ivan Mance, autor.<\/p>\n\n\n\n<hr class=\"wp-block-separator\"\/>\n\n\n\n<p><\/p>\n","protected":false},"excerpt":{"rendered":"","protected":false},"author":2,"featured_media":38516,"comment_status":"open","ping_status":"open","sticky":false,"template":"","format":"standard","meta":{"_acf_changed":false,"jetpack_post_was_ever_published":false,"_jetpack_newsletter_access":"","_jetpack_dont_email_post_to_subs":false,"_jetpack_newsletter_tier_id":0,"_jetpack_memberships_contains_paywalled_content":false,"_jetpack_memberships_contains_paid_content":false,"footnotes":"","jetpack_publicize_message":"","jetpack_publicize_feature_enabled":true,"jetpack_social_post_already_shared":true,"jetpack_social_options":{"image_generator_settings":{"template":"highway","default_image_id":0,"font":"","enabled":false},"version":2}},"categories":[3],"tags":[],"class_list":["post-38515","post","type-post","status-publish","format-standard","has-post-thumbnail","hentry","category-novosti"],"acf":{"facebook_opis":""},"jetpack_publicize_connections":[],"jetpack_featured_media_url":"https:\/\/i0.wp.com\/historiografija.hr\/wp-content\/uploads\/2023\/12\/Pozivnica-ZG-scaled.jpg?fit=2560%2C2554&ssl=1","jetpack_sharing_enabled":true,"jetpack-related-posts":[],"_links":{"self":[{"href":"https:\/\/historiografija.hr\/index.php?rest_route=\/wp\/v2\/posts\/38515","targetHints":{"allow":["GET"]}}],"collection":[{"href":"https:\/\/historiografija.hr\/index.php?rest_route=\/wp\/v2\/posts"}],"about":[{"href":"https:\/\/historiografija.hr\/index.php?rest_route=\/wp\/v2\/types\/post"}],"author":[{"embeddable":true,"href":"https:\/\/historiografija.hr\/index.php?rest_route=\/wp\/v2\/users\/2"}],"replies":[{"embeddable":true,"href":"https:\/\/historiografija.hr\/index.php?rest_route=%2Fwp%2Fv2%2Fcomments&post=38515"}],"version-history":[{"count":2,"href":"https:\/\/historiografija.hr\/index.php?rest_route=\/wp\/v2\/posts\/38515\/revisions"}],"predecessor-version":[{"id":38518,"href":"https:\/\/historiografija.hr\/index.php?rest_route=\/wp\/v2\/posts\/38515\/revisions\/38518"}],"wp:featuredmedia":[{"embeddable":true,"href":"https:\/\/historiografija.hr\/index.php?rest_route=\/wp\/v2\/media\/38516"}],"wp:attachment":[{"href":"https:\/\/historiografija.hr\/index.php?rest_route=%2Fwp%2Fv2%2Fmedia&parent=38515"}],"wp:term":[{"taxonomy":"category","embeddable":true,"href":"https:\/\/historiografija.hr\/index.php?rest_route=%2Fwp%2Fv2%2Fcategories&post=38515"},{"taxonomy":"post_tag","embeddable":true,"href":"https:\/\/historiografija.hr\/index.php?rest_route=%2Fwp%2Fv2%2Ftags&post=38515"}],"curies":[{"name":"wp","href":"https:\/\/api.w.org\/{rel}","templated":true}]}}