{"id":38490,"date":"2023-12-11T21:10:38","date_gmt":"2023-12-11T21:10:38","guid":{"rendered":"http:\/\/historiografija.hr\/?p=38490"},"modified":"2024-01-08T10:25:38","modified_gmt":"2024-01-08T10:25:38","slug":"drugacija-povijest-vecer-emmanuel-le-roy-ladurie-drugaciji-povjesnicar","status":"publish","type":"post","link":"https:\/\/historiografija.hr\/?p=38490","title":{"rendered":"Druga\u010dija povijest: Ve\u010der &#8211; Emmanuel Le Roy Ladurie. Druga\u010diji povjesni\u010dar"},"content":{"rendered":"\n<p>U srijedu, 13. prosinca 2023. u 18 sati u Vije\u0107nici Filozofskog fakulteta Sveu\u010dili\u0161ta u Zagrebu odr\u017eat \u0107e se ve\u010der u \u010dast nedavno preminulom francuskom povjesni\u010daru Emmanuelu Le Roy Ladurieu.<\/p>\n\n\n\n<p>Sudjeluju: Borislav Grgin, Hrvoje Petri\u0107, Suzana Simon, Filip \u0160imetin \u0160egvi\u0107.<\/p>\n\n\n\n<p>Ulomke \u010ditaju: Lucija Mihalek, Klara Miholi\u0107.<\/p>\n\n\n\n<div class=\"wp-block-file\"><a href=\"https:\/\/historiografija.hr\/wp-content\/uploads\/2023\/12\/pozivnica-ELRL.pdf\">pozivnica-ELRL<\/a><a href=\"https:\/\/historiografija.hr\/wp-content\/uploads\/2023\/12\/pozivnica-ELRL.pdf\" class=\"wp-block-file__button\" download>Preuzmi<\/a><\/div>\n\n\n\n<hr class=\"wp-block-separator\"\/>\n\n\n\n<p>Izvori i dodatne obavijesti:<\/p>\n\n\n\n<p><a href=\"http:\/\/ckhis.ffzg.unizg.hr\/hr\/novosti\/ve%c4%8der-posve%c4%87ena-emmanuelu-le-roy-ladurieju,70.html\">http:\/\/ckhis.ffzg.unizg.hr\/hr\/novosti\/ve%c4%8der-posve%c4%87ena-emmanuelu-le-roy-ladurieju,70.html<\/a><\/p>\n\n\n\n<p><a href=\"https:\/\/historiografija.ba\/article.php?id=2125\">https:\/\/historiografija.ba\/article.php?id=2125<\/a><\/p>\n\n\n\n<hr class=\"wp-block-separator\"\/>\n\n\n\n<figure class=\"wp-block-embed-wordpress wp-block-embed is-type-wp-embed is-provider-historiografija-hr\"><div class=\"wp-block-embed__wrapper\">\n<blockquote class=\"wp-embedded-content\" data-secret=\"LTMcrvOtKl\"><a href=\"https:\/\/historiografija.hr\/?p=38312\">Preminuo Emmanuel Le Roy Ladurie<\/a><\/blockquote><iframe loading=\"lazy\" class=\"wp-embedded-content\" sandbox=\"allow-scripts\" security=\"restricted\" style=\"position: absolute; clip: rect(1px, 1px, 1px, 1px);\" title=\"&#8220;Preminuo Emmanuel Le Roy Ladurie&#8221; &#8212; Historiografija.hr\" src=\"https:\/\/historiografija.hr\/?p=38312&#038;embed=true#?secret=LTMcrvOtKl\" data-secret=\"LTMcrvOtKl\" width=\"600\" height=\"338\" frameborder=\"0\" marginwidth=\"0\" marginheight=\"0\" scrolling=\"no\"><\/iframe>\n<\/div><\/figure>\n\n\n\n<hr class=\"wp-block-separator\"\/>\n\n\n\n<figure class=\"wp-block-embed-wordpress wp-block-embed is-type-wp-embed is-provider-historiografija-hr\"><div class=\"wp-block-embed__wrapper\">\n<blockquote class=\"wp-embedded-content\" data-secret=\"yCzJaMpjFB\"><a href=\"https:\/\/historiografija.hr\/?p=20834\">Emmanuel Le Roy Ladurie, &#8220;Histoire du climat depuis l\u2019an mil&#8221; (\u00c9dition augment\u00e9e d\u2019une nouvelle pr\u00e9face)<\/a><\/blockquote><iframe loading=\"lazy\" class=\"wp-embedded-content\" sandbox=\"allow-scripts\" security=\"restricted\" style=\"position: absolute; clip: rect(1px, 1px, 1px, 1px);\" title=\"&#8220;Emmanuel Le Roy Ladurie, &#8220;Histoire du climat depuis l\u2019an mil&#8221; (\u00c9dition augment\u00e9e d\u2019une nouvelle pr\u00e9face)&#8221; &#8212; Historiografija.hr\" src=\"https:\/\/historiografija.hr\/?p=20834&#038;embed=true#?secret=yCzJaMpjFB\" data-secret=\"yCzJaMpjFB\" width=\"600\" height=\"338\" frameborder=\"0\" marginwidth=\"0\" marginheight=\"0\" scrolling=\"no\"><\/iframe>\n<\/div><\/figure>\n\n\n\n<hr class=\"wp-block-separator\"\/>\n","protected":false},"excerpt":{"rendered":"","protected":false},"author":2,"featured_media":38491,"comment_status":"open","ping_status":"open","sticky":false,"template":"","format":"standard","meta":{"_acf_changed":false,"jetpack_post_was_ever_published":false,"_jetpack_newsletter_access":"","_jetpack_dont_email_post_to_subs":false,"_jetpack_newsletter_tier_id":0,"_jetpack_memberships_contains_paywalled_content":false,"_jetpack_memberships_contains_paid_content":false,"footnotes":"","jetpack_publicize_message":"","jetpack_publicize_feature_enabled":true,"jetpack_social_post_already_shared":true,"jetpack_social_options":{"image_generator_settings":{"template":"highway","default_image_id":0,"font":"","enabled":false},"version":2}},"categories":[3,20],"tags":[],"class_list":["post-38490","post","type-post","status-publish","format-standard","has-post-thumbnail","hentry","category-novosti","category-obavijesti-o-smrti-i-nekrolozi"],"acf":{"facebook_opis":""},"jetpack_publicize_connections":[],"jetpack_featured_media_url":"https:\/\/i0.wp.com\/historiografija.hr\/wp-content\/uploads\/2023\/12\/Ladurie.jpg?fit=1284%2C1038&ssl=1","jetpack_sharing_enabled":true,"jetpack-related-posts":[],"_links":{"self":[{"href":"https:\/\/historiografija.hr\/index.php?rest_route=\/wp\/v2\/posts\/38490","targetHints":{"allow":["GET"]}}],"collection":[{"href":"https:\/\/historiografija.hr\/index.php?rest_route=\/wp\/v2\/posts"}],"about":[{"href":"https:\/\/historiografija.hr\/index.php?rest_route=\/wp\/v2\/types\/post"}],"author":[{"embeddable":true,"href":"https:\/\/historiografija.hr\/index.php?rest_route=\/wp\/v2\/users\/2"}],"replies":[{"embeddable":true,"href":"https:\/\/historiografija.hr\/index.php?rest_route=%2Fwp%2Fv2%2Fcomments&post=38490"}],"version-history":[{"count":8,"href":"https:\/\/historiografija.hr\/index.php?rest_route=\/wp\/v2\/posts\/38490\/revisions"}],"predecessor-version":[{"id":38524,"href":"https:\/\/historiografija.hr\/index.php?rest_route=\/wp\/v2\/posts\/38490\/revisions\/38524"}],"wp:featuredmedia":[{"embeddable":true,"href":"https:\/\/historiografija.hr\/index.php?rest_route=\/wp\/v2\/media\/38491"}],"wp:attachment":[{"href":"https:\/\/historiografija.hr\/index.php?rest_route=%2Fwp%2Fv2%2Fmedia&parent=38490"}],"wp:term":[{"taxonomy":"category","embeddable":true,"href":"https:\/\/historiografija.hr\/index.php?rest_route=%2Fwp%2Fv2%2Fcategories&post=38490"},{"taxonomy":"post_tag","embeddable":true,"href":"https:\/\/historiografija.hr\/index.php?rest_route=%2Fwp%2Fv2%2Ftags&post=38490"}],"curies":[{"name":"wp","href":"https:\/\/api.w.org\/{rel}","templated":true}]}}