{"id":38469,"date":"2023-12-09T13:44:43","date_gmt":"2023-12-09T13:44:43","guid":{"rendered":"http:\/\/historiografija.hr\/?p=38469"},"modified":"2023-12-09T13:44:43","modified_gmt":"2023-12-09T13:44:43","slug":"politik-und-literatur-mit-einem-dossier-zum-osterreichischen-p-e-n-club-1923-2023-in-internationaler-perspektive","status":"publish","type":"post","link":"https:\/\/historiografija.hr\/?p=38469","title":{"rendered":"Politik und Literatur. Mit einem Dossier zum \u00f6sterreichischen P.E.N.-Club 1923-2023 in internationaler Perspektive"},"content":{"rendered":"\n<p>Herausgegeben von Katharina Manojlovic und Cornelius Mitterer<\/p>\n\n\n\n<hr class=\"wp-block-separator\"\/>\n\n\n\n<p>Wann ist Literatur politisch? Der 30. Band der Profile mit einem Dossier zum \u00f6sterreichischen PEN-Club<br><br>Was sind die politischen Potentiale literarischer Netzwerke? Welche Bedeutung kommt ihnen angesichts von Krieg, Flucht und Repression zu?<\/p>\n\n\n\n<p>Im Fokus stehen au\u00dferdem das 1960 gegr\u00fcndete Writers in Prison Committee des PEN International sowie die Emanzipationsbestrebungen und das kulturpolitische Engagement \u00f6sterreichischer Schriftstellerinnen wie Hilde Spiel und Dorothea Zeemann.<\/p>\n\n\n\n<p>Ein Dossier widmet sich in Form von wissenschaftlichen und essayistischen Beitr\u00e4gen, Interviews und erstmals ver\u00f6ffentlichten Archivobjekten der einhundertj\u00e4hrigen Geschichte des \u00f6sterreichischen PEN-Clubs in internationaler Perspektive.<\/p>\n\n\n\n<hr class=\"wp-block-separator\"\/>\n\n\n\n<p>Verlag: Zsolnay-Verlag<\/p>\n\n\n\n<p>Erscheinungsdatum: 25.09.2023<\/p>\n\n\n\n<p>Seiten: 284<\/p>\n\n\n\n<p>Sprache: Deutsch<\/p>\n\n\n\n<hr class=\"wp-block-separator\"\/>\n\n\n\n<p><a href=\"https:\/\/www.morawa.at\/detail\/ISBN-9783552073661\/Manojlovic-Katharina\/Politik-und-Literatur\">https:\/\/www.morawa.at\/detail\/ISBN-9783552073661\/Manojlovic-Katharina\/Politik-und-Literatur<\/a><\/p>\n\n\n\n<hr class=\"wp-block-separator\"\/>\n","protected":false},"excerpt":{"rendered":"","protected":false},"author":2,"featured_media":38470,"comment_status":"open","ping_status":"open","sticky":false,"template":"","format":"standard","meta":{"_acf_changed":false,"jetpack_post_was_ever_published":false,"_jetpack_newsletter_access":"","_jetpack_dont_email_post_to_subs":false,"_jetpack_newsletter_tier_id":0,"_jetpack_memberships_contains_paywalled_content":false,"_jetpack_memberships_contains_paid_content":false,"footnotes":"","jetpack_publicize_message":"","jetpack_publicize_feature_enabled":true,"jetpack_social_post_already_shared":true,"jetpack_social_options":{"image_generator_settings":{"template":"highway","default_image_id":0,"font":"","enabled":false},"version":2}},"categories":[8,3],"tags":[],"class_list":["post-38469","post","type-post","status-publish","format-standard","has-post-thumbnail","hentry","category-knjige","category-novosti"],"acf":{"facebook_opis":""},"jetpack_publicize_connections":[],"jetpack_featured_media_url":"https:\/\/i0.wp.com\/historiografija.hr\/wp-content\/uploads\/2023\/12\/Politik-und-Literatur.jpg?fit=842%2C1200&ssl=1","jetpack_sharing_enabled":true,"jetpack-related-posts":[],"_links":{"self":[{"href":"https:\/\/historiografija.hr\/index.php?rest_route=\/wp\/v2\/posts\/38469","targetHints":{"allow":["GET"]}}],"collection":[{"href":"https:\/\/historiografija.hr\/index.php?rest_route=\/wp\/v2\/posts"}],"about":[{"href":"https:\/\/historiografija.hr\/index.php?rest_route=\/wp\/v2\/types\/post"}],"author":[{"embeddable":true,"href":"https:\/\/historiografija.hr\/index.php?rest_route=\/wp\/v2\/users\/2"}],"replies":[{"embeddable":true,"href":"https:\/\/historiografija.hr\/index.php?rest_route=%2Fwp%2Fv2%2Fcomments&post=38469"}],"version-history":[{"count":1,"href":"https:\/\/historiografija.hr\/index.php?rest_route=\/wp\/v2\/posts\/38469\/revisions"}],"predecessor-version":[{"id":38471,"href":"https:\/\/historiografija.hr\/index.php?rest_route=\/wp\/v2\/posts\/38469\/revisions\/38471"}],"wp:featuredmedia":[{"embeddable":true,"href":"https:\/\/historiografija.hr\/index.php?rest_route=\/wp\/v2\/media\/38470"}],"wp:attachment":[{"href":"https:\/\/historiografija.hr\/index.php?rest_route=%2Fwp%2Fv2%2Fmedia&parent=38469"}],"wp:term":[{"taxonomy":"category","embeddable":true,"href":"https:\/\/historiografija.hr\/index.php?rest_route=%2Fwp%2Fv2%2Fcategories&post=38469"},{"taxonomy":"post_tag","embeddable":true,"href":"https:\/\/historiografija.hr\/index.php?rest_route=%2Fwp%2Fv2%2Ftags&post=38469"}],"curies":[{"name":"wp","href":"https:\/\/api.w.org\/{rel}","templated":true}]}}