{"id":38461,"date":"2023-12-07T18:02:05","date_gmt":"2023-12-07T18:02:05","guid":{"rendered":"http:\/\/historiografija.hr\/?p=38461"},"modified":"2023-12-07T18:02:05","modified_gmt":"2023-12-07T18:02:05","slug":"razgovori-sa-francuskim-istoricarima","status":"publish","type":"post","link":"https:\/\/historiografija.hr\/?p=38461","title":{"rendered":"RAZGOVORI SA FRANCUSKIM ISTORI\u010cARIMA"},"content":{"rendered":"\n<p>Fernan Brodel, \u017dor\u017e Dibi, \u017dan-Pjer Vernan, \u017dak Le Gof<\/p>\n\n\n\n<p>Priredio Dejan Ani\u010di\u0107<\/p>\n\n\n\n<p>Prevod: Olivija Rusovac, Veljko Stani\u0107 et. al.<\/p>\n\n\n\n<p>Intervjui, teorijski dodaci, indeks imena<\/p>\n\n\n\n<p>Broj strana: 170<\/p>\n\n\n\n<p>Godina izdanja: 2023.<\/p>\n\n\n\n<hr class=\"wp-block-separator\"\/>\n\n\n\n<p>Mediteran godinama i godinama zaista nisam nalazio. Lako sam na\u0161ao Filipa II, njegove odnose sa Francuskom\u2026 Mogao sam stvarno da napi\u0161em romansirani \u017eivot Filipa II. Onda sam jednog dana oti\u0161ao u Dubrovnik (Raguza), \u010diji divni arhivi sadr\u017ee dokumente o pomorskim osiguranjima, brodskom prevozu (les nolis), trgova\u010dka pisma, o teretnim jedrenjacima iz XVI veka, dakle ceo Mediteran. Ne znam \u0161ta bih radio da nisam bio u Dubrovniku.<\/p>\n\n\n\n<p>Fernan Brodel (1902\u20131985)<\/p>\n\n\n\n<p>Kada sam bio student, dominantna humanisti\u010dka nauka bila je geografija, kojoj mnogo dugujem, i bez sumnje mojoj naro\u010ditoj \u017eelji da prou\u010davam globalne fenomene. Moji u\u010ditelji su me nau\u010dili da \u010ditam pejza\u017e, to jest nerazlu\u010divi skup u koji se uklapaju mnogi elementi od kojih su neki materijalni, dok drugi spadaju u ritual, pravo, verovanje. (\u2026) Nakon geografije, istra\u017eivanja, metodi i rezultati u oblasti antropologije su mi su\u0161tinski pomogli. Marsel Mos, Levi-Stros i afrikanisti na terenu pomogli su mi da upotpunim studije materijalnih struktura, seoske ekonomije; ohrabrili su me da prou\u010davam porodicu, brak, seksualnost, sistem mi\u0161ljenja u srednjovekovno doba.<\/p>\n\n\n\n<p>\u017dor\u017e Dibi (1919\u20131996)<\/p>\n\n\n\n<hr class=\"wp-block-separator\"\/>\n\n\n\n<p>Izvor:<\/p>\n\n\n\n<figure class=\"wp-block-embed-wordpress wp-block-embed is-type-wp-embed is-provider-karpos\"><div class=\"wp-block-embed__wrapper\">\n<blockquote class=\"wp-embedded-content\" data-secret=\"P58xzAwsOB\"><a href=\"http:\/\/karposbooks.rs\/shop\/novo\/razgovori-sa-francuskim-istoricarima\/\">RAZGOVORI SA FRANCUSKIM ISTORI\u010cARIMAFernan Brodel, \u017dor\u017e Dibi, \u017dan-Pjer Vernan, \u017dak Le Gofpriredio Dejan Ani\u010di\u0107<\/a><\/blockquote><iframe loading=\"lazy\" class=\"wp-embedded-content\" sandbox=\"allow-scripts\" security=\"restricted\" style=\"position: absolute; clip: rect(1px, 1px, 1px, 1px);\" title=\"&#132;RAZGOVORI SA FRANCUSKIM ISTORI\u010cARIMA&lt;br&gt;Fernan Brodel, \u017dor\u017e Dibi, \u017dan-Pjer Vernan, \u017dak Le Gof&lt;br&gt;priredio Dejan Ani\u010di\u0107&#147; \u2014 Karpos\" src=\"http:\/\/karposbooks.rs\/shop\/novo\/razgovori-sa-francuskim-istoricarima\/embed\/#?secret=P58xzAwsOB\" data-secret=\"P58xzAwsOB\" width=\"600\" height=\"338\" frameborder=\"0\" marginwidth=\"0\" marginheight=\"0\" scrolling=\"no\"><\/iframe>\n<\/div><\/figure>\n\n\n\n<hr class=\"wp-block-separator\"\/>\n","protected":false},"excerpt":{"rendered":"","protected":false},"author":2,"featured_media":38462,"comment_status":"open","ping_status":"open","sticky":false,"template":"","format":"standard","meta":{"_acf_changed":false,"jetpack_post_was_ever_published":false,"_jetpack_newsletter_access":"","_jetpack_dont_email_post_to_subs":false,"_jetpack_newsletter_tier_id":0,"_jetpack_memberships_contains_paywalled_content":false,"_jetpack_memberships_contains_paid_content":false,"footnotes":"","jetpack_publicize_message":"","jetpack_publicize_feature_enabled":true,"jetpack_social_post_already_shared":true,"jetpack_social_options":{"image_generator_settings":{"template":"highway","default_image_id":0,"font":"","enabled":false},"version":2}},"categories":[8,3],"tags":[],"class_list":["post-38461","post","type-post","status-publish","format-standard","has-post-thumbnail","hentry","category-knjige","category-novosti"],"acf":{"facebook_opis":""},"jetpack_publicize_connections":[],"jetpack_featured_media_url":"https:\/\/i0.wp.com\/historiografija.hr\/wp-content\/uploads\/2023\/12\/razgovori-fr..jpg?fit=221%2C312&ssl=1","jetpack_sharing_enabled":true,"jetpack-related-posts":[],"_links":{"self":[{"href":"https:\/\/historiografija.hr\/index.php?rest_route=\/wp\/v2\/posts\/38461","targetHints":{"allow":["GET"]}}],"collection":[{"href":"https:\/\/historiografija.hr\/index.php?rest_route=\/wp\/v2\/posts"}],"about":[{"href":"https:\/\/historiografija.hr\/index.php?rest_route=\/wp\/v2\/types\/post"}],"author":[{"embeddable":true,"href":"https:\/\/historiografija.hr\/index.php?rest_route=\/wp\/v2\/users\/2"}],"replies":[{"embeddable":true,"href":"https:\/\/historiografija.hr\/index.php?rest_route=%2Fwp%2Fv2%2Fcomments&post=38461"}],"version-history":[{"count":1,"href":"https:\/\/historiografija.hr\/index.php?rest_route=\/wp\/v2\/posts\/38461\/revisions"}],"predecessor-version":[{"id":38463,"href":"https:\/\/historiografija.hr\/index.php?rest_route=\/wp\/v2\/posts\/38461\/revisions\/38463"}],"wp:featuredmedia":[{"embeddable":true,"href":"https:\/\/historiografija.hr\/index.php?rest_route=\/wp\/v2\/media\/38462"}],"wp:attachment":[{"href":"https:\/\/historiografija.hr\/index.php?rest_route=%2Fwp%2Fv2%2Fmedia&parent=38461"}],"wp:term":[{"taxonomy":"category","embeddable":true,"href":"https:\/\/historiografija.hr\/index.php?rest_route=%2Fwp%2Fv2%2Fcategories&post=38461"},{"taxonomy":"post_tag","embeddable":true,"href":"https:\/\/historiografija.hr\/index.php?rest_route=%2Fwp%2Fv2%2Ftags&post=38461"}],"curies":[{"name":"wp","href":"https:\/\/api.w.org\/{rel}","templated":true}]}}