{"id":38456,"date":"2023-12-07T17:54:46","date_gmt":"2023-12-07T17:54:46","guid":{"rendered":"http:\/\/historiografija.hr\/?p=38456"},"modified":"2023-12-07T17:56:43","modified_gmt":"2023-12-07T17:56:43","slug":"institut-francais-de-zagreb-fondements-et-contextes-dune-mediation-culturelle","status":"publish","type":"post","link":"https:\/\/historiografija.hr\/?p=38456","title":{"rendered":"Institut fran\u00e7ais de Zagreb : Fondements et contextes d&#8217;une m\u00e9diation culturelle"},"content":{"rendered":"\n<p>Sous la direction de Daniel Baric et Edi Milos<\/p>\n\n\n\n<hr class=\"wp-block-separator\"\/>\n\n\n\n<p>Objavljen je 2023. godine zbornik koji su uredili Daniel Baric i Edi Milo\u0161. Zbornik se bavi povije\u0161\u0107u Francuskog instituta u Zagrebu povodom njegove stogodi\u0161njice 1921-2021. godine. Fokus zbornika je na me\u0111uratnom razdoblju i ulozi Instituta u francusko-hrvatskim kulturnim razmjenama.<\/p>\n\n\n\n<hr class=\"wp-block-separator\"\/>\n\n\n\n<p>L\u2019institutionnalisation d\u2019une coop\u00e9ration entre la France et la Croatie sous la forme d\u2019un Institut fran\u00e7ais \u00e0 Zagreb t\u00e9moigne jusqu\u2019\u00e0 nos jours d\u2019une nouvelle dynamique des \u00e9changes franco-croates initi\u00e9e dans une configuration politique profond\u00e9ment transform\u00e9e \u00e0 l\u2019issue de la Premi\u00e8re Guerre mondiale. Une s\u00e9rie d\u2019initiatives locales visant \u00e0 multiplier les contacts avec la culture fran\u00e7aise a \u00e9t\u00e9 lanc\u00e9e par les deux premiers directeurs de l\u2019Institut fran\u00e7ais, Raymond Warnier (1921-1935) et son successeur Jean Dayre (1935-1947). Comme tout \u00e9tablissement li\u00e9 \u00e0 la pr\u00e9sence de la France \u00e0 l\u2019\u00e9tranger, l\u2019Institut fran\u00e7ais de Zagreb devint aussi un outil de diplomatie culturelle. Il demeura n\u00e9anmoins un lieu de rencontre interculturelle avec un public local francophone ou int\u00e9ress\u00e9 par la francophonie, refl\u00e9tant l\u2019\u00e9tat complexe et sp\u00e9cifique des relations franco-croates dans leur contexte tant local que r\u00e9gional.<\/p>\n\n\n\n<p>\u00c0 partir d\u2019un faisceau d\u2019\u00e9tudes ancr\u00e9es dans diff\u00e9rents champs disciplinaires, les contributions r\u00e9unies dans ce volume pr\u00e9sentent une premi\u00e8re synth\u00e8se sur ce foyer de culture fran\u00e7aise en milieu croate centr\u00e9e sur les pr\u00e9mices d\u2019une coop\u00e9ration d\u00e9sormais plus que centenaire.<\/p>\n\n\n\n<p>Daniel Baric enseigne l\u2019histoire litt\u00e9raire sud-slave et la traduction \u00e0 l\u2019UFR d\u2019\u00e9tudes slaves de Sorbonne Universit\u00e9, o\u00f9 il poursuit des recherches sur l\u2019histoire interculturelle de l\u2019Europe centrale, orientale et balkanique.<\/p>\n\n\n\n<p>Edi Milo\u0161 enseigne l\u2019histoire \u00e0 l\u2019universit\u00e9 de Split. Ses recherches portent sur les pays croates, l\u2019espace adriatique, les domaines danubien et balkanique aux XIXe et XXe si\u00e8cles.<\/p>\n\n\n\n<hr class=\"wp-block-separator\"\/>\n\n\n\n<figure class=\"wp-block-embed-wordpress wp-block-embed is-type-wp-embed is-provider-institut-d-039-etudes-slaves\"><div class=\"wp-block-embed__wrapper\">\n<blockquote class=\"wp-embedded-content\" data-secret=\"AkKbaGlxRH\"><a href=\"https:\/\/institut-etudes-slaves.fr\/products-page\/croate\/institut-francais-de-zagreb-1921-2021\/\">Institut fran\u00e7ais de Zagreb (1921-2021)<\/a><\/blockquote><iframe loading=\"lazy\" class=\"wp-embedded-content\" sandbox=\"allow-scripts\" security=\"restricted\" style=\"position: absolute; clip: rect(1px, 1px, 1px, 1px);\" title=\"\u00ab\u00a0Institut fran\u00e7ais de Zagreb (1921-2021)\u00a0\u00bb &#8212; INSTITUT D&#039;\u00c9TUDES SLAVES\" src=\"https:\/\/institut-etudes-slaves.fr\/products-page\/croate\/institut-francais-de-zagreb-1921-2021\/embed\/#?secret=qqulDh92Ro#?secret=AkKbaGlxRH\" data-secret=\"AkKbaGlxRH\" width=\"600\" height=\"338\" frameborder=\"0\" marginwidth=\"0\" marginheight=\"0\" scrolling=\"no\"><\/iframe>\n<\/div><\/figure>\n\n\n\n<hr class=\"wp-block-separator\"\/>\n\n\n\n<figure class=\"wp-block-embed-wordpress wp-block-embed is-type-wp-embed is-provider-historiografija-hr\"><div class=\"wp-block-embed__wrapper\">\n<blockquote class=\"wp-embedded-content\" data-secret=\"DHskmQG0oz\"><a href=\"https:\/\/historiografija.hr\/?p=25033\">2021: Francuski institut u Hrvatskoj slavi svoju stogodi\u0161njicu!<\/a><\/blockquote><iframe loading=\"lazy\" class=\"wp-embedded-content\" sandbox=\"allow-scripts\" security=\"restricted\" style=\"position: absolute; clip: rect(1px, 1px, 1px, 1px);\" title=\"&#8220;2021: Francuski institut u Hrvatskoj slavi svoju stogodi\u0161njicu!&#8221; &#8212; Historiografija.hr\" src=\"https:\/\/historiografija.hr\/?p=25033&#038;embed=true#?secret=DHskmQG0oz\" data-secret=\"DHskmQG0oz\" width=\"600\" height=\"338\" frameborder=\"0\" marginwidth=\"0\" marginheight=\"0\" scrolling=\"no\"><\/iframe>\n<\/div><\/figure>\n\n\n\n<hr class=\"wp-block-separator\"\/>\n","protected":false},"excerpt":{"rendered":"","protected":false},"author":2,"featured_media":38457,"comment_status":"open","ping_status":"open","sticky":false,"template":"","format":"standard","meta":{"_acf_changed":false,"jetpack_post_was_ever_published":false,"_jetpack_newsletter_access":"","_jetpack_dont_email_post_to_subs":false,"_jetpack_newsletter_tier_id":0,"_jetpack_memberships_contains_paywalled_content":false,"_jetpack_memberships_contains_paid_content":false,"footnotes":"","jetpack_publicize_message":"","jetpack_publicize_feature_enabled":true,"jetpack_social_post_already_shared":true,"jetpack_social_options":{"image_generator_settings":{"template":"highway","default_image_id":0,"font":"","enabled":false},"version":2}},"categories":[8,3],"tags":[],"class_list":["post-38456","post","type-post","status-publish","format-standard","has-post-thumbnail","hentry","category-knjige","category-novosti"],"acf":{"facebook_opis":""},"jetpack_publicize_connections":[],"jetpack_featured_media_url":"https:\/\/i0.wp.com\/historiografija.hr\/wp-content\/uploads\/2023\/12\/Institut_fr.jpg?fit=843%2C1268&ssl=1","jetpack_sharing_enabled":true,"jetpack-related-posts":[],"_links":{"self":[{"href":"https:\/\/historiografija.hr\/index.php?rest_route=\/wp\/v2\/posts\/38456","targetHints":{"allow":["GET"]}}],"collection":[{"href":"https:\/\/historiografija.hr\/index.php?rest_route=\/wp\/v2\/posts"}],"about":[{"href":"https:\/\/historiografija.hr\/index.php?rest_route=\/wp\/v2\/types\/post"}],"author":[{"embeddable":true,"href":"https:\/\/historiografija.hr\/index.php?rest_route=\/wp\/v2\/users\/2"}],"replies":[{"embeddable":true,"href":"https:\/\/historiografija.hr\/index.php?rest_route=%2Fwp%2Fv2%2Fcomments&post=38456"}],"version-history":[{"count":3,"href":"https:\/\/historiografija.hr\/index.php?rest_route=\/wp\/v2\/posts\/38456\/revisions"}],"predecessor-version":[{"id":38460,"href":"https:\/\/historiografija.hr\/index.php?rest_route=\/wp\/v2\/posts\/38456\/revisions\/38460"}],"wp:featuredmedia":[{"embeddable":true,"href":"https:\/\/historiografija.hr\/index.php?rest_route=\/wp\/v2\/media\/38457"}],"wp:attachment":[{"href":"https:\/\/historiografija.hr\/index.php?rest_route=%2Fwp%2Fv2%2Fmedia&parent=38456"}],"wp:term":[{"taxonomy":"category","embeddable":true,"href":"https:\/\/historiografija.hr\/index.php?rest_route=%2Fwp%2Fv2%2Fcategories&post=38456"},{"taxonomy":"post_tag","embeddable":true,"href":"https:\/\/historiografija.hr\/index.php?rest_route=%2Fwp%2Fv2%2Ftags&post=38456"}],"curies":[{"name":"wp","href":"https:\/\/api.w.org\/{rel}","templated":true}]}}