{"id":38449,"date":"2023-12-07T17:20:27","date_gmt":"2023-12-07T17:20:27","guid":{"rendered":"http:\/\/historiografija.hr\/?p=38449"},"modified":"2024-01-20T17:56:05","modified_gmt":"2024-01-20T17:56:05","slug":"daniel-baric-hg-die-lebenserinnerungen-von-carl-patsch-archaologie-eines-lebens-zwischen-bohmen-und-bosnien","status":"publish","type":"post","link":"https:\/\/historiografija.hr\/?p=38449","title":{"rendered":"Daniel Baric (Hg.), \u201eDie Lebenserinnerungen von Carl Patsch. Arch\u00e4ologie eines Lebens zwischen B\u00f6hmen und Bosnien\u201c"},"content":{"rendered":"\n<p>Daniel Baric priredio je upravo objavljene uspomene arheologa Carla Patscha (1865-1945) koji je bio kustos u Zemaljskom muzeju Bosne i Hercegovine i osniva\u010d Balkanskog instituta u Sarajevu, a bavio se i antikom na hrvatskom prostoru. U radu na knjizi Patschovih autobiografskih zapisa \u2013 koja je dostupna u slobodnom pristupu \u2013 sudjelovali su i pomagali Dejan Zadro, Konrad&nbsp;Clewing i drugi.<\/p>\n\n\n\n<hr class=\"wp-block-separator\"\/>\n\n\n\n<p><strong>Carl Patsch<\/strong> (*\u200a1865 in Kova\u010d\/B\u00f6hmen, \u2020\u200a1945 in Wien) ist einer der Begr\u00fcnder der balkanr\u00f6mischen Provinzialarch\u00e4ologie. Im von der k.u.k. Monarchie besetzten und verwalteten Bosnien-Herzegowina diente er der Forschung und Wissenschaftspolitik als Kustos am Bosnisch-Herzegowinischen Landesmuseum (Zemaljski muzej Bosne i Hercegovine) und als Gr\u00fcndungsdirektor des Bosnisch-Herzegowinischen Instituts f\u00fcr Balkanforschung. In der hier erstmals edierten Autobiographie behandelt er die Familiengeschichte und sein Leben von der Jugend in Wolhynien und Prag, \u00fcber das Studium dort und in Wien bis hin zu seiner wissenschaftlichen Karriere in Bosnien-Herzegowina und auf Grabungsreisen in Dalmatien und Kleinasien bis 1902. Carl Patsch hat epochen\u00fcbergreifend von der Antike bis nahe an seine Gegenwart \u00fcber den Balkan geforscht. \u00dcber die historischen Zusammenh\u00e4nge und Patschs weiteren Lebensweg in Sarajevo (bis 1918) und sp\u00e4ter in Wien sowie \u00fcber die von Patsch dauerhaft in Bosnien hinterlassenen Spuren informiert Daniel Barics grundlegende Einleitung.<\/p>\n\n\n\n<hr class=\"wp-block-separator\"\/>\n\n\n\n<p><em><strong>Dr. Daniel Baric <\/strong><\/em>ist franz\u00f6sischer Philologe und Historiker. Der ausgewiesene Kenner der Geistes- und Wissenschaftsgeschichte des mitteleurop\u00e4isch-habsburgischen Raums lehrt seit 2018 als Universit\u00e4ts\u00addozent f\u00fcr Slavistik an der Sorbonne Universit\u00e9 in Paris.<\/p>\n\n\n\n<hr class=\"wp-block-separator\"\/>\n\n\n\n<p><a href=\"https:\/\/www.frank-timme.de\/de\/programm\/produkt\/die-lebenserinnerungen-von-carl-patsch\">https:\/\/www.frank-timme.de\/de\/programm\/produkt\/die-lebenserinnerungen-von-carl-patsch<\/a><\/p>\n\n\n\n<hr class=\"wp-block-separator\"\/>\n\n\n\n<p><strong>Karl Patsch<\/strong><\/p>\n\n\n\n<p><a href=\"https:\/\/www.enciklopedija.hr\/natuknica.aspx?id=47038\">Hrvatska enciklopedija<\/a><\/p>\n\n\n\n<hr class=\"wp-block-separator\"\/>\n\n\n\n<p><strong>Sje\u0107anja Karla Pa\u010da<\/strong><\/p>\n\n\n\n<p><a href=\"https:\/\/historiografija.ba\/article.php?id=2208\">https:\/\/historiografija.ba\/article.php?id=2208<\/a><\/p>\n\n\n\n<hr class=\"wp-block-separator\"\/>\n","protected":false},"excerpt":{"rendered":"","protected":false},"author":2,"featured_media":38450,"comment_status":"open","ping_status":"open","sticky":false,"template":"","format":"standard","meta":{"_acf_changed":false,"jetpack_post_was_ever_published":false,"_jetpack_newsletter_access":"","_jetpack_dont_email_post_to_subs":false,"_jetpack_newsletter_tier_id":0,"_jetpack_memberships_contains_paywalled_content":false,"_jetpack_memberships_contains_paid_content":false,"footnotes":"","jetpack_publicize_message":"","jetpack_publicize_feature_enabled":true,"jetpack_social_post_already_shared":true,"jetpack_social_options":{"image_generator_settings":{"template":"highway","default_image_id":0,"font":"","enabled":false},"version":2}},"categories":[19,8,3],"tags":[],"class_list":["post-38449","post","type-post","status-publish","format-standard","has-post-thumbnail","hentry","category-e-knjige","category-knjige","category-novosti"],"acf":{"facebook_opis":""},"jetpack_publicize_connections":[],"jetpack_featured_media_url":"https:\/\/i0.wp.com\/historiografija.hr\/wp-content\/uploads\/2023\/12\/Patsch.jpg?fit=500%2C710&ssl=1","jetpack_sharing_enabled":true,"jetpack-related-posts":[],"_links":{"self":[{"href":"https:\/\/historiografija.hr\/index.php?rest_route=\/wp\/v2\/posts\/38449","targetHints":{"allow":["GET"]}}],"collection":[{"href":"https:\/\/historiografija.hr\/index.php?rest_route=\/wp\/v2\/posts"}],"about":[{"href":"https:\/\/historiografija.hr\/index.php?rest_route=\/wp\/v2\/types\/post"}],"author":[{"embeddable":true,"href":"https:\/\/historiografija.hr\/index.php?rest_route=\/wp\/v2\/users\/2"}],"replies":[{"embeddable":true,"href":"https:\/\/historiografija.hr\/index.php?rest_route=%2Fwp%2Fv2%2Fcomments&post=38449"}],"version-history":[{"count":3,"href":"https:\/\/historiografija.hr\/index.php?rest_route=\/wp\/v2\/posts\/38449\/revisions"}],"predecessor-version":[{"id":39204,"href":"https:\/\/historiografija.hr\/index.php?rest_route=\/wp\/v2\/posts\/38449\/revisions\/39204"}],"wp:featuredmedia":[{"embeddable":true,"href":"https:\/\/historiografija.hr\/index.php?rest_route=\/wp\/v2\/media\/38450"}],"wp:attachment":[{"href":"https:\/\/historiografija.hr\/index.php?rest_route=%2Fwp%2Fv2%2Fmedia&parent=38449"}],"wp:term":[{"taxonomy":"category","embeddable":true,"href":"https:\/\/historiografija.hr\/index.php?rest_route=%2Fwp%2Fv2%2Fcategories&post=38449"},{"taxonomy":"post_tag","embeddable":true,"href":"https:\/\/historiografija.hr\/index.php?rest_route=%2Fwp%2Fv2%2Ftags&post=38449"}],"curies":[{"name":"wp","href":"https:\/\/api.w.org\/{rel}","templated":true}]}}