{"id":38439,"date":"2023-12-06T19:13:53","date_gmt":"2023-12-06T19:13:53","guid":{"rendered":"http:\/\/historiografija.hr\/?p=38439"},"modified":"2023-12-06T19:13:53","modified_gmt":"2023-12-06T19:13:53","slug":"izlozba-ususret-150-godisnjici-matija-mesic-prvi-rektor-sveucilista-u-zagrebu","status":"publish","type":"post","link":"https:\/\/historiografija.hr\/?p=38439","title":{"rendered":"Izlo\u017eba \u201dUsusret 150. godi\u0161njici \u2013 Matija Mesi\u0107, prvi rektor Sveu\u010dili\u0161ta u Zagrebu\u201d"},"content":{"rendered":"\n<p><strong><a href=\"https:\/\/www.facebook.com\/drugi.kat.sna\">Zbirka za povijest Knji\u017enice Filozofskog fakulteta<\/a><\/strong> poziva vas da se pridru\u017eite otvorenju izlo\u017ebe \u201e<strong>Ususret 150. godi\u0161njici \u2013 Matija Mesi\u0107, prvi rektor Sveu\u010dili\u0161ta u Zagrebu<\/strong>\u201c kako bi zajedno odali po\u010dast \u017eivotu i radu prvog rektora i zapo\u010deli obilje\u017eavanje velikih 150. godina na\u0161eg modernog Sveu\u010dili\u0161ta, Filozofskog fakulteta i Odsjeka za povijest.<\/p>\n\n\n\n<p>Otvorenje \u0107e se odr\u017eati u <strong>srijedu, 13. prosinca u 13:00 sati u Auli Knji\u017enice Filozofskog fakulteta<\/strong>, uz prigodne nastupe Akademskog mu\u0161kog zbora Fakulteta elektrotehnike i ra\u010dunarstva te 10. Satnije Ivani\u0107 \u2013 Povijesne postrojbe Ivani\u0107-Grada.<\/p>\n\n\n\n<hr class=\"wp-block-separator\"\/>\n\n\n\n<p>Izvori:<\/p>\n\n\n\n<figure class=\"wp-block-embed-wordpress wp-block-embed is-type-wp-embed is-provider-filozofski-fakultet-sveucilista-u-zagrebu\"><div class=\"wp-block-embed__wrapper\">\n<blockquote class=\"wp-embedded-content\" data-secret=\"ipiBt78n9e\"><a href=\"https:\/\/web2020.ffzg.unizg.hr\/blog\/2023\/12\/06\/izlozba-ususret-150-godisnjici-matija-mesic-prvi-rektor-sveucilista-u-zagrebu\/\">Izlo\u017eba &#8221;Ususret 150. godi\u0161njici &#8211; Matija Mesi\u0107, prvi rektor Sveu\u010dili\u0161ta u Zagrebu&#8221;<\/a><\/blockquote><iframe loading=\"lazy\" class=\"wp-embedded-content\" sandbox=\"allow-scripts\" security=\"restricted\" style=\"position: absolute; clip: rect(1px, 1px, 1px, 1px);\" title=\"&#8220;Izlo\u017eba &#8221;Ususret 150. godi\u0161njici &#8211; Matija Mesi\u0107, prvi rektor Sveu\u010dili\u0161ta u Zagrebu&#8221;&#8221; &#8212; Filozofski fakultet Sveu\u010dili\u0161ta u Zagrebu\" src=\"https:\/\/web2020.ffzg.unizg.hr\/blog\/2023\/12\/06\/izlozba-ususret-150-godisnjici-matija-mesic-prvi-rektor-sveucilista-u-zagrebu\/embed\/#?secret=ipiBt78n9e\" data-secret=\"ipiBt78n9e\" width=\"600\" height=\"338\" frameborder=\"0\" marginwidth=\"0\" marginheight=\"0\" scrolling=\"no\"><\/iframe>\n<\/div><\/figure>\n\n\n\n<figure class=\"wp-block-embed-wordpress wp-block-embed is-type-wp-embed is-provider-odsjek-za-povijest-filozofski-fakultet-sveucilista-u-zagrebu\"><div class=\"wp-block-embed__wrapper\">\n<blockquote class=\"wp-embedded-content\" data-secret=\"0Ovkg2TNTU\"><a href=\"https:\/\/povijest.ffzg.unizg.hr\/2023\/12\/06\/izlozba-ususret-150-godina-matija-mesic-prvi-rektor-sveucilista-u-zagrebu\/\">Izlo\u017eba &#8216;Ususret 150 godina &#8211; Matija Mesi\u0107, prvi rektor Sveu\u010dili\u0161ta u Zagrebu&#8217;<\/a><\/blockquote><iframe loading=\"lazy\" class=\"wp-embedded-content\" sandbox=\"allow-scripts\" security=\"restricted\" style=\"position: absolute; clip: rect(1px, 1px, 1px, 1px);\" title=\"&#8220;Izlo\u017eba &#8216;Ususret 150 godina &#8211; Matija Mesi\u0107, prvi rektor Sveu\u010dili\u0161ta u Zagrebu&#8217;&#8221; &#8212; Odsjek za povijest | Filozofski fakultet Sveu\u010dili\u0161ta u Zagrebu\" src=\"https:\/\/povijest.ffzg.unizg.hr\/2023\/12\/06\/izlozba-ususret-150-godina-matija-mesic-prvi-rektor-sveucilista-u-zagrebu\/embed\/#?secret=QGnUkJf4cT#?secret=0Ovkg2TNTU\" data-secret=\"0Ovkg2TNTU\" width=\"600\" height=\"338\" frameborder=\"0\" marginwidth=\"0\" marginheight=\"0\" scrolling=\"no\"><\/iframe>\n<\/div><\/figure>\n\n\n\n<hr class=\"wp-block-separator\"\/>\n","protected":false},"excerpt":{"rendered":"","protected":false},"author":2,"featured_media":38440,"comment_status":"open","ping_status":"open","sticky":false,"template":"","format":"standard","meta":{"_acf_changed":false,"jetpack_post_was_ever_published":false,"_jetpack_newsletter_access":"","_jetpack_dont_email_post_to_subs":false,"_jetpack_newsletter_tier_id":0,"_jetpack_memberships_contains_paywalled_content":false,"_jetpack_memberships_contains_paid_content":false,"footnotes":"","jetpack_publicize_message":"","jetpack_publicize_feature_enabled":true,"jetpack_social_post_already_shared":true,"jetpack_social_options":{"image_generator_settings":{"template":"highway","default_image_id":0,"font":"","enabled":false},"version":2}},"categories":[10,3],"tags":[],"class_list":["post-38439","post","type-post","status-publish","format-standard","has-post-thumbnail","hentry","category-izlozbe","category-novosti"],"acf":{"facebook_opis":""},"jetpack_publicize_connections":[],"jetpack_featured_media_url":"https:\/\/i0.wp.com\/historiografija.hr\/wp-content\/uploads\/2023\/12\/pozivnica-matija-mesic.png?fit=1223%2C451&ssl=1","jetpack_sharing_enabled":true,"jetpack-related-posts":[],"_links":{"self":[{"href":"https:\/\/historiografija.hr\/index.php?rest_route=\/wp\/v2\/posts\/38439","targetHints":{"allow":["GET"]}}],"collection":[{"href":"https:\/\/historiografija.hr\/index.php?rest_route=\/wp\/v2\/posts"}],"about":[{"href":"https:\/\/historiografija.hr\/index.php?rest_route=\/wp\/v2\/types\/post"}],"author":[{"embeddable":true,"href":"https:\/\/historiografija.hr\/index.php?rest_route=\/wp\/v2\/users\/2"}],"replies":[{"embeddable":true,"href":"https:\/\/historiografija.hr\/index.php?rest_route=%2Fwp%2Fv2%2Fcomments&post=38439"}],"version-history":[{"count":1,"href":"https:\/\/historiografija.hr\/index.php?rest_route=\/wp\/v2\/posts\/38439\/revisions"}],"predecessor-version":[{"id":38441,"href":"https:\/\/historiografija.hr\/index.php?rest_route=\/wp\/v2\/posts\/38439\/revisions\/38441"}],"wp:featuredmedia":[{"embeddable":true,"href":"https:\/\/historiografija.hr\/index.php?rest_route=\/wp\/v2\/media\/38440"}],"wp:attachment":[{"href":"https:\/\/historiografija.hr\/index.php?rest_route=%2Fwp%2Fv2%2Fmedia&parent=38439"}],"wp:term":[{"taxonomy":"category","embeddable":true,"href":"https:\/\/historiografija.hr\/index.php?rest_route=%2Fwp%2Fv2%2Fcategories&post=38439"},{"taxonomy":"post_tag","embeddable":true,"href":"https:\/\/historiografija.hr\/index.php?rest_route=%2Fwp%2Fv2%2Ftags&post=38439"}],"curies":[{"name":"wp","href":"https:\/\/api.w.org\/{rel}","templated":true}]}}