{"id":38417,"date":"2023-12-05T22:24:26","date_gmt":"2023-12-05T22:24:26","guid":{"rendered":"http:\/\/historiografija.hr\/?p=38417"},"modified":"2023-12-05T22:24:26","modified_gmt":"2023-12-05T22:24:26","slug":"razgovor-o-knjizi-igora-dude-socijalizam-na-kucnom-pragu-u-ljubljani","status":"publish","type":"post","link":"https:\/\/historiografija.hr\/?p=38417","title":{"rendered":"Razgovor o knjizi Igora Dude \u201eSocijalizam na ku\u0107nom pragu\u201c u Ljubljani"},"content":{"rendered":"\n<p>Lepo vabljeni na pogovor o knjigi <strong>Socijalizam na ku\u0107nom pragu<\/strong>, ki bo potekal v \u010detrtek, <strong>7. 12. 2023 ob 17:30.uri<\/strong>, v <strong>prostorih INZ<\/strong>.&nbsp;<\/p>\n\n\n\n<p>O knjigi se bodo pogovarjali avtor Igor Duda (Filozofski fakultet, Sveu\u010dili\u0161te Jurja Dobrile u Puli), recenzentki Tanja Petrovi\u0107 (In\u0161titut za kulturne in spominske \u0161tudije ZRC SAZU, Ljubljana) in Ivana Dobrivojevi\u0107 Tomi\u0107 (Institut za savremenu istoriju, Beograd) ter Marko Zajc (In\u0161titut za novej\u0161o zgodovino).&nbsp;<\/p>\n\n\n\n<p><strong>Predstavitev knjige bo v slovenskem in hrva\u0161kem jeziku.<\/strong><\/p>\n\n\n\n<p>O avtorju:&nbsp;<br>Igor Duda je redni profesor na Oddelku za zgodovino Filozofske fakultete Univerze Jurja Dobrile v Puli. Ukvarja se z zgodovino vsakdanjega \u017eivljenja in dru\u017ebeno zgodovino socialisti\u010dne Jugoslavije, predvsem s temami prostega \u010dasa, turizma, potro\u0161ni\u0161ke kulture, \u017eivljenjskega standarda, otro\u0161tva, oblikovanja socialisti\u010dnega \u010dloveka in sodelovanja dr\u017eavljanov v dru\u017ebenem samoupravljanju. Izdal je \u0161tiri avtorske knjige: <em>U potrazi za blagostanjem. O povijesti dokolice i potro\u0161a\u010dkog dru\u0161tva u Hrvatskoj 1950-ih i 1960-ih (2005.), Prona\u0111eno blagostanje. Svakodnevni \u017eivot i potro\u0161a\u010dka kultura u Hrvatskoj 1970-ih i 1980-ih (2010.), Danas kada postajem pionir. Djetinjstvo i ideologija jugoslavenskoga socijalizma (2015.)<\/em> in <em>Socijalizam na ku\u0107nom pragu. Mjesna zajednica i svakodnevica dru\u0161tvenog samoupravljanja u Jugoslaviji (2023.)<\/em>.&nbsp;<\/p>\n\n\n\n<p>O knjigi:<br>Delavsko samoupravljanje v socialisti\u010dni Jugoslaviji je potekalo tudi v kraju bivanja. Okvir tega procesa so bile krajevne skupnosti, ki so bile leta 1963 uvedene kot mo\u017enost, leta 1974 pa kot obveznost. Bile so samoupravna teritorialna oblika zdru\u017eevanja delovnih ljudi in dr\u017eavljanov, volivcev in potro\u0161nikov v njihovem prostem \u010dasu in njihovi soseski. Zasnovane so bile kot storitev za bolj\u0161e \u017eivljenje in bolj\u0161i vsakdan, pa tudi kot platforma za sodelovanje z organiziranim delom, samoupravnimi interesnimi skupnostmi in ob\u010dino ter kot poligon za socialisti\u010dno neposredno demokracijo, tj. dru\u017ebeni prostor za organizirano delovanje dr\u017eavljanov. Na vrhuncu razvoja je bilo v Jugoslaviji skoraj 14.000 lokalnih skupnosti s tiso\u010di prostovoljcev, aktivistov in delegatov. Knjiga obravnava njihovo delovanje z vidika socialne zgodovine, zgodovine vsakdanjega \u017eivljenja in mikrozgodovine.<\/p>\n\n\n\n<hr class=\"wp-block-separator\"\/>\n\n\n\n<p>Izvor:<\/p>\n\n\n\n<p><a href=\"https:\/\/www.inz.si\/sl\/Dogodki\/Socijalizam-na-kucnom-pragu\/\">https:\/\/www.inz.si\/sl\/Dogodki\/Socijalizam-na-kucnom-pragu\/<\/a><\/p>\n\n\n\n<hr class=\"wp-block-separator\"\/>\n","protected":false},"excerpt":{"rendered":"","protected":false},"author":2,"featured_media":38418,"comment_status":"open","ping_status":"open","sticky":false,"template":"","format":"standard","meta":{"_acf_changed":false,"_jetpack_newsletter_access":"","_jetpack_dont_email_post_to_subs":false,"_jetpack_newsletter_tier_id":0,"_jetpack_memberships_contains_paywalled_content":false,"_jetpack_memberships_contains_paid_content":false,"footnotes":"","jetpack_publicize_message":"","jetpack_publicize_feature_enabled":true,"jetpack_social_post_already_shared":true,"jetpack_social_options":{"image_generator_settings":{"template":"highway","default_image_id":0,"font":"","enabled":false},"version":2},"jetpack_post_was_ever_published":false},"categories":[3],"tags":[],"class_list":["post-38417","post","type-post","status-publish","format-standard","has-post-thumbnail","hentry","category-novosti"],"acf":{"facebook_opis":""},"jetpack_publicize_connections":[],"jetpack_featured_media_url":"https:\/\/i0.wp.com\/historiografija.hr\/wp-content\/uploads\/2023\/12\/Ljubljana.jpg?fit=1137%2C863&ssl=1","jetpack_sharing_enabled":true,"jetpack-related-posts":[{"id":55035,"url":"https:\/\/historiografija.hr\/?p=55035","url_meta":{"origin":38417,"position":0},"title":"12. Doktorska radionica: Socijalizam i more","author":"Branimir Jankovi\u0107","date":"20. kolovoza 2026.","format":false,"excerpt":"Na Sveu\u010dili\u0161tu Jurja Dobrile u Puli od 26. do 29. kolovoza 2026. odr\u017eat \u0107e se 12. Doktorska radionica \"Socijalizam i more \/ Socialism and the Sea\". Program i dodatne obavijesti: https:\/\/www.unipu.hr\/ckpis\/doktorska_radionica\/2026 https:\/\/www.unipu.hr\/ckpis\/en\/doctoral_workshop\/2026","rel":"","context":"U &quot;Novosti&quot;","block_context":{"text":"Novosti","link":"https:\/\/historiografija.hr\/?cat=3"},"img":{"alt_text":"","src":"https:\/\/i0.wp.com\/historiografija.hr\/wp-content\/uploads\/2026\/08\/radionica26.png?fit=1200%2C675&ssl=1&resize=350%2C200","width":350,"height":200,"srcset":"https:\/\/i0.wp.com\/historiografija.hr\/wp-content\/uploads\/2026\/08\/radionica26.png?fit=1200%2C675&ssl=1&resize=350%2C200 1x, https:\/\/i0.wp.com\/historiografija.hr\/wp-content\/uploads\/2026\/08\/radionica26.png?fit=1200%2C675&ssl=1&resize=525%2C300 1.5x, https:\/\/i0.wp.com\/historiografija.hr\/wp-content\/uploads\/2026\/08\/radionica26.png?fit=1200%2C675&ssl=1&resize=700%2C400 2x, https:\/\/i0.wp.com\/historiografija.hr\/wp-content\/uploads\/2026\/08\/radionica26.png?fit=1200%2C675&ssl=1&resize=1050%2C600 3x"},"classes":[]},{"id":53860,"url":"https:\/\/historiografija.hr\/?p=53860","url_meta":{"origin":38417,"position":1},"title":"Novi broj \u010dasopisa \u201eTabula: \u010dasopis Filozofskog fakulteta Sveu\u010dili\u0161ta Jurja Dobrile u Puli\u201c (22\/2025)","author":"Filip \u0160imunjak","date":"4. lipnja 2026.","format":false,"excerpt":"U prosincu 2025. godine iza\u0161ao je 22. broj \u010dasopisa \u201eTabula: \u010dasopis Filozofskog fakulteta Sveu\u010dili\u0161ta Jurja Dobrile u Puli\u201c, u cijelosti je dostupan na portalu hrvatskih znanstvenih i stru\u010dnih \u010dasopisa Hr\u010dak. Op\u0161irnije: https:\/\/hrcak.srce.hr\/broj\/26426","rel":"","context":"U &quot;\u010casopisi&quot;","block_context":{"text":"\u010casopisi","link":"https:\/\/historiografija.hr\/?cat=21"},"img":{"alt_text":"","src":"https:\/\/i0.wp.com\/historiografija.hr\/wp-content\/uploads\/2026\/06\/Tabula-Casopis.webp?fit=740%2C438&ssl=1&resize=350%2C200","width":350,"height":200,"srcset":"https:\/\/i0.wp.com\/historiografija.hr\/wp-content\/uploads\/2026\/06\/Tabula-Casopis.webp?fit=740%2C438&ssl=1&resize=350%2C200 1x, https:\/\/i0.wp.com\/historiografija.hr\/wp-content\/uploads\/2026\/06\/Tabula-Casopis.webp?fit=740%2C438&ssl=1&resize=525%2C300 1.5x, https:\/\/i0.wp.com\/historiografija.hr\/wp-content\/uploads\/2026\/06\/Tabula-Casopis.webp?fit=740%2C438&ssl=1&resize=700%2C400 2x"},"classes":[]},{"id":52669,"url":"https:\/\/historiografija.hr\/?p=52669","url_meta":{"origin":38417,"position":2},"title":"Predavanje Igora Dude &#8220;Odmor kao \u017eivotna potreba: o slobodnom vremenu u socijalisti\u010dkoj Jugoslaviji&#8221;","author":"Branimir Jankovi\u0107","date":"27. travnja 2026.","format":false,"excerpt":"U sklopu proljetnog ciklusa programa\u00a0Kriti\u010dka dramaturgija: pauza, u\u00a0subotu, 25. travnja 2026. u 19 sati\u00a0u prostoru Udru\u017eenja hrvatskih arhitekata povjesni\u010dar Igor Duda\u00a0odr\u017eao je predavanje naslovljeno\u00a0Odmor kao \u017eivotna potreba: o slobodnom vremenu u socijalisti\u010dkoj Jugoslaviji. Industrijalizacija i urbanizacija dru\u0161tava u povijesti su zna\u010dile i prelazak s predindustrijskog na industrijsko shva\u0107anje vremena. Ono\u2026","rel":"","context":"U &quot;Novosti&quot;","block_context":{"text":"Novosti","link":"https:\/\/historiografija.hr\/?cat=3"},"img":{"alt_text":"","src":"https:\/\/i0.wp.com\/historiografija.hr\/wp-content\/uploads\/2026\/04\/Duda.png?fit=1200%2C628&ssl=1&resize=350%2C200","width":350,"height":200,"srcset":"https:\/\/i0.wp.com\/historiografija.hr\/wp-content\/uploads\/2026\/04\/Duda.png?fit=1200%2C628&ssl=1&resize=350%2C200 1x, https:\/\/i0.wp.com\/historiografija.hr\/wp-content\/uploads\/2026\/04\/Duda.png?fit=1200%2C628&ssl=1&resize=525%2C300 1.5x, https:\/\/i0.wp.com\/historiografija.hr\/wp-content\/uploads\/2026\/04\/Duda.png?fit=1200%2C628&ssl=1&resize=700%2C400 2x, https:\/\/i0.wp.com\/historiografija.hr\/wp-content\/uploads\/2026\/04\/Duda.png?fit=1200%2C628&ssl=1&resize=1050%2C600 3x"},"classes":[]},{"id":54062,"url":"https:\/\/historiografija.hr\/?p=54062","url_meta":{"origin":38417,"position":3},"title":"OBJAVLJEN NOVI BROJ \u010cASOPISA \u201eHISTORY IN FLUX\u201c (7\/2025)","author":"Branimir Jankovi\u0107","date":"12. lipnja 2026.","format":false,"excerpt":"Na portalu hrvatskih znanstvenih i stru\u010dnih \u010dasopisa Hr\u010dak objavljen je novi broj \u010dasopisa \u201eHistory in Flux\u201c (7\/2025), \u010dasopisa Odsjeka za povijest Filozofskog fakulteta Sveu\u010dili\u0161ta Josipa Dobrile u Puli koji ure\u0111uju Robert Kureli\u0107 i Igor Duda.\u00a0 Op\u0161irnije: https:\/\/hrcak.srce.hr\/broj\/26542","rel":"","context":"U &quot;\u010casopisi&quot;","block_context":{"text":"\u010casopisi","link":"https:\/\/historiografija.hr\/?cat=21"},"img":{"alt_text":"","src":"https:\/\/i0.wp.com\/historiografija.hr\/wp-content\/uploads\/2026\/06\/flux_logo.jpg?fit=1170%2C350&ssl=1&resize=350%2C200","width":350,"height":200,"srcset":"https:\/\/i0.wp.com\/historiografija.hr\/wp-content\/uploads\/2026\/06\/flux_logo.jpg?fit=1170%2C350&ssl=1&resize=350%2C200 1x, https:\/\/i0.wp.com\/historiografija.hr\/wp-content\/uploads\/2026\/06\/flux_logo.jpg?fit=1170%2C350&ssl=1&resize=525%2C300 1.5x, https:\/\/i0.wp.com\/historiografija.hr\/wp-content\/uploads\/2026\/06\/flux_logo.jpg?fit=1170%2C350&ssl=1&resize=700%2C400 2x, https:\/\/i0.wp.com\/historiografija.hr\/wp-content\/uploads\/2026\/06\/flux_logo.jpg?fit=1170%2C350&ssl=1&resize=1050%2C600 3x"},"classes":[]},{"id":53742,"url":"https:\/\/historiografija.hr\/?p=53742","url_meta":{"origin":38417,"position":4},"title":"Javna predavanja &#8220;Kulturalna povijest kolektivnog stanovanja i komercijalni urbanizam&#8221;","author":"Branimir Jankovi\u0107","date":"26. svibnja 2026.","format":false,"excerpt":"U okviru ERC projekta Housing.Yu, Lea Horvat i Ivana Mihaela \u017dimbrek odr\u017eat \u0107e javna predavanja o kulturalnoj povijesti kolektivnog stanovanja i komercijalnom urbanizmu u petak, 29. svibnja 2026., u 13:00 sati na Arhitektonskom fakultetu u Zagrebu (Ka\u010di\u0107eva 26, 2. kat, soba 221). Lea HorvatKako nam kulturalna povijest poma\u017ee razumjeti kolektivno\u2026","rel":"","context":"U &quot;Novosti&quot;","block_context":{"text":"Novosti","link":"https:\/\/historiografija.hr\/?cat=3"},"img":{"alt_text":"","src":"https:\/\/i0.wp.com\/historiografija.hr\/wp-content\/uploads\/2026\/05\/erc-hyu-predavnje-ivana-zimbrek-1779202528.jpg?fit=900%2C563&ssl=1&resize=350%2C200","width":350,"height":200,"srcset":"https:\/\/i0.wp.com\/historiografija.hr\/wp-content\/uploads\/2026\/05\/erc-hyu-predavnje-ivana-zimbrek-1779202528.jpg?fit=900%2C563&ssl=1&resize=350%2C200 1x, https:\/\/i0.wp.com\/historiografija.hr\/wp-content\/uploads\/2026\/05\/erc-hyu-predavnje-ivana-zimbrek-1779202528.jpg?fit=900%2C563&ssl=1&resize=525%2C300 1.5x, https:\/\/i0.wp.com\/historiografija.hr\/wp-content\/uploads\/2026\/05\/erc-hyu-predavnje-ivana-zimbrek-1779202528.jpg?fit=900%2C563&ssl=1&resize=700%2C400 2x"},"classes":[]},{"id":54550,"url":"https:\/\/historiografija.hr\/?p=54550","url_meta":{"origin":38417,"position":5},"title":"Mislav Gabelica, &#8220;SVE\u0106ENIK I POLITI\u010cAR JURAJ TOMAC (1866. \u2013 1930.)&#8221;","author":"Branimir Jankovi\u0107","date":"10. srpnja 2026.","format":false,"excerpt":"Kao 53. knjiga Biblioteke STUDIJE Instituta dru\u0161tvenih znanosti Ivo Pilar objavljena je studija dr. sc. Mislava Gabelice SVE\u0106ENIK I POLITI\u010cAR JURAJ TOMAC (1866. \u2013 1930.) Mislav GabelicaSVE\u0106ENIK I POLITI\u010cAR JURAJ TOMAC (1866. \u2013 1930.)Biblioteka Studije. \u2013 Knjiga 53.Institut dru\u0161tvenih znanosti Ivo PilarZagreb, 2026. \u2013 216 str.ISBN 978-953-8404-52-8 Sadr\u017eaj Uvod Obiteljske\u2026","rel":"","context":"U &quot;E-knjige&quot;","block_context":{"text":"E-knjige","link":"https:\/\/historiografija.hr\/?cat=19"},"img":{"alt_text":"","src":"https:\/\/i0.wp.com\/historiografija.hr\/wp-content\/uploads\/2026\/07\/SiPJT_naslovnica.jpg?fit=543%2C497&ssl=1&resize=350%2C200","width":350,"height":200,"srcset":"https:\/\/i0.wp.com\/historiografija.hr\/wp-content\/uploads\/2026\/07\/SiPJT_naslovnica.jpg?fit=543%2C497&ssl=1&resize=350%2C200 1x, https:\/\/i0.wp.com\/historiografija.hr\/wp-content\/uploads\/2026\/07\/SiPJT_naslovnica.jpg?fit=543%2C497&ssl=1&resize=525%2C300 1.5x"},"classes":[]}],"_links":{"self":[{"href":"https:\/\/historiografija.hr\/index.php?rest_route=\/wp\/v2\/posts\/38417","targetHints":{"allow":["GET"]}}],"collection":[{"href":"https:\/\/historiografija.hr\/index.php?rest_route=\/wp\/v2\/posts"}],"about":[{"href":"https:\/\/historiografija.hr\/index.php?rest_route=\/wp\/v2\/types\/post"}],"author":[{"embeddable":true,"href":"https:\/\/historiografija.hr\/index.php?rest_route=\/wp\/v2\/users\/2"}],"replies":[{"embeddable":true,"href":"https:\/\/historiografija.hr\/index.php?rest_route=%2Fwp%2Fv2%2Fcomments&post=38417"}],"version-history":[{"count":1,"href":"https:\/\/historiografija.hr\/index.php?rest_route=\/wp\/v2\/posts\/38417\/revisions"}],"predecessor-version":[{"id":38419,"href":"https:\/\/historiografija.hr\/index.php?rest_route=\/wp\/v2\/posts\/38417\/revisions\/38419"}],"wp:featuredmedia":[{"embeddable":true,"href":"https:\/\/historiografija.hr\/index.php?rest_route=\/wp\/v2\/media\/38418"}],"wp:attachment":[{"href":"https:\/\/historiografija.hr\/index.php?rest_route=%2Fwp%2Fv2%2Fmedia&parent=38417"}],"wp:term":[{"taxonomy":"category","embeddable":true,"href":"https:\/\/historiografija.hr\/index.php?rest_route=%2Fwp%2Fv2%2Fcategories&post=38417"},{"taxonomy":"post_tag","embeddable":true,"href":"https:\/\/historiografija.hr\/index.php?rest_route=%2Fwp%2Fv2%2Ftags&post=38417"}],"curies":[{"name":"wp","href":"https:\/\/api.w.org\/{rel}","templated":true}]}}