{"id":38414,"date":"2023-12-05T22:13:53","date_gmt":"2023-12-05T22:13:53","guid":{"rendered":"http:\/\/historiografija.hr\/?p=38414"},"modified":"2023-12-05T22:13:53","modified_gmt":"2023-12-05T22:13:53","slug":"nemanja-radonjic-slika-afrike-u-jugoslaviji","status":"publish","type":"post","link":"https:\/\/historiografija.hr\/?p=38414","title":{"rendered":"Nemanja Radonji\u0107, \u201eSlika Afrike u Jugoslaviji\u201c"},"content":{"rendered":"\n<p>&#8220;Koriste\u0107i imagologiju i postkolonijalnu teoriju, dr Radonji\u0107 je Afriku u jugoslovenskoj imaginaciji predstavio u duhu istra\u017eivanja Edvarda Saida, Larija Vulfa, Marije Todorove, Cvetana Todorova i Filipa Kurtena, i na taj na\u010din dao va\u017ean doprinos studijama imagologije u srpskoj istoriografiji [&#8230;] Koriste\u0107i multidisciplinaran pristup, dr Radonji\u0107 je dao zna\u010dajan prilog istoriji jugoslovensko-afri\u010dkih odnosa, istoriji Jugoslavije, istoriji socijalizma, istoriji antikolonijalizma i globalnoj istoriji hladnog rata. Dobro strukturisanim tekstom, opremljenim raznovrsnim i relevantnim prilozima, uz jasno i argumentovano izlaganje i valjano zaklju\u010divanje, dr Radonji\u0107 je napisao knjigu koja \u0107e, kako izborom teme tako i nau\u010dnim pristupom i stilom kojim je pisana, privu\u0107i ne samo akademsku, nego i \u0161iru javnost, zainteresovanu za sliku Afrike i istoriju Jugoslavije.&#8221;<\/p>\n\n\n\n<p>izvod iz recenzije: prof. dr Radine Vu\u010deti\u0107<\/p>\n\n\n\n<hr class=\"wp-block-separator\"\/>\n\n\n\n<p>Izvor:<\/p>\n\n\n\n<p><a href=\"https:\/\/inis.bg.ac.rs\/lat\/monografije\/16\/2023\/11\/22\/slika-afrike-u-jugoslaviji.html\">https:\/\/inis.bg.ac.rs\/lat\/monografije\/16\/2023\/11\/22\/slika-afrike-u-jugoslaviji.html<\/a><\/p>\n\n\n\n<hr class=\"wp-block-separator\"\/>\n","protected":false},"excerpt":{"rendered":"","protected":false},"author":2,"featured_media":38415,"comment_status":"open","ping_status":"open","sticky":false,"template":"","format":"standard","meta":{"_acf_changed":false,"jetpack_post_was_ever_published":false,"_jetpack_newsletter_access":"","_jetpack_dont_email_post_to_subs":false,"_jetpack_newsletter_tier_id":0,"_jetpack_memberships_contains_paywalled_content":false,"_jetpack_memberships_contains_paid_content":false,"footnotes":"","jetpack_publicize_message":"","jetpack_publicize_feature_enabled":true,"jetpack_social_post_already_shared":true,"jetpack_social_options":{"image_generator_settings":{"template":"highway","default_image_id":0,"font":"","enabled":false},"version":2}},"categories":[8,3],"tags":[],"class_list":["post-38414","post","type-post","status-publish","format-standard","has-post-thumbnail","hentry","category-knjige","category-novosti"],"acf":{"facebook_opis":""},"jetpack_publicize_connections":[],"jetpack_featured_media_url":"https:\/\/i0.wp.com\/historiografija.hr\/wp-content\/uploads\/2023\/12\/radonjic.jpg?fit=224%2C278&ssl=1","jetpack_sharing_enabled":true,"jetpack-related-posts":[],"_links":{"self":[{"href":"https:\/\/historiografija.hr\/index.php?rest_route=\/wp\/v2\/posts\/38414","targetHints":{"allow":["GET"]}}],"collection":[{"href":"https:\/\/historiografija.hr\/index.php?rest_route=\/wp\/v2\/posts"}],"about":[{"href":"https:\/\/historiografija.hr\/index.php?rest_route=\/wp\/v2\/types\/post"}],"author":[{"embeddable":true,"href":"https:\/\/historiografija.hr\/index.php?rest_route=\/wp\/v2\/users\/2"}],"replies":[{"embeddable":true,"href":"https:\/\/historiografija.hr\/index.php?rest_route=%2Fwp%2Fv2%2Fcomments&post=38414"}],"version-history":[{"count":1,"href":"https:\/\/historiografija.hr\/index.php?rest_route=\/wp\/v2\/posts\/38414\/revisions"}],"predecessor-version":[{"id":38416,"href":"https:\/\/historiografija.hr\/index.php?rest_route=\/wp\/v2\/posts\/38414\/revisions\/38416"}],"wp:featuredmedia":[{"embeddable":true,"href":"https:\/\/historiografija.hr\/index.php?rest_route=\/wp\/v2\/media\/38415"}],"wp:attachment":[{"href":"https:\/\/historiografija.hr\/index.php?rest_route=%2Fwp%2Fv2%2Fmedia&parent=38414"}],"wp:term":[{"taxonomy":"category","embeddable":true,"href":"https:\/\/historiografija.hr\/index.php?rest_route=%2Fwp%2Fv2%2Fcategories&post=38414"},{"taxonomy":"post_tag","embeddable":true,"href":"https:\/\/historiografija.hr\/index.php?rest_route=%2Fwp%2Fv2%2Ftags&post=38414"}],"curies":[{"name":"wp","href":"https:\/\/api.w.org\/{rel}","templated":true}]}}