{"id":38399,"date":"2023-12-04T20:40:30","date_gmt":"2023-12-04T20:40:30","guid":{"rendered":"http:\/\/historiografija.hr\/?p=38399"},"modified":"2023-12-04T20:40:30","modified_gmt":"2023-12-04T20:40:30","slug":"bb-zdravko-veljanov-authoritarian-resurgence-exploring-autocratization-episodes-in-post-communist-countries","status":"publish","type":"post","link":"https:\/\/historiografija.hr\/?p=38399","title":{"rendered":"BB: Zdravko Veljanov &#8211; Authoritarian Resurgence: Exploring Autocratization Episodes in Post-communist Countries"},"content":{"rendered":"\n<p>The new wave of autocratization is proving to be particularly durable in the post-communist region. Since 1995, there have been 17 autocratization episodes, and further 33 potential autocratization episodes. Two factors in particular have been pronounced in the literature as key factors for autocratization. Increased polarization and executive aggrandizement that creates conditions for corruption, clientelism and state capture. Exploring the mechanism of what takes place during an autocratization episode in the cases of Serbia and North Macedonia, the research aims to uncover patterns of restricting competition, development of clientelist networks between state\/public agencies and businesses, that can eventually lead to state capture. Secondly, the research shows the deployment of polarizing rhetoric by autocratic incumbents that helps them cling to power. These two factors are facilitated by actions of international actors, that can help stabilize or boost the regime. Such processes erode the democratic features, turning the regimes into stabilitocracies.&nbsp;<\/p>\n\n\n\n<p>Zdravko Veljanov is a visiting research fellow, spending the\u00a0 winter semester 2023\/24 in Graz. He is an expert in area studies with a master\u2019s degree in European Studies from the European University of Flensburg and the University of Southern Denmark and a political scientist with an MA degree in political science from the Central European University. Currently, he is an advanced doctoral candidate in comparative politics at the Central European University.<\/p>\n\n\n\n<hr class=\"wp-block-separator\"\/>\n\n\n\n<p>05.12.2023 13:00 &#8211; 14:00<\/p>\n\n\n\n<hr class=\"wp-block-separator\"\/>\n\n\n\n<p>Organizer<\/p>\n\n\n\n<p>Zentrum f\u00fcr S\u00fcdosteuropastudien, SOEGA &amp; S\u00fcdosteuropa-Gesellschaft<\/p>\n\n\n\n<hr class=\"wp-block-separator\"\/>\n\n\n\n<p>Venue:<\/p>\n\n\n\n<p>Location: SR 111.41, BEETHOVENSTRASSE 8 4. OG 8010 GRAZ<\/p>\n\n\n\n<hr class=\"wp-block-separator\"\/>\n\n\n\n<p><a href=\"https:\/\/suedosteuropa.uni-graz.at\/en\/events\/detail\/article\/bb-authoritarian-resurgence-exploring-autocratization-episodes-in-post-communist-countries\/\">https:\/\/suedosteuropa.uni-graz.at\/en\/events\/detail\/article\/bb-authoritarian-resurgence-exploring-autocratization-episodes-in-post-communist-countries\/<\/a><\/p>\n\n\n\n<hr class=\"wp-block-separator\"\/>\n","protected":false},"excerpt":{"rendered":"","protected":false},"author":2,"featured_media":28306,"comment_status":"open","ping_status":"open","sticky":false,"template":"","format":"standard","meta":{"_acf_changed":false,"_jetpack_newsletter_access":"","_jetpack_dont_email_post_to_subs":false,"_jetpack_newsletter_tier_id":0,"_jetpack_memberships_contains_paywalled_content":false,"_jetpack_memberships_contains_paid_content":false,"footnotes":"","jetpack_publicize_message":"","jetpack_publicize_feature_enabled":true,"jetpack_social_post_already_shared":true,"jetpack_social_options":{"image_generator_settings":{"template":"highway","default_image_id":0,"font":"","enabled":false},"version":2},"jetpack_post_was_ever_published":false},"categories":[3],"tags":[],"class_list":["post-38399","post","type-post","status-publish","format-standard","has-post-thumbnail","hentry","category-novosti"],"acf":{"facebook_opis":""},"jetpack_publicize_connections":[],"jetpack_featured_media_url":"https:\/\/i0.wp.com\/historiografija.hr\/wp-content\/uploads\/2021\/11\/uni-graz.png?fit=242%2C208&ssl=1","jetpack_sharing_enabled":true,"jetpack-related-posts":[{"id":54333,"url":"https:\/\/historiografija.hr\/?p=54333","url_meta":{"origin":38399,"position":0},"title":"Me\u0111unarodna konferencija &#8220;Archeologies of the Communist Avant-Gardes: Ephemerality and Leftist Visual Production in Central and Eastern Europe between the World Wars&#8221;","author":"Branimir Jankovi\u0107","date":"26. lipnja 2026.","format":false,"excerpt":"Na me\u0111unarodnoj konferenciji Archeologies of the Communist Avant-Gardes: Ephemerality and Leftist Visual Production in Central and Eastern Europe between the World Wars, koja se odr\u017eava od 25. do 26. lipnja 2026. na Bauhaus-Universit\u00e4t Weimar, sudjeluju Ivana Hana\u010dek, Sanja Horvatin\u010di\u0107 i Lujo Pare\u017eanin. Op\u0161irnije: https:\/\/kunstsammlungundarchiv.at\/en\/collections\/events\/2026-06-25-veranstaltungshinweis-archeologies-of-the-communist-avant-gardes-ephemerality-and-leftist-visual-production-in-cent https:\/\/www.ipu.hr\/article\/hr\/2200\/sudjelovanje-na-konferenciji-archeologies-of-the-communist-avant-gardes","rel":"","context":"U &quot;Novosti&quot;","block_context":{"text":"Novosti","link":"https:\/\/historiografija.hr\/?cat=3"},"img":{"alt_text":"","src":"https:\/\/i0.wp.com\/historiografija.hr\/wp-content\/uploads\/2026\/06\/Weimar.jpg?fit=526%2C701&ssl=1&resize=350%2C200","width":350,"height":200,"srcset":"https:\/\/i0.wp.com\/historiografija.hr\/wp-content\/uploads\/2026\/06\/Weimar.jpg?fit=526%2C701&ssl=1&resize=350%2C200 1x, https:\/\/i0.wp.com\/historiografija.hr\/wp-content\/uploads\/2026\/06\/Weimar.jpg?fit=526%2C701&ssl=1&resize=525%2C300 1.5x"},"classes":[]},{"id":54554,"url":"https:\/\/historiografija.hr\/?p=54554","url_meta":{"origin":38399,"position":1},"title":"CfP: Religion and Revolution: Alternative Religiosity and Radical Politics in the (Post-)Industrial Age (1800-2000)","author":"Branimir Jankovi\u0107","date":"10. srpnja 2026.","format":false,"excerpt":"This conference invites scholars to examine the intersections between left-wing and\/or revolutionary politics and alternative religiosity over the past two centuries. Alternative religious ideas and practices have served as powerful resources for the political imagination, social critique, and revolutionary mobilization. Yet the relationship between alternative religious currents and emancipatory politics\u2026","rel":"","context":"U &quot;Novosti&quot;","block_context":{"text":"Novosti","link":"https:\/\/historiografija.hr\/?cat=3"},"img":{"alt_text":"","src":"https:\/\/i0.wp.com\/historiografija.hr\/wp-content\/uploads\/2017\/10\/hsozkult.png?fit=1006%2C241&ssl=1&resize=350%2C200","width":350,"height":200,"srcset":"https:\/\/i0.wp.com\/historiografija.hr\/wp-content\/uploads\/2017\/10\/hsozkult.png?fit=1006%2C241&ssl=1&resize=350%2C200 1x, https:\/\/i0.wp.com\/historiografija.hr\/wp-content\/uploads\/2017\/10\/hsozkult.png?fit=1006%2C241&ssl=1&resize=525%2C300 1.5x, https:\/\/i0.wp.com\/historiografija.hr\/wp-content\/uploads\/2017\/10\/hsozkult.png?fit=1006%2C241&ssl=1&resize=700%2C400 2x"},"classes":[]},{"id":54757,"url":"https:\/\/historiografija.hr\/?p=54757","url_meta":{"origin":38399,"position":2},"title":"Exploring Monarchy in Medieval Europe, 1000\u20131500","author":"Branimir Jankovi\u0107","date":"23. srpnja 2026.","format":false,"excerpt":"By Elena Woodacre, Lucinda H.S. Dean, Simon Lambe, Patrik Pastrnak Through wide-ranging thematic chapters, this book offers students a comprehensive introduction to the theory and practice of monarchy across Europe in the Middle Ages. The volume is separated into four themes: Concepts of Rulership, Exercising Authority, Dynasty and Succession, and\u2026","rel":"","context":"U &quot;Knjige&quot;","block_context":{"text":"Knjige","link":"https:\/\/historiografija.hr\/?cat=8"},"img":{"alt_text":"","src":"https:\/\/i0.wp.com\/historiografija.hr\/wp-content\/uploads\/2026\/07\/Monarchy.jpg?fit=350%2C525&ssl=1&resize=350%2C200","width":350,"height":200},"classes":[]},{"id":54169,"url":"https:\/\/historiografija.hr\/?p=54169","url_meta":{"origin":38399,"position":3},"title":"Women, Nationalism, and Social Networks in the Habsburg Monarchy, 1848\u20131918","author":"Branimir Jankovi\u0107","date":"18. lipnja 2026.","format":false,"excerpt":"Edited by Marta Verginella Purdue University Press Series: Central European Studies 258 Pages Published 2023 Women, Nationalism, and Social Networks in the Habsburg Monarchy, 1848\u20131918 focuses on the lives of women in Southeastern Europe during the nineteenth and twentieth centuries, exploring the intersection of gender and nationalism. By looking at\u2026","rel":"","context":"U &quot;Knjige&quot;","block_context":{"text":"Knjige","link":"https:\/\/historiografija.hr\/?cat=8"},"img":{"alt_text":"","src":"https:\/\/historiografija.hr\/wp-content\/uploads\/2026\/06\/Verginella.avif","width":350,"height":200,"srcset":"https:\/\/historiografija.hr\/wp-content\/uploads\/2026\/06\/Verginella.avif 1x, https:\/\/historiografija.hr\/wp-content\/uploads\/2026\/06\/Verginella.avif 1.5x"},"classes":[]},{"id":53169,"url":"https:\/\/historiografija.hr\/?p=53169","url_meta":{"origin":38399,"position":4},"title":"Snimka razgovora sa Maxom Bergholzom &#8220;Da li je pravedno sje\u0107anje mogu\u0107e?&#8221;","author":"Branimir Jankovi\u0107","date":"12. svibnja 2026.","format":false,"excerpt":"KONT Talk \u201eDa li je pravedno sje\u0107anje mogu\u0107e?\u201c bio je razgovor sa Max Bergholz sa Concordia University, fokusiran na memorijalnu arhitekturu i na\u010dine na koje se pamte masovni zlo\u010dini. Razgovor je gra\u0111en kroz tri primjera: Kulen Vakuf, Garavice i Glina. U Kulen Vakufu otvorena je pri\u010da o cikli\u010dnom nasilju i\u2026","rel":"","context":"U &quot;Novosti&quot;","block_context":{"text":"Novosti","link":"https:\/\/historiografija.hr\/?cat=3"},"img":{"alt_text":"","src":"https:\/\/i0.wp.com\/historiografija.hr\/wp-content\/uploads\/2026\/03\/KONT-TALKS-MAX-BERGHOLZ.png?fit=850%2C478&ssl=1&resize=350%2C200","width":350,"height":200,"srcset":"https:\/\/i0.wp.com\/historiografija.hr\/wp-content\/uploads\/2026\/03\/KONT-TALKS-MAX-BERGHOLZ.png?fit=850%2C478&ssl=1&resize=350%2C200 1x, https:\/\/i0.wp.com\/historiografija.hr\/wp-content\/uploads\/2026\/03\/KONT-TALKS-MAX-BERGHOLZ.png?fit=850%2C478&ssl=1&resize=525%2C300 1.5x, https:\/\/i0.wp.com\/historiografija.hr\/wp-content\/uploads\/2026\/03\/KONT-TALKS-MAX-BERGHOLZ.png?fit=850%2C478&ssl=1&resize=700%2C400 2x"},"classes":[]},{"id":53828,"url":"https:\/\/historiografija.hr\/?p=53828","url_meta":{"origin":38399,"position":5},"title":"Dokumentarni serijal &#8220;Titova Jugoslavija&#8221; Hrvoja Klasi\u0107a","author":"Branimir Jankovi\u0107","date":"29. svibnja 2026.","format":false,"excerpt":"Prikazivanje \u0161estodijelnog dokumentarnog serijala \"Titova Jugoslavija\" autora Hrvoja Klasi\u0107a zapo\u010delo je 23. svibnja 2026, a epizode \u0107e se na portalu vidatv.hr i YouTube kanalu Vide TV emitirati svake subote u 20 sati. Istodobno, serijal se petkom u 20 sati emitira u Crnoj Gori na Televiziji Vijesti, a srijedom u 20\u2026","rel":"","context":"U &quot;Filmovi i serije&quot;","block_context":{"text":"Filmovi i serije","link":"https:\/\/historiografija.hr\/?cat=13"},"img":{"alt_text":"","src":"https:\/\/i0.wp.com\/historiografija.hr\/wp-content\/uploads\/2026\/05\/Dokumentarni-serijal.jpg?fit=1200%2C675&ssl=1&resize=350%2C200","width":350,"height":200,"srcset":"https:\/\/i0.wp.com\/historiografija.hr\/wp-content\/uploads\/2026\/05\/Dokumentarni-serijal.jpg?fit=1200%2C675&ssl=1&resize=350%2C200 1x, https:\/\/i0.wp.com\/historiografija.hr\/wp-content\/uploads\/2026\/05\/Dokumentarni-serijal.jpg?fit=1200%2C675&ssl=1&resize=525%2C300 1.5x, https:\/\/i0.wp.com\/historiografija.hr\/wp-content\/uploads\/2026\/05\/Dokumentarni-serijal.jpg?fit=1200%2C675&ssl=1&resize=700%2C400 2x, https:\/\/i0.wp.com\/historiografija.hr\/wp-content\/uploads\/2026\/05\/Dokumentarni-serijal.jpg?fit=1200%2C675&ssl=1&resize=1050%2C600 3x"},"classes":[]}],"_links":{"self":[{"href":"https:\/\/historiografija.hr\/index.php?rest_route=\/wp\/v2\/posts\/38399","targetHints":{"allow":["GET"]}}],"collection":[{"href":"https:\/\/historiografija.hr\/index.php?rest_route=\/wp\/v2\/posts"}],"about":[{"href":"https:\/\/historiografija.hr\/index.php?rest_route=\/wp\/v2\/types\/post"}],"author":[{"embeddable":true,"href":"https:\/\/historiografija.hr\/index.php?rest_route=\/wp\/v2\/users\/2"}],"replies":[{"embeddable":true,"href":"https:\/\/historiografija.hr\/index.php?rest_route=%2Fwp%2Fv2%2Fcomments&post=38399"}],"version-history":[{"count":1,"href":"https:\/\/historiografija.hr\/index.php?rest_route=\/wp\/v2\/posts\/38399\/revisions"}],"predecessor-version":[{"id":38400,"href":"https:\/\/historiografija.hr\/index.php?rest_route=\/wp\/v2\/posts\/38399\/revisions\/38400"}],"wp:featuredmedia":[{"embeddable":true,"href":"https:\/\/historiografija.hr\/index.php?rest_route=\/wp\/v2\/media\/28306"}],"wp:attachment":[{"href":"https:\/\/historiografija.hr\/index.php?rest_route=%2Fwp%2Fv2%2Fmedia&parent=38399"}],"wp:term":[{"taxonomy":"category","embeddable":true,"href":"https:\/\/historiografija.hr\/index.php?rest_route=%2Fwp%2Fv2%2Fcategories&post=38399"},{"taxonomy":"post_tag","embeddable":true,"href":"https:\/\/historiografija.hr\/index.php?rest_route=%2Fwp%2Fv2%2Ftags&post=38399"}],"curies":[{"name":"wp","href":"https:\/\/api.w.org\/{rel}","templated":true}]}}