{"id":38371,"date":"2023-12-01T21:18:44","date_gmt":"2023-12-01T21:18:44","guid":{"rendered":"http:\/\/historiografija.hr\/?p=38371"},"modified":"2023-12-01T21:18:44","modified_gmt":"2023-12-01T21:18:44","slug":"21-human-rights-film-festival","status":"publish","type":"post","link":"https:\/\/historiografija.hr\/?p=38371","title":{"rendered":"21. Human Rights Film Festival"},"content":{"rendered":"\n<p>U <strong>ponedjeljak, 4. prosinca<\/strong> u <strong>19 sati<\/strong> u <strong>kinu Kinoteka<\/strong> u Zagrebu zapo\u010dinje <strong>21. Human Rights Film Festival<\/strong> programski orijentiran na autorski film i teme ljudskih prava. Sastavljen od glavnog filmskog i popratnog, govorni\u010dkog programa, <strong>21. HRFF <\/strong>odvija se u <strong>kinu Kinoteka<\/strong> i <strong>Dokukinu KIC<\/strong>, organiziraju ga <strong>Multimedijalni institut\/MaMa Zagreb<\/strong> i <strong>URK\/Mo\u010dvara<\/strong>, a cjelokupni program je <strong>besplatan<\/strong>.<\/p>\n\n\n\n<p>Festival se otvara premijerom dugometra\u017enog igrano-dokumentarnog filma<strong><em> \u0160to da se radi?<\/em><\/strong> <strong>Gorana Devi\u0107a <\/strong>o propasti industrijskog diva, tvornice \u017eeljezni\u010dkih vozila Gredelj, koju je redatelj bilje\u017eio kamerom cijelih jedanaest godina. Autor \u0107e osobno predstaviti film publici, a kao i ve\u0107ina filmova iz programa, <strong><em>\u0160to da se radi?<\/em><\/strong> \u0107e se reprizno prikazati zadnjeg dana festivala, u <strong>subotu 9. prosinca<\/strong>. Odmah nakon otvaranja, u 21:15 sati filmski program nastavlja se hrvatskom premijerom dobitnika berlinskog Srebrnog medvjeda za scenarij, igranim filmom <strong><em>Music <\/em><\/strong>redateljice <strong>Angele<\/strong> <strong>Schanelec <\/strong>o posvojenom mladi\u0107u Jonu koji zavr\u0161i u zatvoru gdje s \u010duvaricom dobije dijete ne slute\u0107i njihovu sudbonosnu povezanost. Kameru na filmu potpisuje srpski direktor fotografije i redatelj <strong>Ivan Markovi\u0107<\/strong>, a u jednoj od uloga pojavljuje se i hrvatski redatelj <strong>Mate Ugrin<\/strong>.<\/p>\n\n\n\n<p>Istog dana, u <strong>ponedjeljak 4. prosinca <\/strong>u<strong> 10 sati <\/strong>u <strong>Dokukinu KIC<\/strong> zapo\u010dinje <strong>govorni\u010dki program 21. HRFF-a<\/strong> dodjelom <strong>nagrade Saharov<\/strong> kojom Europski parlament podupire hrabre ljude u borbi za ravnopravnost, dostojanstvo i slobodu, a ove godine laureat je pokret <strong><em>\u017dene, \u017eivot, sloboda <\/em><\/strong>iz Irana. Uz dodjelu, odr\u017eat \u0107e se tribina na kojoj \u0107e sudjelovati i <strong>Afsun Moshiry,<\/strong> filmska kustosica i producentica koja je za 21. HRFF sastavila poseban <strong>program kratkih filmova o dru\u0161tvu i \u017eenskim pravima u Iranu<\/strong>. Program se prikazuje u <strong>utorak, 5. prosinca <\/strong>u <strong>17 sati<\/strong> u <strong>Dokukinu KIC<\/strong>, nakon \u010dega u <strong>19 sati<\/strong> slijedi premijera novog filma ukrajinske redateljice <strong>Alise Kovalenko <em>Mi ne\u0107emo nestati<\/em><\/strong><em> o <\/em>tinejd\u017eerima koji ratnu stvarnost Donbasa prekidaju ekspedicijom na Himalaju. Istovremeno, u kinu Kinoteka filmski program se nastavlja projekcijama filmova: <strong><em>Beskona\u010dno sje\u0107anje <\/em>Maite Alberdi<\/strong>, portretom bezuvjetne ljubavi na smrt bolesnog istaknutog \u010dileanskog novinara i pisca Augusta G\u00f3ngore i njegove supruge, glumice Pauline, ujedno i najgledanijim dokumentarcem u povijesti \u010dileanskog filma; dramom <strong><em>Zlo ne postoji<\/em><\/strong> japanskog redatelja <strong>Ry\u00fbsukea Hamaguchija<\/strong> o ruralnoj gentrifikaciji na ovogodi\u0161njoj Mostri nagra\u0111enoj Srebrnim lavom te nagradom FIPRESCI; te <strong><em>Klub Zero <\/em>Jessice Hausner<\/strong>, igranofilmski tragikomi\u010dni komentar na pritisak medija na generaciju Z.<br><br><strong>Srijeda <\/strong>i<strong> \u010detvrtak<\/strong> na <strong>21. HRFF-u<\/strong> donose premijere filmova nagra\u0111ivanih na najva\u017enijim me\u0111unarodnim filmskim festivalima: <strong><em>Stari hrast<\/em><\/strong> <strong>Kena Loacha <\/strong>dobitnik je nagrade publike na festivalu u Locarnu i bavi se imigrantskim pitanjima, ksenofobijom i sistemskim zanemarivanjem radnika u selu na sjeveroistoku Engleske; <strong><em>Suha trava<\/em><\/strong> <strong>Nuri Bilge Ceylana<\/strong> je drama o profesoru kojeg je maloljetna u\u010denica optu\u017eila za zlostavljanje nagra\u0111ena za najbolju glumicu na festivalu u Cannesu (Merve Dizdar); <strong><em>Zona interesa<\/em><\/strong> <strong>Jonathana Glazera <\/strong>o \u017eivotu zapovjednika Auschwitza dobitnik je vi\u0161e nagrada na ovogodi\u0161njem festivalu u Cannesu, me\u0111u kojima i Grand Prix i nagrada FIPRESCI, te 5 nominacija za Europsku filmsku nagradu; igrani biografski <strong><em>Ingeborg Bachmann \u2013 Putovanje u pustinju <\/em>Margarethe von Trotta <\/strong>o jednoj od najzna\u010dajnijih pjesnikinja njema\u010dkog govornog podru\u010dja premijerno je prikazan na ovogodi\u0161njem Berlinaleu. Premijerno \u0107e se prikazati i igrani film hrvatskog autora <strong>Damira \u010cu\u010di\u0107a<\/strong> <strong><em>Polako nikuda<\/em><\/strong>, ljubavna pri\u010da smje\u0161tena u blisku budu\u0107nost<em>;<\/em> <strong><em>Draga Fiona<\/em><\/strong> autorice <strong>Fione Tan<\/strong> \u2013 dokumentarni film koji otkriva suptilne veze izme\u0111u slike i zvuka, Nizozemske i Indonezije, razmjene i kolonijalizma, oca i k\u0107eri; <strong><em>Projekt<\/em><\/strong>, najnoviji eksperimentalni film <strong>Dane Komljena<\/strong> o kompleksu Lagos u Nigeriji kojeg je 1977. godine izgradila jugoslavenska gra\u0111evinska tvrtka; te <strong><em>\u010covjek u crnom <\/em>Wanga Binga<\/strong> dokumentarni portret Wanga Xilina \u2013 jednog od najve\u0107ih kineskih skladatelja moderne klasi\u010dne glazbe. Govorni program donosi <strong>tribinu o \u017eenskim pravima u 2024. godini <\/strong>i panel <strong><em>Zagovara\u010dka mo\u0107 civilnog dru\u0161tva u kontekstu izbora.<\/em><\/strong><\/p>\n\n\n\n<p><br>Filmski program 21. HRFF-a u <strong>petak<\/strong> i <strong>subotu<\/strong> obilje\u017eit \u0107e premijerne projekcije fikcionalne dokumentarne biografije <strong><em>Orlando, moja politi\u010dka biografija <\/em><\/strong>cijenjenog filozofa i trans aktiviste <strong>Paul B. Preciada<\/strong>; eksperimentalnog dokumentarca <strong><em>Uspon \u010dovjeka 3 <\/em><\/strong>o anksioznosti novih generacija vezano uz\u00a0 klimatske promjene argentinskog redatelja <strong>Eduarda Williamsa<\/strong>; najnoviji dokumentarni film <strong>Anje Strelec<\/strong> <strong><em>Gdje su nestali svi osmjesi? <\/em><\/strong>o nepalskim migrantima u potrazi za boljom budu\u0107no\u0161\u0107u; intimni i poeti\u010dni igrani film <strong><em>U vodi <\/em><\/strong>velikog hongkon\u0161kog autora <strong>Hong Sang-sooa <\/strong>te podjednako hipnoti\u010dki igrani film koji se oslanja na osjete, a ne odgovore \u2013 <strong><em>Eureka<\/em> Lisandra Alonsa. <\/strong>Pored repriznih projekcija filmova iz prvog dijela festivala, odr\u017eat \u0107e se i govorni program sastavljen od tribine o <strong>edukaciji udruga oko Povelje o temeljnim ljudskim pravima<\/strong> te projekcije filma <strong>Silvane Men\u0111u\u0161i\u0107<\/strong> <strong><em>Svaka igra, svaka dobiva <\/em><\/strong>o interesnim mre\u017eama u energetskom sektoru Hrvatske, nastalog u produkciji Gonga.<\/p>\n\n\n\n<hr class=\"wp-block-separator\"\/>\n\n\n\n<p>Izvor:<\/p>\n\n\n\n<p><a href=\"https:\/\/humanrightsfestival.org\/blog\/2023\/11\/cjelokupni-program-i-raspored-filmskog-i-govornickog-programa-21-hrff-a\/\">https:\/\/humanrightsfestival.org\/blog\/2023\/11\/cjelokupni-program-i-raspored-filmskog-i-govornickog-programa-21-hrff-a\/<\/a><\/p>\n\n\n\n<hr class=\"wp-block-separator\"\/>\n","protected":false},"excerpt":{"rendered":"","protected":false},"author":2,"featured_media":38372,"comment_status":"open","ping_status":"open","sticky":false,"template":"","format":"standard","meta":{"_acf_changed":false,"jetpack_post_was_ever_published":false,"_jetpack_newsletter_access":"","_jetpack_dont_email_post_to_subs":false,"_jetpack_newsletter_tier_id":0,"_jetpack_memberships_contains_paywalled_content":false,"_jetpack_memberships_contains_paid_content":false,"footnotes":"","jetpack_publicize_message":"","jetpack_publicize_feature_enabled":true,"jetpack_social_post_already_shared":true,"jetpack_social_options":{"image_generator_settings":{"template":"highway","default_image_id":0,"font":"","enabled":false},"version":2}},"categories":[13,3],"tags":[],"class_list":["post-38371","post","type-post","status-publish","format-standard","has-post-thumbnail","hentry","category-filmovi-i-serije","category-novosti"],"acf":{"facebook_opis":""},"jetpack_publicize_connections":[],"jetpack_featured_media_url":"https:\/\/i0.wp.com\/historiografija.hr\/wp-content\/uploads\/2023\/12\/header.jpg?fit=801%2C395&ssl=1","jetpack_sharing_enabled":true,"jetpack-related-posts":[],"_links":{"self":[{"href":"https:\/\/historiografija.hr\/index.php?rest_route=\/wp\/v2\/posts\/38371","targetHints":{"allow":["GET"]}}],"collection":[{"href":"https:\/\/historiografija.hr\/index.php?rest_route=\/wp\/v2\/posts"}],"about":[{"href":"https:\/\/historiografija.hr\/index.php?rest_route=\/wp\/v2\/types\/post"}],"author":[{"embeddable":true,"href":"https:\/\/historiografija.hr\/index.php?rest_route=\/wp\/v2\/users\/2"}],"replies":[{"embeddable":true,"href":"https:\/\/historiografija.hr\/index.php?rest_route=%2Fwp%2Fv2%2Fcomments&post=38371"}],"version-history":[{"count":1,"href":"https:\/\/historiografija.hr\/index.php?rest_route=\/wp\/v2\/posts\/38371\/revisions"}],"predecessor-version":[{"id":38373,"href":"https:\/\/historiografija.hr\/index.php?rest_route=\/wp\/v2\/posts\/38371\/revisions\/38373"}],"wp:featuredmedia":[{"embeddable":true,"href":"https:\/\/historiografija.hr\/index.php?rest_route=\/wp\/v2\/media\/38372"}],"wp:attachment":[{"href":"https:\/\/historiografija.hr\/index.php?rest_route=%2Fwp%2Fv2%2Fmedia&parent=38371"}],"wp:term":[{"taxonomy":"category","embeddable":true,"href":"https:\/\/historiografija.hr\/index.php?rest_route=%2Fwp%2Fv2%2Fcategories&post=38371"},{"taxonomy":"post_tag","embeddable":true,"href":"https:\/\/historiografija.hr\/index.php?rest_route=%2Fwp%2Fv2%2Ftags&post=38371"}],"curies":[{"name":"wp","href":"https:\/\/api.w.org\/{rel}","templated":true}]}}