{"id":38368,"date":"2023-12-01T21:03:31","date_gmt":"2023-12-01T21:03:31","guid":{"rendered":"http:\/\/historiografija.hr\/?p=38368"},"modified":"2023-12-01T21:03:31","modified_gmt":"2023-12-01T21:03:31","slug":"predstavljanje-prijevoda-djela-klasika-ukrajinske-knjizevnosti-mihajla-kocjubinskog","status":"publish","type":"post","link":"https:\/\/historiografija.hr\/?p=38368","title":{"rendered":"Predstavljanje prijevoda djela klasika ukrajinske knji\u017eevnosti Mihajla Kocjubinskog"},"content":{"rendered":"\n<p>Predstavljanje prijevoda djela klasika ukrajinske knji\u017eevnosti Mihajla Kocjubinskog (<em>Fatamorgana<\/em> i <em>Sjene zaboravljenih predaka<\/em>) odr\u017eat \u0107e se u utorak, 5. 12. 2023. s po\u010detkom u 15.30 u Konferencijskoj dvorani na II. katu Knji\u017enice Filozofskog fakulteta, Ivana Lu\u010di\u0107a 3, Zagreb.<\/p>\n\n\n\n<p>Knjige \u0107e predstaviti:<\/p>\n\n\n\n<p>Filip Badanjak, ukrajinist i slovakist, prevoditelj<\/p>\n\n\n\n<p>Dariya Pavle\u0161en, docentica na Katedri za ukrajinski jezik i knji\u017eevnost<\/p>\n\n\n\n<p>Domagoj Kli\u010dek, vi\u0161i asistent na Katedri za ukrajinski jezik i knji\u017eevnost<\/p>\n\n\n\n<p>Josip Panduri\u0107, glavni urednik izdava\u010dke ku\u0107e Disput<\/p>\n\n\n\n<hr class=\"wp-block-separator\"\/>\n\n\n\n<p>Izvor:<\/p>\n\n\n\n<figure class=\"wp-block-embed-wordpress wp-block-embed is-type-wp-embed is-provider-disput\"><div class=\"wp-block-embed__wrapper\">\n<blockquote class=\"wp-embedded-content\" data-secret=\"Vsl0qv0SqB\"><a href=\"https:\/\/disput.hr\/predstavljanje-knjige-prijevoda-djela-mihajla-kocjubinskog-sjene-zaboravljenih-predaka\/\">Predstavljanje knjige prijevoda djela Mihajla Kocjubinskog &#8220;Sjene zaboravljenih predaka&#8221;<\/a><\/blockquote><iframe loading=\"lazy\" class=\"wp-embedded-content\" sandbox=\"allow-scripts\" security=\"restricted\" style=\"position: absolute; clip: rect(1px, 1px, 1px, 1px);\" title=\"&#8220;Predstavljanje knjige prijevoda djela Mihajla Kocjubinskog &#8220;Sjene zaboravljenih predaka&#8221;&#8221; &#8212; Disput\" src=\"https:\/\/disput.hr\/predstavljanje-knjige-prijevoda-djela-mihajla-kocjubinskog-sjene-zaboravljenih-predaka\/embed\/#?secret=bE3lPM51nk#?secret=Vsl0qv0SqB\" data-secret=\"Vsl0qv0SqB\" width=\"600\" height=\"338\" frameborder=\"0\" marginwidth=\"0\" marginheight=\"0\" scrolling=\"no\"><\/iframe>\n<\/div><\/figure>\n\n\n\n<hr class=\"wp-block-separator\"\/>\n","protected":false},"excerpt":{"rendered":"","protected":false},"author":2,"featured_media":38369,"comment_status":"open","ping_status":"open","sticky":false,"template":"","format":"standard","meta":{"_acf_changed":false,"jetpack_post_was_ever_published":false,"_jetpack_newsletter_access":"","_jetpack_dont_email_post_to_subs":false,"_jetpack_newsletter_tier_id":0,"_jetpack_memberships_contains_paywalled_content":false,"_jetpack_memberships_contains_paid_content":false,"footnotes":"","jetpack_publicize_message":"","jetpack_publicize_feature_enabled":true,"jetpack_social_post_already_shared":true,"jetpack_social_options":{"image_generator_settings":{"template":"highway","default_image_id":0,"font":"","enabled":false},"version":2}},"categories":[3,12],"tags":[],"class_list":["post-38368","post","type-post","status-publish","format-standard","has-post-thumbnail","hentry","category-novosti","category-knjizevnost"],"acf":{"facebook_opis":""},"jetpack_publicize_connections":[],"jetpack_featured_media_url":"https:\/\/i0.wp.com\/historiografija.hr\/wp-content\/uploads\/2023\/12\/Disput_predstavljanje.jpg?fit=1080%2C1080&ssl=1","jetpack_sharing_enabled":true,"jetpack-related-posts":[],"_links":{"self":[{"href":"https:\/\/historiografija.hr\/index.php?rest_route=\/wp\/v2\/posts\/38368","targetHints":{"allow":["GET"]}}],"collection":[{"href":"https:\/\/historiografija.hr\/index.php?rest_route=\/wp\/v2\/posts"}],"about":[{"href":"https:\/\/historiografija.hr\/index.php?rest_route=\/wp\/v2\/types\/post"}],"author":[{"embeddable":true,"href":"https:\/\/historiografija.hr\/index.php?rest_route=\/wp\/v2\/users\/2"}],"replies":[{"embeddable":true,"href":"https:\/\/historiografija.hr\/index.php?rest_route=%2Fwp%2Fv2%2Fcomments&post=38368"}],"version-history":[{"count":1,"href":"https:\/\/historiografija.hr\/index.php?rest_route=\/wp\/v2\/posts\/38368\/revisions"}],"predecessor-version":[{"id":38370,"href":"https:\/\/historiografija.hr\/index.php?rest_route=\/wp\/v2\/posts\/38368\/revisions\/38370"}],"wp:featuredmedia":[{"embeddable":true,"href":"https:\/\/historiografija.hr\/index.php?rest_route=\/wp\/v2\/media\/38369"}],"wp:attachment":[{"href":"https:\/\/historiografija.hr\/index.php?rest_route=%2Fwp%2Fv2%2Fmedia&parent=38368"}],"wp:term":[{"taxonomy":"category","embeddable":true,"href":"https:\/\/historiografija.hr\/index.php?rest_route=%2Fwp%2Fv2%2Fcategories&post=38368"},{"taxonomy":"post_tag","embeddable":true,"href":"https:\/\/historiografija.hr\/index.php?rest_route=%2Fwp%2Fv2%2Ftags&post=38368"}],"curies":[{"name":"wp","href":"https:\/\/api.w.org\/{rel}","templated":true}]}}