{"id":38365,"date":"2023-12-01T20:52:26","date_gmt":"2023-12-01T20:52:26","guid":{"rendered":"http:\/\/historiografija.hr\/?p=38365"},"modified":"2023-12-01T20:52:26","modified_gmt":"2023-12-01T20:52:26","slug":"tribina-knjizevnog-petka-knjizevnost-i-rat","status":"publish","type":"post","link":"https:\/\/historiografija.hr\/?p=38365","title":{"rendered":"Tribina \u201eKnji\u017eevnog petka\u201c: Knji\u017eevnost i rat"},"content":{"rendered":"\n<p>Gosti: Jerko Bakotin, Tomislav Brlek, Anera Ryznar<\/p>\n\n\n\n<p>Urednica i voditeljica: \u0110ur\u0111ica \u010cili\u0107<\/p>\n\n\n\n<hr class=\"wp-block-separator\"\/>\n\n\n\n<p>Petak, 01.12.2023.<\/p>\n\n\n\n<p>Po\u010detak doga\u0111anja: 20:00<\/p>\n\n\n\n<p>Gradska knji\u017enica, Zagreb<\/p>\n\n\n\n<hr class=\"wp-block-separator\"\/>\n\n\n\n<p>Na Knji\u017eevnom petku koji nosi radni naslov \u201eKnji\u017eevnost i rat\u201c gostovat \u0107e <strong>Anera Ryznar<\/strong>, profesorica na Katedri za stilistiku, <strong>Tomislav Brlek<\/strong>, profesor na Katedri za op\u0107u povijest knji\u017eevnosti, oboje s Filozofskog fakulteta, te <strong>Jerko Bakotin<\/strong>, novinar i publicist. Razgovor, koji \u0107e moderirati <strong>\u0110ur\u0111ica \u010cili\u0107<\/strong>, bit \u0107e posve\u0107en knji\u017eevnosti koja se pi\u0161e u ratu i o ratu.<br><br>Govorit \u0107emo o knji\u017eevnosti koja rat zaziva, slavi i na rat poti\u010de. Prisjetit \u0107emo se va\u017enih doma\u0107ih i stranih autora koji su u svojim djelima prikazivali ratne u\u017ease i tra\u017eiti odgovor na pitanje je li knji\u017eevnost ikada ijedan rat sprije\u010dila ili zaustavila. Posebnu pa\u017enju posvetit \u0107emo knji\u017eevnosti koja govori o dezerterima, tim najve\u0107im junacima svih ratova, koji jo\u0161 uvijek \u010dekaju svoj spomenik. (\u0110. \u010c.)<\/p>\n\n\n\n<hr class=\"wp-block-separator\"\/>\n\n\n\n<p><strong>Jerko Bakotin<\/strong> (Split, 1984.) diplomirao je sociologiju i komparativnu knji\u017eevnost na Filozofskom fakultetu u Zagrebu. Od 2020. radi u samostalnom srpskom tjedniku Novosti. Bavi se temama kao \u0161to su suo\u010davanje s pro\u0161lo\u0161\u0107u i naslije\u0111e ratova, migracije, progresivni politi\u010dki pokreti u regiji te regionalna i globalna geopolitika. Sura\u0111ivao je s brojnim hrvatskim i regionalnim te ponekim njema\u010dkim i europskim medijima i knji\u017eevnim \u010dasopisima; pisao reporta\u017ee i putopise, za Tre\u0107i program hrvatskog radija snimao radijske dokumentarce iz vi\u0161e azijskih, afri\u010dkih, latinoameri\u010dkih i europskih zemalja. Izdao knjigu putopisa i knji\u017eevnih reporta\u017ea <em>Bratstva i ubojstva, gaj\u0111in<\/em> (Algoritam, 2015.). Autor, s Nikolom Kupre\u0161aninom, \u010detverodjelne povijesno-dokumentarne TV-serije <em>Kurdi <\/em>(Restart, 2019.). (Su)dobitnik vi\u0161e hrvatskih i stranih novinarskih nagrada za pisano, radijsko i istra\u017eiva\u010dko novinarstvo.\u00a0<br><br><strong>Tomislav Brlek<\/strong> (Zagreb, 1971.)\u00a0diplomirao je engleski jezik i knji\u017eevnost te \u0161panjolski jezik i knji\u017eevnost na Filozofskom fakultetu u Zagrebu, gdje je magistrirao\u00a0i doktorirao teoriju i povijest knji\u017eevnosti.\u00a0U me\u0111unarodnim i doma\u0107im stru\u010dnim \u010dasopisima objavio vi\u0161e radova s podru\u010dja povijesti i teorije knji\u017eevnosti. \u010clan je Hrvatskog dru\u0161tva filmskih kriti\u010dara, Dru\u0161tva knji\u017eevnih prevodilaca te predsjednik Hrvatskog semioti\u010dkog dru\u0161tva, urednik\u00a0ilustriranog \u010dasopisa za umjetnost i kulturu 15 dana. Autor je knjiga <em>Lekcije: studije o modernoj knji\u017eevnosti<\/em> (\u0160kolska knjiga, 2015) i <em>Tvrdi tekst: uvid i nevid moderne hrvatske knji\u017eevnosti<\/em> (Fraktura, 2020).<br><br><strong>Anera Ryznar <\/strong>(Zagreb,\u00a01982.) na Filozofskom fakultetu Sveu\u010dili\u0161ta u Zagrebu zavr\u0161ila je studij kroatistike i anglistike kao i poslijediplomski doktorski studij knji\u017eevnosti, kulture, izvedbenih umjetnosti i filma, gdje je i doktorirala. Radi kao docentica na Katedri za stilistiku te na projektima Figure i diskurzi i Stilisti\u010dki repozitorij (vodstvo prof. dr. sc. Kre\u0161imir Bagi\u0107). Podru\u010dja interesa su joj teorija stila, diskurzna stilistika, suvremena hrvatska proza te publicisti\u010dki i javni diskurz.\u00a0Uredila je zbornik \u010ditanja hrvatske proze <em>Vila-kiklop-kauboj<\/em> (Zagreba\u010dka slavisti\u010dka \u0161kola, 2012), zbornik <em>Svijet stila, stanja stilistike<\/em> (2015), suuredila knjigu <em>Jezik in fabula: pisci o jeziku i stilu<\/em> (2017). Prevodi s engleskog jezika. Objavila je knjigu <em>Suvremeni roman u raljama \u017eivota: studija o interdiskurzivnosti<\/em> (Disput, 2017). Urednica je na portalu stilistika.org.<br><br><strong>\u0110ur\u0111ica \u010cili\u0107<\/strong> (Livno, 1975.) zavr\u0161ila je studij polonistike i kroatistike na Filozofskom fakultetu Sveu\u010dili\u0161ta u Zagrebu, gdje je i magistrirala i doktorirala, te gdje radi kao izvanredna profesorica na Katedri za poljski jezik i knji\u017eevnost. Izvodi kolegije iz poljske knji\u017eevnosti, prevo\u0111enja i teorije knji\u017eevnosti. Pi\u0161e stru\u010dne i znanstvene radove o poljskoj knji\u017eevnosti i prevodi s poljskoga jezika. Autorica je znanstvene studije o poljskoj poeziji <em>Tri lica autora: Mitosz, R\u00f3\u017cewicz i Herbert<\/em> (2020.) te proznih knjiga <em>Fafarikul <\/em>(2020.) i <em>Novi kraj<\/em> (2022.).<\/p>\n\n\n\n<hr class=\"wp-block-separator\"\/>\n\n\n\n<p>Izvor i dodatne obavijesti:<\/p>\n\n\n\n<p><a href=\"https:\/\/www.kgz.hr\/hr\/dogadjanja\/rat-i-knjizevnost\/65101\">https:\/\/www.kgz.hr\/hr\/dogadjanja\/rat-i-knjizevnost\/65101<\/a><\/p>\n\n\n\n<hr class=\"wp-block-separator\"\/>\n","protected":false},"excerpt":{"rendered":"","protected":false},"author":2,"featured_media":38366,"comment_status":"open","ping_status":"open","sticky":false,"template":"","format":"standard","meta":{"_acf_changed":false,"jetpack_post_was_ever_published":false,"_jetpack_newsletter_access":"","_jetpack_dont_email_post_to_subs":false,"_jetpack_newsletter_tier_id":0,"_jetpack_memberships_contains_paywalled_content":false,"_jetpack_memberships_contains_paid_content":false,"footnotes":"","jetpack_publicize_message":"","jetpack_publicize_feature_enabled":true,"jetpack_social_post_already_shared":true,"jetpack_social_options":{"image_generator_settings":{"template":"highway","default_image_id":0,"font":"","enabled":false},"version":2}},"categories":[3,12],"tags":[],"class_list":["post-38365","post","type-post","status-publish","format-standard","has-post-thumbnail","hentry","category-novosti","category-knjizevnost"],"acf":{"facebook_opis":""},"jetpack_publicize_connections":[],"jetpack_featured_media_url":"https:\/\/i0.wp.com\/historiografija.hr\/wp-content\/uploads\/2023\/12\/KP_knj-i-rat.jpg?fit=250%2C277&ssl=1","jetpack_sharing_enabled":true,"jetpack-related-posts":[],"_links":{"self":[{"href":"https:\/\/historiografija.hr\/index.php?rest_route=\/wp\/v2\/posts\/38365","targetHints":{"allow":["GET"]}}],"collection":[{"href":"https:\/\/historiografija.hr\/index.php?rest_route=\/wp\/v2\/posts"}],"about":[{"href":"https:\/\/historiografija.hr\/index.php?rest_route=\/wp\/v2\/types\/post"}],"author":[{"embeddable":true,"href":"https:\/\/historiografija.hr\/index.php?rest_route=\/wp\/v2\/users\/2"}],"replies":[{"embeddable":true,"href":"https:\/\/historiografija.hr\/index.php?rest_route=%2Fwp%2Fv2%2Fcomments&post=38365"}],"version-history":[{"count":1,"href":"https:\/\/historiografija.hr\/index.php?rest_route=\/wp\/v2\/posts\/38365\/revisions"}],"predecessor-version":[{"id":38367,"href":"https:\/\/historiografija.hr\/index.php?rest_route=\/wp\/v2\/posts\/38365\/revisions\/38367"}],"wp:featuredmedia":[{"embeddable":true,"href":"https:\/\/historiografija.hr\/index.php?rest_route=\/wp\/v2\/media\/38366"}],"wp:attachment":[{"href":"https:\/\/historiografija.hr\/index.php?rest_route=%2Fwp%2Fv2%2Fmedia&parent=38365"}],"wp:term":[{"taxonomy":"category","embeddable":true,"href":"https:\/\/historiografija.hr\/index.php?rest_route=%2Fwp%2Fv2%2Fcategories&post=38365"},{"taxonomy":"post_tag","embeddable":true,"href":"https:\/\/historiografija.hr\/index.php?rest_route=%2Fwp%2Fv2%2Ftags&post=38365"}],"curies":[{"name":"wp","href":"https:\/\/api.w.org\/{rel}","templated":true}]}}