{"id":38345,"date":"2023-11-29T23:31:26","date_gmt":"2023-11-29T23:31:26","guid":{"rendered":"http:\/\/historiografija.hr\/?p=38345"},"modified":"2023-11-29T23:31:26","modified_gmt":"2023-11-29T23:31:26","slug":"platforma-klio-predavanja-o-ukrajinskoj-povijesti","status":"publish","type":"post","link":"https:\/\/historiografija.hr\/?p=38345","title":{"rendered":"Platforma Klio: Predavanja o ukrajinskoj povijesti"},"content":{"rendered":"\n<p>Platforma Klio nastavlja aktivnosti oko informiranja javnosti i u\u010ditelja povijesti o temama iz pro\u0161losti Ukrajine. Ubrzo nakon ruske invazije na Ukrajinu 24. velja\u010de 2022. organizirali smo <a href=\"https:\/\/youtu.be\/SVMoV6NTsL0\" target=\"_blank\" rel=\"noreferrer noopener\">predavanje o suvremenim ukrajinsko-ruskim odnosima<\/a>. Ovom prilikom najavljujemo predavanja na\u0161ih kolegica iz Ukrajine.<\/p>\n\n\n\n<p>U ponedjeljak 4. prosinca 2023. s po\u010detkom u 19.00 sati u virtualnu posjetu nam dolaze dr. sc. Kateryna Shymkevych i dr. sc. Maryna Bessonova. Registracija je otvorena na <a href=\"https:\/\/us02web.zoom.us\/meeting\/register\/tZUqf-ChqjwrHd1VDgieYkrwB39ONxaaE_Tg\">ovoj poveznici<\/a>. U predavanjima \u0107e se kombinirati hrvatski i engleski jezik (bez dodatnog prevo\u0111enja).<\/p>\n\n\n\n<hr class=\"wp-block-separator\"\/>\n\n\n\n<p>Izvor i dodatne informacije:<\/p>\n\n\n\n<figure class=\"wp-block-embed-wordpress wp-block-embed is-type-wp-embed is-provider-platforma-klio\"><div class=\"wp-block-embed__wrapper\">\n<blockquote class=\"wp-embedded-content\" data-secret=\"TrTjlckBJX\"><a href=\"https:\/\/platforma-klio.com\/2023\/11\/05\/najava-predavanja-o-ukrajini\/\">Najava: Predavanja o&nbsp;Ukrajini<\/a><\/blockquote><iframe loading=\"lazy\" class=\"wp-embedded-content\" sandbox=\"allow-scripts\" security=\"restricted\" style=\"position: absolute; clip: rect(1px, 1px, 1px, 1px);\" title=\"&#8220;Najava: Predavanja o&nbsp;Ukrajini&#8221; &#8212; Platforma Klio\" src=\"https:\/\/platforma-klio.com\/2023\/11\/05\/najava-predavanja-o-ukrajini\/embed\/#?secret=0Fo5ycGs6H#?secret=TrTjlckBJX\" data-secret=\"TrTjlckBJX\" width=\"600\" height=\"338\" frameborder=\"0\" marginwidth=\"0\" marginheight=\"0\" scrolling=\"no\"><\/iframe>\n<\/div><\/figure>\n\n\n\n<hr class=\"wp-block-separator\"\/>\n","protected":false},"excerpt":{"rendered":"","protected":false},"author":2,"featured_media":38346,"comment_status":"open","ping_status":"open","sticky":false,"template":"","format":"standard","meta":{"_acf_changed":false,"_jetpack_newsletter_access":"","_jetpack_dont_email_post_to_subs":false,"_jetpack_newsletter_tier_id":0,"_jetpack_memberships_contains_paywalled_content":false,"_jetpack_memberships_contains_paid_content":false,"footnotes":"","jetpack_publicize_message":"","jetpack_publicize_feature_enabled":true,"jetpack_social_post_already_shared":true,"jetpack_social_options":{"image_generator_settings":{"template":"highway","default_image_id":0,"font":"","enabled":false},"version":2},"jetpack_post_was_ever_published":false},"categories":[3],"tags":[],"class_list":["post-38345","post","type-post","status-publish","format-standard","has-post-thumbnail","hentry","category-novosti"],"acf":{"facebook_opis":""},"jetpack_publicize_connections":[],"jetpack_featured_media_url":"https:\/\/i0.wp.com\/historiografija.hr\/wp-content\/uploads\/2023\/11\/Platforma_Klio.jpg?fit=1245%2C484&ssl=1","jetpack_sharing_enabled":true,"jetpack-related-posts":[{"id":52646,"url":"https:\/\/historiografija.hr\/?p=52646","url_meta":{"origin":38345,"position":0},"title":"5. MALI FESTIVAL POVIJESTI U LASTOVU","author":"Branimir Jankovi\u0107","date":"24. travnja 2026.","format":false,"excerpt":"Peti Mali festival povijesti odr\u017eava se od 25. do 27. travnja 2026. na Lastovu, u suradnji Zavoda za povijesne znanosti HAZU u Dubrovniku, Op\u0107ine Lastovo i Turisti\u010dke zajednice te uz potporu Dubrova\u010dko-neretvanske \u017eupanije. Predavanja: Dr. sc. Jasna \u010capo \u201eKu\u0107a kao zalog budu\u0107nosti i most izme\u0111u iseljenika i domovine\u201c Dr. sc.\u2026","rel":"","context":"U &quot;Novosti&quot;","block_context":{"text":"Novosti","link":"https:\/\/historiografija.hr\/?cat=3"},"img":{"alt_text":"","src":"https:\/\/i0.wp.com\/historiografija.hr\/wp-content\/uploads\/2026\/04\/Lastovo.jpg?fit=1200%2C700&ssl=1&resize=350%2C200","width":350,"height":200,"srcset":"https:\/\/i0.wp.com\/historiografija.hr\/wp-content\/uploads\/2026\/04\/Lastovo.jpg?fit=1200%2C700&ssl=1&resize=350%2C200 1x, https:\/\/i0.wp.com\/historiografija.hr\/wp-content\/uploads\/2026\/04\/Lastovo.jpg?fit=1200%2C700&ssl=1&resize=525%2C300 1.5x, https:\/\/i0.wp.com\/historiografija.hr\/wp-content\/uploads\/2026\/04\/Lastovo.jpg?fit=1200%2C700&ssl=1&resize=700%2C400 2x, https:\/\/i0.wp.com\/historiografija.hr\/wp-content\/uploads\/2026\/04\/Lastovo.jpg?fit=1200%2C700&ssl=1&resize=1050%2C600 3x"},"classes":[]},{"id":53957,"url":"https:\/\/historiografija.hr\/?p=53957","url_meta":{"origin":38345,"position":1},"title":"Znanost u \u017eari\u0161tu: Predavanje dr. sc. Grozdane Franov-\u017divkovi\u0107 &#8220;Glagoljska i hrvatsko\u0107irili\u010dna vrela kao izvor za prou\u010davanje povijesti zadarskoga podru\u010dja&#8221;","author":"Branimir Jankovi\u0107","date":"9. lipnja 2026.","format":false,"excerpt":"Hrvatska akademija znanosti i umjetnosti organizira ciklus predavanja Znanost u \u017eari\u0161tu kojima je cilj na zanimljiv i pristupa\u010dan na\u010din predstaviti rezultate istra\u017eivanja njenih znanstveno-istra\u017eiva\u010dkih i muzejsko-galerijskih jedinica, a koji su jedinstveni u Hrvatskoj. U\u00a0srijedu 10. lipnja 2026. u 13 sati u Knji\u017enici HAZU u Zagrebu, Strossmayerov trg 14,\u00a0predavanje\u00a0Glagoljska i hrvatsko\u0107irili\u010dna\u2026","rel":"","context":"U &quot;Novosti&quot;","block_context":{"text":"Novosti","link":"https:\/\/historiografija.hr\/?cat=3"},"img":{"alt_text":"","src":"https:\/\/i0.wp.com\/historiografija.hr\/wp-content\/uploads\/2026\/06\/sicu_zadar_pasmanski_brevijar15st.jpg?fit=800%2C449&ssl=1&resize=350%2C200","width":350,"height":200,"srcset":"https:\/\/i0.wp.com\/historiografija.hr\/wp-content\/uploads\/2026\/06\/sicu_zadar_pasmanski_brevijar15st.jpg?fit=800%2C449&ssl=1&resize=350%2C200 1x, https:\/\/i0.wp.com\/historiografija.hr\/wp-content\/uploads\/2026\/06\/sicu_zadar_pasmanski_brevijar15st.jpg?fit=800%2C449&ssl=1&resize=525%2C300 1.5x, https:\/\/i0.wp.com\/historiografija.hr\/wp-content\/uploads\/2026\/06\/sicu_zadar_pasmanski_brevijar15st.jpg?fit=800%2C449&ssl=1&resize=700%2C400 2x"},"classes":[]},{"id":53742,"url":"https:\/\/historiografija.hr\/?p=53742","url_meta":{"origin":38345,"position":2},"title":"Javna predavanja &#8220;Kulturalna povijest kolektivnog stanovanja i komercijalni urbanizam&#8221;","author":"Branimir Jankovi\u0107","date":"26. svibnja 2026.","format":false,"excerpt":"U okviru ERC projekta Housing.Yu, Lea Horvat i Ivana Mihaela \u017dimbrek odr\u017eat \u0107e javna predavanja o kulturalnoj povijesti kolektivnog stanovanja i komercijalnom urbanizmu u petak, 29. svibnja 2026., u 13:00 sati na Arhitektonskom fakultetu u Zagrebu (Ka\u010di\u0107eva 26, 2. kat, soba 221). Lea HorvatKako nam kulturalna povijest poma\u017ee razumjeti kolektivno\u2026","rel":"","context":"U &quot;Novosti&quot;","block_context":{"text":"Novosti","link":"https:\/\/historiografija.hr\/?cat=3"},"img":{"alt_text":"","src":"https:\/\/i0.wp.com\/historiografija.hr\/wp-content\/uploads\/2026\/05\/erc-hyu-predavnje-ivana-zimbrek-1779202528.jpg?fit=900%2C563&ssl=1&resize=350%2C200","width":350,"height":200,"srcset":"https:\/\/i0.wp.com\/historiografija.hr\/wp-content\/uploads\/2026\/05\/erc-hyu-predavnje-ivana-zimbrek-1779202528.jpg?fit=900%2C563&ssl=1&resize=350%2C200 1x, https:\/\/i0.wp.com\/historiografija.hr\/wp-content\/uploads\/2026\/05\/erc-hyu-predavnje-ivana-zimbrek-1779202528.jpg?fit=900%2C563&ssl=1&resize=525%2C300 1.5x, https:\/\/i0.wp.com\/historiografija.hr\/wp-content\/uploads\/2026\/05\/erc-hyu-predavnje-ivana-zimbrek-1779202528.jpg?fit=900%2C563&ssl=1&resize=700%2C400 2x"},"classes":[]},{"id":54328,"url":"https:\/\/historiografija.hr\/?p=54328","url_meta":{"origin":38345,"position":3},"title":"Me\u0111unarodna konferencija \u201eArt in Society\u201c, Zagreb, 1. \u2013 4. 7. 2026.","author":"Branimir Jankovi\u0107","date":"26. lipnja 2026.","format":false,"excerpt":"Me\u0111unarodna konferencija \u201eArt in Society\u201c odr\u017eat \u0107e se od 1. do 4. srpnja 2026. godine na Filozofskom fakultetu Sveu\u010dili\u0161ta u Zagrebu. Skup okuplja stru\u010dnjake iz podru\u010dja povijesti umjetnosti, arhitekture, muzeologije i srodnih disciplina iz brojnih zemalja Europe i svijeta. Polaze\u0107i od shva\u0107anja umjetnosti kao aktivne i transformativne sile unutar dru\u0161tvenog\u2026","rel":"","context":"U &quot;Novosti&quot;","block_context":{"text":"Novosti","link":"https:\/\/historiografija.hr\/?cat=3"},"img":{"alt_text":"","src":"https:\/\/i0.wp.com\/historiografija.hr\/wp-content\/uploads\/2026\/06\/ArtinS_2026.jpg?fit=1191%2C839&ssl=1&resize=350%2C200","width":350,"height":200,"srcset":"https:\/\/i0.wp.com\/historiografija.hr\/wp-content\/uploads\/2026\/06\/ArtinS_2026.jpg?fit=1191%2C839&ssl=1&resize=350%2C200 1x, https:\/\/i0.wp.com\/historiografija.hr\/wp-content\/uploads\/2026\/06\/ArtinS_2026.jpg?fit=1191%2C839&ssl=1&resize=525%2C300 1.5x, https:\/\/i0.wp.com\/historiografija.hr\/wp-content\/uploads\/2026\/06\/ArtinS_2026.jpg?fit=1191%2C839&ssl=1&resize=700%2C400 2x, https:\/\/i0.wp.com\/historiografija.hr\/wp-content\/uploads\/2026\/06\/ArtinS_2026.jpg?fit=1191%2C839&ssl=1&resize=1050%2C600 3x"},"classes":[]},{"id":53249,"url":"https:\/\/historiografija.hr\/?p=53249","url_meta":{"origin":38345,"position":4},"title":"30 godina Podru\u017enice \u2013 Javno predavanje dr. sc. Stanka Andri\u0107a: \u201eCRKVENI REDOVI U SLAVONIJI, SRIJEMU I BARANJI U SREDNJEM VIJEKU\u201c","author":"Branimir Jankovi\u0107","date":"14. svibnja 2026.","format":false,"excerpt":"U 2026. navr\u0161ava se trideset godina od osnutka Podru\u017enice za povijest Slavonije, Srijema i Baranje Hrvatskog instituta za povijest. Obilje\u017eavanje ove zna\u010dajne obljetnice zapo\u010dinje ciklusom javnih povijesnih predavanja znanstvenika Instituta.\u00a0 \u010cetvrto po redu je\u00a0predavanje\u00a0dr. sc. Stanka Andri\u0107a\u00a0\u2013 \u201eCRKVENI REDOVI U SLAVONIJI, SRIJEMU I BARANJI U SREDNJEM VIJEKU\u201c. Predavanje\u00a0je odr\u017eano\u00a013. svibnja\u2026","rel":"","context":"U &quot;Novosti&quot;","block_context":{"text":"Novosti","link":"https:\/\/historiografija.hr\/?cat=3"},"img":{"alt_text":"","src":"https:\/\/i0.wp.com\/historiografija.hr\/wp-content\/uploads\/2026\/05\/Andric.jpg?fit=960%2C512&ssl=1&resize=350%2C200","width":350,"height":200,"srcset":"https:\/\/i0.wp.com\/historiografija.hr\/wp-content\/uploads\/2026\/05\/Andric.jpg?fit=960%2C512&ssl=1&resize=350%2C200 1x, https:\/\/i0.wp.com\/historiografija.hr\/wp-content\/uploads\/2026\/05\/Andric.jpg?fit=960%2C512&ssl=1&resize=525%2C300 1.5x, https:\/\/i0.wp.com\/historiografija.hr\/wp-content\/uploads\/2026\/05\/Andric.jpg?fit=960%2C512&ssl=1&resize=700%2C400 2x"},"classes":[]},{"id":54089,"url":"https:\/\/historiografija.hr\/?p=54089","url_meta":{"origin":38345,"position":5},"title":"Snimka predavanja Darjana Godi\u0107a &#8220;Zbivanja na Petrova\u010dkoj i Prijedorskoj cesti u kolovozu 1995. \u010cinjenice i narativi&#8221;","author":"Branimir Jankovi\u0107","date":"15. lipnja 2026.","format":false,"excerpt":"Na YouTube kanalu Hrvatskog instituta za povijest objavljena je snimka predavanja povjesni\u010dara Darjana Godi\u0107a \u201eZbivanja na Petrova\u010dkoj i Prijedorskoj cesti u kolovozu 1995. \u010cinjenice i narativi\u201c koje je odr\u017eano u Nacionalnoj i sveu\u010dili\u0161noj knji\u017enici u Zagrebu 8. svibnja 2026. u sklopu Festivala povijesti Kliofest. https:\/\/www.youtube.com\/watch?v=laIkJIv4oEA","rel":"","context":"U &quot;Novosti&quot;","block_context":{"text":"Novosti","link":"https:\/\/historiografija.hr\/?cat=3"},"img":{"alt_text":"","src":"https:\/\/i0.wp.com\/historiografija.hr\/wp-content\/uploads\/2026\/06\/Godic_predavanje.png?fit=1200%2C844&ssl=1&resize=350%2C200","width":350,"height":200,"srcset":"https:\/\/i0.wp.com\/historiografija.hr\/wp-content\/uploads\/2026\/06\/Godic_predavanje.png?fit=1200%2C844&ssl=1&resize=350%2C200 1x, https:\/\/i0.wp.com\/historiografija.hr\/wp-content\/uploads\/2026\/06\/Godic_predavanje.png?fit=1200%2C844&ssl=1&resize=525%2C300 1.5x, https:\/\/i0.wp.com\/historiografija.hr\/wp-content\/uploads\/2026\/06\/Godic_predavanje.png?fit=1200%2C844&ssl=1&resize=700%2C400 2x, https:\/\/i0.wp.com\/historiografija.hr\/wp-content\/uploads\/2026\/06\/Godic_predavanje.png?fit=1200%2C844&ssl=1&resize=1050%2C600 3x"},"classes":[]}],"_links":{"self":[{"href":"https:\/\/historiografija.hr\/index.php?rest_route=\/wp\/v2\/posts\/38345","targetHints":{"allow":["GET"]}}],"collection":[{"href":"https:\/\/historiografija.hr\/index.php?rest_route=\/wp\/v2\/posts"}],"about":[{"href":"https:\/\/historiografija.hr\/index.php?rest_route=\/wp\/v2\/types\/post"}],"author":[{"embeddable":true,"href":"https:\/\/historiografija.hr\/index.php?rest_route=\/wp\/v2\/users\/2"}],"replies":[{"embeddable":true,"href":"https:\/\/historiografija.hr\/index.php?rest_route=%2Fwp%2Fv2%2Fcomments&post=38345"}],"version-history":[{"count":1,"href":"https:\/\/historiografija.hr\/index.php?rest_route=\/wp\/v2\/posts\/38345\/revisions"}],"predecessor-version":[{"id":38347,"href":"https:\/\/historiografija.hr\/index.php?rest_route=\/wp\/v2\/posts\/38345\/revisions\/38347"}],"wp:featuredmedia":[{"embeddable":true,"href":"https:\/\/historiografija.hr\/index.php?rest_route=\/wp\/v2\/media\/38346"}],"wp:attachment":[{"href":"https:\/\/historiografija.hr\/index.php?rest_route=%2Fwp%2Fv2%2Fmedia&parent=38345"}],"wp:term":[{"taxonomy":"category","embeddable":true,"href":"https:\/\/historiografija.hr\/index.php?rest_route=%2Fwp%2Fv2%2Fcategories&post=38345"},{"taxonomy":"post_tag","embeddable":true,"href":"https:\/\/historiografija.hr\/index.php?rest_route=%2Fwp%2Fv2%2Ftags&post=38345"}],"curies":[{"name":"wp","href":"https:\/\/api.w.org\/{rel}","templated":true}]}}