{"id":38337,"date":"2023-11-29T23:00:01","date_gmt":"2023-11-29T23:00:01","guid":{"rendered":"http:\/\/historiografija.hr\/?p=38337"},"modified":"2023-11-29T23:00:01","modified_gmt":"2023-11-29T23:00:01","slug":"cernik-prilozi-o-povijesti-i-bastini","status":"publish","type":"post","link":"https:\/\/historiografija.hr\/?p=38337","title":{"rendered":"Cernik \u2013 prilozi o povijesti i ba\u0161tini"},"content":{"rendered":"\n<p>Zbornik radova znanstveno-stru\u010dnog skupa odr\u017eanog u Cerniku 9. listopada 2020.<\/p>\n\n\n\n<p>Uredio: Stanko Andri\u0107<\/p>\n\n\n\n<p>Broj stranica: 262<\/p>\n\n\n\n<p>Godina izdanja: 2023.<\/p>\n\n\n\n<p>Suizdava\u010di: Op\u0107ina Cernik, Hrvatski institut za povijest \u2013 Podru\u017enica za povijest Slavonije, Srijema i Baranje, Franjeva\u010dki samostan i crkva svetog Petra Apostola u Cerniku, Gradski muzej Nova Gradi\u0161ka, Konzervatorski odjel u Slavonskom Brodu<\/p>\n\n\n\n<hr class=\"wp-block-separator\"\/>\n\n\n\n<p>SADR\u017dAJ:<\/p>\n\n\n\n<figure class=\"wp-block-embed-wordpress wp-block-embed is-type-wp-embed is-provider-hrvatski-institut-za-povijest\"><div class=\"wp-block-embed__wrapper\">\n<blockquote class=\"wp-embedded-content\" data-secret=\"UfDUhHWGWb\"><a href=\"http:\/\/hipsb.hr\/proizvod\/cernik-prilozi-o-povijesti-i-bastini\/\">Cernik \u2013 prilozi o povijesti i ba\u0161tini<\/a><\/blockquote><iframe loading=\"lazy\" class=\"wp-embedded-content\" sandbox=\"allow-scripts\" security=\"restricted\" style=\"position: absolute; clip: rect(1px, 1px, 1px, 1px);\" title=\"&#8220;Cernik \u2013 prilozi o povijesti i ba\u0161tini&#8221; &#8212; Hrvatski institut za povijest\" src=\"http:\/\/hipsb.hr\/proizvod\/cernik-prilozi-o-povijesti-i-bastini\/embed\/#?secret=UfDUhHWGWb\" data-secret=\"UfDUhHWGWb\" width=\"600\" height=\"338\" frameborder=\"0\" marginwidth=\"0\" marginheight=\"0\" scrolling=\"no\"><\/iframe>\n<\/div><\/figure>\n\n\n\n<hr class=\"wp-block-separator\"\/>\n","protected":false},"excerpt":{"rendered":"","protected":false},"author":2,"featured_media":38338,"comment_status":"open","ping_status":"open","sticky":false,"template":"","format":"standard","meta":{"_acf_changed":false,"jetpack_post_was_ever_published":false,"_jetpack_newsletter_access":"","_jetpack_dont_email_post_to_subs":false,"_jetpack_newsletter_tier_id":0,"_jetpack_memberships_contains_paywalled_content":false,"_jetpack_memberships_contains_paid_content":false,"footnotes":"","jetpack_publicize_message":"","jetpack_publicize_feature_enabled":true,"jetpack_social_post_already_shared":true,"jetpack_social_options":{"image_generator_settings":{"template":"highway","default_image_id":0,"font":"","enabled":false},"version":2}},"categories":[8,3],"tags":[],"class_list":["post-38337","post","type-post","status-publish","format-standard","has-post-thumbnail","hentry","category-knjige","category-novosti"],"acf":{"facebook_opis":""},"jetpack_publicize_connections":[],"jetpack_featured_media_url":"https:\/\/i0.wp.com\/historiografija.hr\/wp-content\/uploads\/2023\/11\/Zbornik-Cernik.jpg?fit=634%2C960&ssl=1","jetpack_sharing_enabled":true,"jetpack-related-posts":[],"_links":{"self":[{"href":"https:\/\/historiografija.hr\/index.php?rest_route=\/wp\/v2\/posts\/38337","targetHints":{"allow":["GET"]}}],"collection":[{"href":"https:\/\/historiografija.hr\/index.php?rest_route=\/wp\/v2\/posts"}],"about":[{"href":"https:\/\/historiografija.hr\/index.php?rest_route=\/wp\/v2\/types\/post"}],"author":[{"embeddable":true,"href":"https:\/\/historiografija.hr\/index.php?rest_route=\/wp\/v2\/users\/2"}],"replies":[{"embeddable":true,"href":"https:\/\/historiografija.hr\/index.php?rest_route=%2Fwp%2Fv2%2Fcomments&post=38337"}],"version-history":[{"count":1,"href":"https:\/\/historiografija.hr\/index.php?rest_route=\/wp\/v2\/posts\/38337\/revisions"}],"predecessor-version":[{"id":38339,"href":"https:\/\/historiografija.hr\/index.php?rest_route=\/wp\/v2\/posts\/38337\/revisions\/38339"}],"wp:featuredmedia":[{"embeddable":true,"href":"https:\/\/historiografija.hr\/index.php?rest_route=\/wp\/v2\/media\/38338"}],"wp:attachment":[{"href":"https:\/\/historiografija.hr\/index.php?rest_route=%2Fwp%2Fv2%2Fmedia&parent=38337"}],"wp:term":[{"taxonomy":"category","embeddable":true,"href":"https:\/\/historiografija.hr\/index.php?rest_route=%2Fwp%2Fv2%2Fcategories&post=38337"},{"taxonomy":"post_tag","embeddable":true,"href":"https:\/\/historiografija.hr\/index.php?rest_route=%2Fwp%2Fv2%2Ftags&post=38337"}],"curies":[{"name":"wp","href":"https:\/\/api.w.org\/{rel}","templated":true}]}}