{"id":38334,"date":"2023-11-29T22:51:57","date_gmt":"2023-11-29T22:51:57","guid":{"rendered":"http:\/\/historiografija.hr\/?p=38334"},"modified":"2023-11-29T22:51:57","modified_gmt":"2023-11-29T22:51:57","slug":"izlozba-ivana-mestrovica-u-zagrebu","status":"publish","type":"post","link":"https:\/\/historiografija.hr\/?p=38334","title":{"rendered":"Izlo\u017eba Ivana Me\u0161trovi\u0107a u Zagrebu"},"content":{"rendered":"\n<p>Povodom 140. obljetnice ro\u0111enja Ivana Me\u0161trovi\u0107a (1883-1952) otvorena je od 23. studenog 2023. do 3. o\u017eujka 2024. godine u Galeriji Klovi\u0107evi dvori u Zagrebu velika izlo\u017eba njegovih djela.<\/p>\n\n\n\n<hr class=\"wp-block-separator\"\/>\n\n\n\n<p>Op\u0161irnije:<\/p>\n\n\n\n<figure class=\"wp-block-embed-wordpress wp-block-embed is-type-wp-embed is-provider-galerija-klovicevi-dvori\"><div class=\"wp-block-embed__wrapper\">\n<blockquote class=\"wp-embedded-content\" data-secret=\"CBpdSh2PRB\"><a href=\"https:\/\/gkd.hr\/2023\/09\/13\/najava-izlozbe-ivana-mestrovica-u-galeriji-klovicevi-dvori\/\">Izlo\u017eba Ivana Me\u0161trovi\u0107a u Galeriji Klovi\u0107evi dvori (23. studeni 2023.- 3. o\u017eujak 2024.)<\/a><\/blockquote><iframe loading=\"lazy\" class=\"wp-embedded-content\" sandbox=\"allow-scripts\" security=\"restricted\" style=\"position: absolute; clip: rect(1px, 1px, 1px, 1px);\" title=\"&#8220;Izlo\u017eba Ivana Me\u0161trovi\u0107a u Galeriji Klovi\u0107evi dvori (23. studeni 2023.- 3. o\u017eujak 2024.)&#8221; &#8212; Galerija Klovi\u0107evi dvori\" src=\"https:\/\/gkd.hr\/2023\/09\/13\/najava-izlozbe-ivana-mestrovica-u-galeriji-klovicevi-dvori\/embed\/#?secret=DVOX3R2nMg#?secret=CBpdSh2PRB\" data-secret=\"CBpdSh2PRB\" width=\"600\" height=\"338\" frameborder=\"0\" marginwidth=\"0\" marginheight=\"0\" scrolling=\"no\"><\/iframe>\n<\/div><\/figure>\n\n\n\n<hr class=\"wp-block-separator\"\/>\n","protected":false},"excerpt":{"rendered":"","protected":false},"author":2,"featured_media":38335,"comment_status":"open","ping_status":"open","sticky":false,"template":"","format":"standard","meta":{"_acf_changed":false,"jetpack_post_was_ever_published":false,"_jetpack_newsletter_access":"","_jetpack_dont_email_post_to_subs":false,"_jetpack_newsletter_tier_id":0,"_jetpack_memberships_contains_paywalled_content":false,"_jetpack_memberships_contains_paid_content":false,"footnotes":"","jetpack_publicize_message":"","jetpack_publicize_feature_enabled":true,"jetpack_social_post_already_shared":true,"jetpack_social_options":{"image_generator_settings":{"template":"highway","default_image_id":0,"font":"","enabled":false},"version":2}},"categories":[10,3],"tags":[],"class_list":["post-38334","post","type-post","status-publish","format-standard","has-post-thumbnail","hentry","category-izlozbe","category-novosti"],"acf":{"facebook_opis":""},"jetpack_publicize_connections":[],"jetpack_featured_media_url":"https:\/\/i0.wp.com\/historiografija.hr\/wp-content\/uploads\/2023\/11\/Mestrovic.jpg?fit=820%2C360&ssl=1","jetpack_sharing_enabled":true,"jetpack-related-posts":[],"_links":{"self":[{"href":"https:\/\/historiografija.hr\/index.php?rest_route=\/wp\/v2\/posts\/38334","targetHints":{"allow":["GET"]}}],"collection":[{"href":"https:\/\/historiografija.hr\/index.php?rest_route=\/wp\/v2\/posts"}],"about":[{"href":"https:\/\/historiografija.hr\/index.php?rest_route=\/wp\/v2\/types\/post"}],"author":[{"embeddable":true,"href":"https:\/\/historiografija.hr\/index.php?rest_route=\/wp\/v2\/users\/2"}],"replies":[{"embeddable":true,"href":"https:\/\/historiografija.hr\/index.php?rest_route=%2Fwp%2Fv2%2Fcomments&post=38334"}],"version-history":[{"count":1,"href":"https:\/\/historiografija.hr\/index.php?rest_route=\/wp\/v2\/posts\/38334\/revisions"}],"predecessor-version":[{"id":38336,"href":"https:\/\/historiografija.hr\/index.php?rest_route=\/wp\/v2\/posts\/38334\/revisions\/38336"}],"wp:featuredmedia":[{"embeddable":true,"href":"https:\/\/historiografija.hr\/index.php?rest_route=\/wp\/v2\/media\/38335"}],"wp:attachment":[{"href":"https:\/\/historiografija.hr\/index.php?rest_route=%2Fwp%2Fv2%2Fmedia&parent=38334"}],"wp:term":[{"taxonomy":"category","embeddable":true,"href":"https:\/\/historiografija.hr\/index.php?rest_route=%2Fwp%2Fv2%2Fcategories&post=38334"},{"taxonomy":"post_tag","embeddable":true,"href":"https:\/\/historiografija.hr\/index.php?rest_route=%2Fwp%2Fv2%2Ftags&post=38334"}],"curies":[{"name":"wp","href":"https:\/\/api.w.org\/{rel}","templated":true}]}}