{"id":38312,"date":"2023-11-28T22:16:59","date_gmt":"2023-11-28T22:16:59","guid":{"rendered":"http:\/\/historiografija.hr\/?p=38312"},"modified":"2023-11-28T22:28:29","modified_gmt":"2023-11-28T22:28:29","slug":"preminuo-emmanuel-le-roy-ladurie","status":"publish","type":"post","link":"https:\/\/historiografija.hr\/?p=38312","title":{"rendered":"Preminuo Emmanuel Le Roy Ladurie"},"content":{"rendered":"\n<p>U 94. godini preminuo je Emmanuel Le Roy Ladurie (1929-2023), jo\u0161 jedan istaknuti francuski povjesni\u010dar iz kruga povjesni\u010dara oko \u010dasopisa <em>Annales<\/em>. \u0160iroko poznatim u\u010dinila ga je knjiga \u201cMontaillou, village occitan de 1294 a 1324\u201d (prijevod: \u201cMontaju, oksitansko selo od 1294. do 1324.\u201d, Sremski Karlovci &#8211; Novi Sad 1991). Prevedeni su jo\u0161 neki njegovi tekstovi kao \u0161to su \u201eNajmljeno dojenje u Francuskoj u XVIII. stolje\u0107u: bio-sociokulturni fenomen\u201c (<em>Gordogan<\/em>, br. 34-35, 1991) i \u201eRuralna civilizacija\u201c (<em>Radovi Zavoda za hrvatsku povijest<\/em>, <a href=\"https:\/\/hrcak.srce.hr\/clanak\/76973\">1996<\/a>), a treba istaknuti i objavljeni razgovor s njime (<em>Pro tempore<\/em>, br. 8-9, <a href=\"https:\/\/hrcak.srce.hr\/clanak\/273966\">2010<\/a>).<\/p>\n\n\n\n<hr class=\"wp-block-separator\"\/>\n\n\n\n<p>Iz medija:<\/p>\n\n\n\n<p><a href=\"https:\/\/www.theguardian.com\/books\/2023\/nov\/24\/emmanuel-le-roy-ladurie-obituary\">https:\/\/www.theguardian.com\/books\/2023\/nov\/24\/emmanuel-le-roy-ladurie-obituary<\/a><\/p>\n\n\n\n<p><a href=\"https:\/\/www.nytimes.com\/2023\/11\/23\/books\/emmanuel-le-roy-ladurie-dead.html\">https:\/\/www.nytimes.com\/2023\/11\/23\/books\/emmanuel-le-roy-ladurie-dead.html<\/a><\/p>\n\n\n\n<p><a href=\"https:\/\/www.washingtonpost.com\/obituaries\/2023\/11\/25\/roy-ladurie-historian-french-dies\/\">https:\/\/www.washingtonpost.com\/obituaries\/2023\/11\/25\/roy-ladurie-historian-french-dies\/<\/a><\/p>\n\n\n\n<p><a href=\"https:\/\/www.telegraph.co.uk\/obituaries\/2023\/11\/23\/emmanuel-le-roy-ladurie-total-history-montaillou\/\">https:\/\/www.telegraph.co.uk\/obituaries\/2023\/11\/23\/emmanuel-le-roy-ladurie-total-history-montaillou\/<\/a><\/p>\n\n\n\n<hr class=\"wp-block-separator\"\/>\n\n\n\n<p><a href=\"https:\/\/www.lemonde.fr\/disparitions\/article\/2023\/11\/23\/l-historien-emmanuel-le-roy-ladurie-est-mort_6201876_3382.html\">https:\/\/www.lemonde.fr\/disparitions\/article\/2023\/11\/23\/l-historien-emmanuel-le-roy-ladurie-est-mort_6201876_3382.html<\/a><\/p>\n\n\n\n<p><a href=\"https:\/\/www.lefigaro.fr\/culture\/mort-de-l-historien-emmanuel-le-roy-ladurie-20231123\">https:\/\/www.lefigaro.fr\/culture\/mort-de-l-historien-emmanuel-le-roy-ladurie-20231123<\/a><\/p>\n\n\n\n<p><a href=\"https:\/\/www.liberation.fr\/culture\/livres\/mort-demmanuel-le-roy-ladurie-historien-fondamental-du-monde-rural-et-du-climat-20231123_X2W5WNADVBBXXBXABC7M5FPJ7I\/\">https:\/\/www.liberation.fr\/culture\/livres\/mort-demmanuel-le-roy-ladurie-historien-fondamental-du-monde-rural-et-du-climat-20231123_X2W5WNADVBBXXBXABC7M5FPJ7I\/<\/a><\/p>\n\n\n\n<figure class=\"wp-block-embed-wordpress wp-block-embed is-type-wp-embed is-provider-l-039-humanite\"><div class=\"wp-block-embed__wrapper\">\n<blockquote class=\"wp-embedded-content\" data-secret=\"nqDpWDYTMz\"><a href=\"https:\/\/www.humanite.fr\/en-debat\/deces\/mort-demmanuel-le-roy-ladurie-lhistorien-au-gre-des-courants\">Mort d\u2019Emmanuel Le Roy Ladurie, l\u2019historien au gr\u00e9 des courants<\/a><\/blockquote><iframe loading=\"lazy\" class=\"wp-embedded-content\" sandbox=\"allow-scripts\" security=\"restricted\" style=\"position: absolute; clip: rect(1px, 1px, 1px, 1px);\" title=\"\u00ab\u00a0Mort d\u2019Emmanuel Le Roy Ladurie, l\u2019historien au gr\u00e9 des courants\u00a0\u00bb &#8212; L&#039;Humanit\u00e9\" src=\"https:\/\/www.humanite.fr\/en-debat\/deces\/mort-demmanuel-le-roy-ladurie-lhistorien-au-gre-des-courants\/embed#?secret=3aYefbIdB7#?secret=nqDpWDYTMz\" data-secret=\"nqDpWDYTMz\" width=\"600\" height=\"338\" frameborder=\"0\" marginwidth=\"0\" marginheight=\"0\" scrolling=\"no\"><\/iframe>\n<\/div><\/figure>\n\n\n\n<hr class=\"wp-block-separator\"\/>\n","protected":false},"excerpt":{"rendered":"","protected":false},"author":2,"featured_media":38313,"comment_status":"open","ping_status":"open","sticky":false,"template":"","format":"standard","meta":{"_acf_changed":false,"jetpack_post_was_ever_published":false,"_jetpack_newsletter_access":"","_jetpack_dont_email_post_to_subs":false,"_jetpack_newsletter_tier_id":0,"_jetpack_memberships_contains_paywalled_content":false,"_jetpack_memberships_contains_paid_content":false,"footnotes":"","jetpack_publicize_message":"","jetpack_publicize_feature_enabled":true,"jetpack_social_post_already_shared":true,"jetpack_social_options":{"image_generator_settings":{"template":"highway","default_image_id":0,"font":"","enabled":false},"version":2}},"categories":[3,20],"tags":[],"class_list":["post-38312","post","type-post","status-publish","format-standard","has-post-thumbnail","hentry","category-novosti","category-obavijesti-o-smrti-i-nekrolozi"],"acf":{"facebook_opis":""},"jetpack_publicize_connections":[],"jetpack_featured_media_url":"https:\/\/i0.wp.com\/historiografija.hr\/wp-content\/uploads\/2023\/11\/Emmanuel_Le_Roy_Ladurie_par_Claude_Truong-Ngoc_octobre_2014-scaled.jpg?fit=2560%2C1707&ssl=1","jetpack_sharing_enabled":true,"jetpack-related-posts":[],"_links":{"self":[{"href":"https:\/\/historiografija.hr\/index.php?rest_route=\/wp\/v2\/posts\/38312","targetHints":{"allow":["GET"]}}],"collection":[{"href":"https:\/\/historiografija.hr\/index.php?rest_route=\/wp\/v2\/posts"}],"about":[{"href":"https:\/\/historiografija.hr\/index.php?rest_route=\/wp\/v2\/types\/post"}],"author":[{"embeddable":true,"href":"https:\/\/historiografija.hr\/index.php?rest_route=\/wp\/v2\/users\/2"}],"replies":[{"embeddable":true,"href":"https:\/\/historiografija.hr\/index.php?rest_route=%2Fwp%2Fv2%2Fcomments&post=38312"}],"version-history":[{"count":2,"href":"https:\/\/historiografija.hr\/index.php?rest_route=\/wp\/v2\/posts\/38312\/revisions"}],"predecessor-version":[{"id":38317,"href":"https:\/\/historiografija.hr\/index.php?rest_route=\/wp\/v2\/posts\/38312\/revisions\/38317"}],"wp:featuredmedia":[{"embeddable":true,"href":"https:\/\/historiografija.hr\/index.php?rest_route=\/wp\/v2\/media\/38313"}],"wp:attachment":[{"href":"https:\/\/historiografija.hr\/index.php?rest_route=%2Fwp%2Fv2%2Fmedia&parent=38312"}],"wp:term":[{"taxonomy":"category","embeddable":true,"href":"https:\/\/historiografija.hr\/index.php?rest_route=%2Fwp%2Fv2%2Fcategories&post=38312"},{"taxonomy":"post_tag","embeddable":true,"href":"https:\/\/historiografija.hr\/index.php?rest_route=%2Fwp%2Fv2%2Ftags&post=38312"}],"curies":[{"name":"wp","href":"https:\/\/api.w.org\/{rel}","templated":true}]}}