{"id":38308,"date":"2023-11-27T14:26:40","date_gmt":"2023-11-27T14:26:40","guid":{"rendered":"http:\/\/historiografija.hr\/?p=38308"},"modified":"2023-11-27T14:26:40","modified_gmt":"2023-11-27T14:26:40","slug":"znanstveni-skup-antika-u-hrvatskoj-kulturi-umjetnosti-i-knjizevnosti-u-dugom-18-stoljecu","status":"publish","type":"post","link":"https:\/\/historiografija.hr\/?p=38308","title":{"rendered":"Znanstveni skup \u201eAntika u hrvatskoj kulturi, umjetnosti i knji\u017eevnosti u \u2018dugom\u2019 18. stolje\u0107u\u201c"},"content":{"rendered":"\n<p>\u201eAntika u hrvatskoj knji\u017eevnosti, kulturi i umjetnosti u \u2018dugom\u2019 18. stolje\u0107u\u201c prvi je interdisciplinarni znanstveni skup u organizaciji Istra\u017eiva\u010dke grupe za prou\u010davanje 18. stolje\u0107a u hrvatskim zemljama (IGOS). Cilj je skupa prikazati razli\u010dite aspekte prisutnosti i transformacije antike u hrvatskoj kulturi, umjetnosti i knji\u017eevnosti u \u201edugom\u201c 18. stolje\u0107u.<\/p>\n\n\n\n<p>Zagreb, 30. studenog \u2013 2. prosinca 2023.<\/p>\n\n\n\n<p>Tijekom tri dana nastupit \u0107e 43 izlaga\u010da s 30 institucija u Hrvatskoj i inozemstvu. Na skupu \u0107e se raspravljati o temama poput uporabe latinskog jezika i recepcije anti\u010dkih autora, uporabe antike u kulturi i politici, otkrivanja antike na Jadranu i na kontinentu te prisutnosti antike u \u0161kolstvu, pravu, kiparstvu i slikarstvu.<\/p>\n\n\n\n<hr class=\"wp-block-separator\"\/>\n\n\n\n<p>Izvor i dodatne obavijesti:<\/p>\n\n\n\n<p><a href=\"http:\/\/www.isp.hr\/znanstveni-skup-antika-u-hrvatskoj-kulturi-umjetnosti-i-knjizevnosti-u-dugom-18-stoljecu\/\">http:\/\/www.isp.hr\/znanstveni-skup-antika-u-hrvatskoj-kulturi-umjetnosti-i-knjizevnosti-u-dugom-18-stoljecu\/<\/a><\/p>\n\n\n\n<figure class=\"wp-block-embed-wordpress wp-block-embed is-type-wp-embed is-provider-antika-u-hrvatskoj-kulturi-umjetnosti-i-knjizevnosti-u-dugom-18-stoljecu\"><div class=\"wp-block-embed__wrapper\">\n<blockquote class=\"wp-embedded-content\" data-secret=\"aIwrrSPlf7\"><a href=\"https:\/\/igos.ffzg.unizg.hr\/\">Antika u hrvatskoj kulturi, umjetnosti i knji\u017eevnosti u\u00a0&#8216;dugom&#8217; 18. stolje\u0107u<\/a><\/blockquote><iframe loading=\"lazy\" class=\"wp-embedded-content\" sandbox=\"allow-scripts\" security=\"restricted\" style=\"position: absolute; clip: rect(1px, 1px, 1px, 1px);\" title=\"&#8220;Antika u hrvatskoj kulturi, umjetnosti i knji\u017eevnosti u\u00a0&#8216;dugom&#8217; 18. stolje\u0107u&#8221; &#8212; Antika u hrvatskoj kulturi, umjetnosti i knji\u017eevnosti u \u2018dugom\u2019 18. stolje\u0107u\" src=\"https:\/\/igos.ffzg.unizg.hr\/embed\/#?secret=TKm5xq9diK#?secret=aIwrrSPlf7\" data-secret=\"aIwrrSPlf7\" width=\"600\" height=\"338\" frameborder=\"0\" marginwidth=\"0\" marginheight=\"0\" scrolling=\"no\"><\/iframe>\n<\/div><\/figure>\n\n\n\n<p><a href=\"https:\/\/www.facebook.com\/igos18\">https:\/\/www.facebook.com\/igos18<\/a><\/p>\n\n\n\n<hr class=\"wp-block-separator\"\/>\n","protected":false},"excerpt":{"rendered":"","protected":false},"author":2,"featured_media":38309,"comment_status":"open","ping_status":"open","sticky":false,"template":"","format":"standard","meta":{"_acf_changed":false,"jetpack_post_was_ever_published":false,"_jetpack_newsletter_access":"","_jetpack_dont_email_post_to_subs":false,"_jetpack_newsletter_tier_id":0,"_jetpack_memberships_contains_paywalled_content":false,"_jetpack_memberships_contains_paid_content":false,"footnotes":"","jetpack_publicize_message":"","jetpack_publicize_feature_enabled":true,"jetpack_social_post_already_shared":true,"jetpack_social_options":{"image_generator_settings":{"template":"highway","default_image_id":0,"font":"","enabled":false},"version":2}},"categories":[3,9],"tags":[],"class_list":["post-38308","post","type-post","status-publish","format-standard","has-post-thumbnail","hentry","category-novosti","category-skupovi"],"acf":{"facebook_opis":""},"jetpack_publicize_connections":[],"jetpack_featured_media_url":"https:\/\/i0.wp.com\/historiografija.hr\/wp-content\/uploads\/2023\/11\/Skup_Antika.png?fit=1472%2C640&ssl=1","jetpack_sharing_enabled":true,"jetpack-related-posts":[],"_links":{"self":[{"href":"https:\/\/historiografija.hr\/index.php?rest_route=\/wp\/v2\/posts\/38308","targetHints":{"allow":["GET"]}}],"collection":[{"href":"https:\/\/historiografija.hr\/index.php?rest_route=\/wp\/v2\/posts"}],"about":[{"href":"https:\/\/historiografija.hr\/index.php?rest_route=\/wp\/v2\/types\/post"}],"author":[{"embeddable":true,"href":"https:\/\/historiografija.hr\/index.php?rest_route=\/wp\/v2\/users\/2"}],"replies":[{"embeddable":true,"href":"https:\/\/historiografija.hr\/index.php?rest_route=%2Fwp%2Fv2%2Fcomments&post=38308"}],"version-history":[{"count":1,"href":"https:\/\/historiografija.hr\/index.php?rest_route=\/wp\/v2\/posts\/38308\/revisions"}],"predecessor-version":[{"id":38310,"href":"https:\/\/historiografija.hr\/index.php?rest_route=\/wp\/v2\/posts\/38308\/revisions\/38310"}],"wp:featuredmedia":[{"embeddable":true,"href":"https:\/\/historiografija.hr\/index.php?rest_route=\/wp\/v2\/media\/38309"}],"wp:attachment":[{"href":"https:\/\/historiografija.hr\/index.php?rest_route=%2Fwp%2Fv2%2Fmedia&parent=38308"}],"wp:term":[{"taxonomy":"category","embeddable":true,"href":"https:\/\/historiografija.hr\/index.php?rest_route=%2Fwp%2Fv2%2Fcategories&post=38308"},{"taxonomy":"post_tag","embeddable":true,"href":"https:\/\/historiografija.hr\/index.php?rest_route=%2Fwp%2Fv2%2Ftags&post=38308"}],"curies":[{"name":"wp","href":"https:\/\/api.w.org\/{rel}","templated":true}]}}