{"id":38299,"date":"2023-11-27T14:07:11","date_gmt":"2023-11-27T14:07:11","guid":{"rendered":"http:\/\/historiografija.hr\/?p=38299"},"modified":"2023-11-27T14:07:11","modified_gmt":"2023-11-27T14:07:11","slug":"razgovori-o-americi-barbenheimer","status":"publish","type":"post","link":"https:\/\/historiografija.hr\/?p=38299","title":{"rendered":"Razgovori o Americi: Barbenheimer"},"content":{"rendered":"\n<p>Pozivamo vas na prvu tribinu u novom ciklusu serije &#8220;Razgovori o Americi&#8221; Centra za ameri\u010dke studije u akademskoj 2023\/4. godini. Ovoga puta tema razgovora bi\u0107e &#8220;Barbenheimer&#8221; &#8211; kinematografski fenomeni koji su premijerno prikazani ovog leta, istog dana, 21. jula, i koji su podjednakim intenzitetom privukli pa\u017enju publike. Na ovom doga\u0111aju razgovara\u0107emo o Openhajmeru, istorijskom i fiktivnom, o projektu Menhetn, pa zatim i o omiljenoj lutki i njenom uticaju na devoj\u010dice kroz odrastanje, kao i pitanjima \u017eenskih prava koje Barbi postavlja pred gledaoce.<\/p>\n\n\n\n<p>U razgovoru \u0107e u\u010destovati dr Marko Miljkovi\u0107, istori\u010dar i nau\u010dni saradnik na Institutu ekonomskih nauka, i Dea Cvetkovi\u0107, istori\u010darka umetnosti i doktorantkinja na Filozofskom fakultetu u Beogradu. Razgovor \u0107e moderirati Vuka\u0161in Zori\u0107 i Olivera Lazarevi\u0107.<\/p>\n\n\n\n<p>Razgovor \u0107e se odr\u017eati u utorak, 28. novembra u 19h u Klubu Filozofskog fakulteta u Beogradu (ulaz iz Vasine).<\/p>\n\n\n\n<hr class=\"wp-block-separator\"\/>\n\n\n\n<p>Izvori:<\/p>\n\n\n\n<p><a href=\"https:\/\/www.facebook.com\/events\/859866572215095\/\">https:\/\/www.facebook.com\/events\/859866572215095\/<\/a><\/p>\n\n\n\n<p><a href=\"https:\/\/www.facebook.com\/CentarZaAmerickeStudije\">https:\/\/www.facebook.com\/CentarZaAmerickeStudije<\/a><\/p>\n\n\n\n<hr class=\"wp-block-separator\"\/>\n","protected":false},"excerpt":{"rendered":"","protected":false},"author":2,"featured_media":38300,"comment_status":"open","ping_status":"open","sticky":false,"template":"","format":"standard","meta":{"_acf_changed":false,"jetpack_post_was_ever_published":false,"_jetpack_newsletter_access":"","_jetpack_dont_email_post_to_subs":false,"_jetpack_newsletter_tier_id":0,"_jetpack_memberships_contains_paywalled_content":false,"_jetpack_memberships_contains_paid_content":false,"footnotes":"","jetpack_publicize_message":"","jetpack_publicize_feature_enabled":true,"jetpack_social_post_already_shared":true,"jetpack_social_options":{"image_generator_settings":{"template":"highway","default_image_id":0,"font":"","enabled":false},"version":2}},"categories":[13,3],"tags":[],"class_list":["post-38299","post","type-post","status-publish","format-standard","has-post-thumbnail","hentry","category-filmovi-i-serije","category-novosti"],"acf":{"facebook_opis":""},"jetpack_publicize_connections":[],"jetpack_featured_media_url":"https:\/\/i0.wp.com\/historiografija.hr\/wp-content\/uploads\/2023\/11\/Barbenheimer-scaled.jpeg?fit=1810%2C2560&ssl=1","jetpack_sharing_enabled":true,"jetpack-related-posts":[],"_links":{"self":[{"href":"https:\/\/historiografija.hr\/index.php?rest_route=\/wp\/v2\/posts\/38299","targetHints":{"allow":["GET"]}}],"collection":[{"href":"https:\/\/historiografija.hr\/index.php?rest_route=\/wp\/v2\/posts"}],"about":[{"href":"https:\/\/historiografija.hr\/index.php?rest_route=\/wp\/v2\/types\/post"}],"author":[{"embeddable":true,"href":"https:\/\/historiografija.hr\/index.php?rest_route=\/wp\/v2\/users\/2"}],"replies":[{"embeddable":true,"href":"https:\/\/historiografija.hr\/index.php?rest_route=%2Fwp%2Fv2%2Fcomments&post=38299"}],"version-history":[{"count":1,"href":"https:\/\/historiografija.hr\/index.php?rest_route=\/wp\/v2\/posts\/38299\/revisions"}],"predecessor-version":[{"id":38301,"href":"https:\/\/historiografija.hr\/index.php?rest_route=\/wp\/v2\/posts\/38299\/revisions\/38301"}],"wp:featuredmedia":[{"embeddable":true,"href":"https:\/\/historiografija.hr\/index.php?rest_route=\/wp\/v2\/media\/38300"}],"wp:attachment":[{"href":"https:\/\/historiografija.hr\/index.php?rest_route=%2Fwp%2Fv2%2Fmedia&parent=38299"}],"wp:term":[{"taxonomy":"category","embeddable":true,"href":"https:\/\/historiografija.hr\/index.php?rest_route=%2Fwp%2Fv2%2Fcategories&post=38299"},{"taxonomy":"post_tag","embeddable":true,"href":"https:\/\/historiografija.hr\/index.php?rest_route=%2Fwp%2Fv2%2Ftags&post=38299"}],"curies":[{"name":"wp","href":"https:\/\/api.w.org\/{rel}","templated":true}]}}