{"id":38296,"date":"2023-11-27T13:58:36","date_gmt":"2023-11-27T13:58:36","guid":{"rendered":"http:\/\/historiografija.hr\/?p=38296"},"modified":"2023-11-27T13:58:36","modified_gmt":"2023-11-27T13:58:36","slug":"izlozba-prica-o-dva-transporta-medimurski-i-prekmurski-zidovi-za-vrijeme-holokausta","status":"publish","type":"post","link":"https:\/\/historiografija.hr\/?p=38296","title":{"rendered":"Izlo\u017eba \u201ePri\u010da o dva transporta: Me\u0111imurski i prekmurski \u017didovi za vrijeme Holokausta\u201c"},"content":{"rendered":"\n<p>U ponedjeljak<strong> 27. studenoga 2023. godine u 18:00 sati<\/strong> u vije\u0107nici Filozofskog fakulteta Sveu\u010dili\u0161ta u Zagrebu odr\u017eat \u0107e se otvorenje&nbsp;dokumentarno-muzejske izlo\u017ebe &#8220;Pri\u010da o dva transporta: me\u0111imurski i prekmurski \u017didovi za vrijeme holokausta&#8221;. Doga\u0111aj \u0107e otvoriti <strong>Naida-Mihal Brandl<\/strong>, zamjenica voditelja Centra za komparativnohistorijske i interkulturne studije, a izlo\u017ebu \u0107e predstaviti njezin autor<strong> Boris Hajdinjak<\/strong>, ravnatelj Sinagoge Maribor.<\/p>\n\n\n\n<p><a href=\"http:\/\/ckhis.ffzg.unizg.hr\/files\/file\/pdf\/Prica-dva-transporta.pdf\">Pozivnica<\/a><\/p>\n\n\n\n<hr class=\"wp-block-separator\"\/>\n\n\n\n<p>Izvor:<\/p>\n\n\n\n<p><a href=\"http:\/\/ckhis.ffzg.unizg.hr\/hr\/novosti\/,68.html\">http:\/\/ckhis.ffzg.unizg.hr\/hr\/novosti\/,68.html<\/a><\/p>\n\n\n\n<hr class=\"wp-block-separator\"\/>\n","protected":false},"excerpt":{"rendered":"","protected":false},"author":2,"featured_media":38297,"comment_status":"open","ping_status":"open","sticky":false,"template":"","format":"standard","meta":{"_acf_changed":false,"jetpack_post_was_ever_published":false,"_jetpack_newsletter_access":"","_jetpack_dont_email_post_to_subs":false,"_jetpack_newsletter_tier_id":0,"_jetpack_memberships_contains_paywalled_content":false,"_jetpack_memberships_contains_paid_content":false,"footnotes":"","jetpack_publicize_message":"","jetpack_publicize_feature_enabled":true,"jetpack_social_post_already_shared":true,"jetpack_social_options":{"image_generator_settings":{"template":"highway","default_image_id":0,"font":"","enabled":false},"version":2}},"categories":[10,3],"tags":[],"class_list":["post-38296","post","type-post","status-publish","format-standard","has-post-thumbnail","hentry","category-izlozbe","category-novosti"],"acf":{"facebook_opis":""},"jetpack_publicize_connections":[],"jetpack_featured_media_url":"https:\/\/i0.wp.com\/historiografija.hr\/wp-content\/uploads\/2023\/11\/Prica_o_dva_transporta-scaled.jpg?fit=2560%2C1854&ssl=1","jetpack_sharing_enabled":true,"jetpack-related-posts":[],"_links":{"self":[{"href":"https:\/\/historiografija.hr\/index.php?rest_route=\/wp\/v2\/posts\/38296","targetHints":{"allow":["GET"]}}],"collection":[{"href":"https:\/\/historiografija.hr\/index.php?rest_route=\/wp\/v2\/posts"}],"about":[{"href":"https:\/\/historiografija.hr\/index.php?rest_route=\/wp\/v2\/types\/post"}],"author":[{"embeddable":true,"href":"https:\/\/historiografija.hr\/index.php?rest_route=\/wp\/v2\/users\/2"}],"replies":[{"embeddable":true,"href":"https:\/\/historiografija.hr\/index.php?rest_route=%2Fwp%2Fv2%2Fcomments&post=38296"}],"version-history":[{"count":1,"href":"https:\/\/historiografija.hr\/index.php?rest_route=\/wp\/v2\/posts\/38296\/revisions"}],"predecessor-version":[{"id":38298,"href":"https:\/\/historiografija.hr\/index.php?rest_route=\/wp\/v2\/posts\/38296\/revisions\/38298"}],"wp:featuredmedia":[{"embeddable":true,"href":"https:\/\/historiografija.hr\/index.php?rest_route=\/wp\/v2\/media\/38297"}],"wp:attachment":[{"href":"https:\/\/historiografija.hr\/index.php?rest_route=%2Fwp%2Fv2%2Fmedia&parent=38296"}],"wp:term":[{"taxonomy":"category","embeddable":true,"href":"https:\/\/historiografija.hr\/index.php?rest_route=%2Fwp%2Fv2%2Fcategories&post=38296"},{"taxonomy":"post_tag","embeddable":true,"href":"https:\/\/historiografija.hr\/index.php?rest_route=%2Fwp%2Fv2%2Ftags&post=38296"}],"curies":[{"name":"wp","href":"https:\/\/api.w.org\/{rel}","templated":true}]}}