{"id":38291,"date":"2023-11-24T22:00:09","date_gmt":"2023-11-24T22:00:09","guid":{"rendered":"http:\/\/historiografija.hr\/?p=38291"},"modified":"2023-12-01T22:28:37","modified_gmt":"2023-12-01T22:28:37","slug":"dubravka-stojanovic-proslost-dolazi-promene-u-tumacenju-proslosti-u-srpskim-udzbenicima-istorije-1913-2021","status":"publish","type":"post","link":"https:\/\/historiografija.hr\/?p=38291","title":{"rendered":"Dubravka Stojanovi\u0107, \u201ePro\u0161lost dolazi. Promene u tuma\u010denju pro\u0161losti u srpskim ud\u017ebenicima istorije 1913-2021.\u201c"},"content":{"rendered":"\n<p>Knjiga Dubravke Stojanovi\u0107 \u201ePro\u0161lost dolazi. Promene u tuma\u010denju pro\u0161losti u srpskim ud\u017ebenicima istorije 1913-2021.\u201c upravo je objavljena u izdanju Biblioteke XX vek.<\/p>\n\n\n\n<hr class=\"wp-block-separator\"\/>\n\n\n\n<p>Du\u00adbrav\u00adka Sto\u00adja\u00adno\u00advi\u0107 je re\u00addov\u00adna pro\u00adfe\u00adsor\u00adka na Ode\u00adlje\u00adnju za isto\u00adri\u00adju Fi\u00adlo\u00adzof\u00adskog fa\u00adkul\u00adte\u00adta u Be\u00ado\u00adgra\u00addu. Pre\u00adda\u00adje op\u0161tu sa\u00advre\u00adme\u00adnu isto\u00adri\u00adju i isto\u00adri\u00adju glo\u00adba\u00adli\u00adza\u00adci\u00adje. Ba\u00advi se isto\u00adri\u00adjom ide\u00adja, pro\u00adble\u00admi\u00adma de\u00admo\u00adkra\u00adti\u00adza\u00adci\u00adje i mo\u00adder\u00adni\u00adza\u00adci\u00adje Sr\u00adbi\u00adje, isto\u00adri\u00adjom Be\u00ado\u00adgra\u00adda i ana\u00adli\u00adza\u00adma ud\u017e\u00adbe\u00adni\u00adka isto\u00adri\u00adje. Nje\u00adne naj\u00adza\u00adpa\u00ad\u017ee\u00adni\u00adje knji\u00adge su <em>Sr\u00adbi\u00adja<\/em> <em>i<\/em> <em>de\u00admo\u00adkra\u00adti\u00adja 1903-1914. Isto\u00adrij\u00adska<\/em> <em>stu\u00addi\u00adja<\/em> <em>o \u201czlat\u00adnom<\/em> <em>do\u00adbu<\/em> <em>srp\u00adske<\/em> <em>de\u00admo\u00adkra\u00adtije\u00ad\u201d <\/em>(2003)<em>, Kal\u00addr\u00adma<\/em> <em>i<\/em> <em>as\u00adfalt. Ur\u00adba\u00adni\u00adza\u00adci\u00adja<\/em> <em>i<\/em> <em>evro\u00adpe\u00adi\u00adza\u00adci\u00adja<\/em> <em>Be\u00ado\u00adgra\u00adda 1890-1914 <\/em>(2008), <em>Ra\u00ad\u0111a\u00adnje<\/em> <em>glo\u00adbal\u00adnog<\/em> <em>sve\u00adta 1885-2015 <\/em>(2015) i <em>No\u00adga<\/em> <em>u<\/em> <em>vra\u00adti\u00adma. Pri\u00adlo\u00adzi<\/em> <em>za<\/em> <em>po\u00adli\u00adti\u010d\u00adku<\/em> <em>isto\u00adri\u00adju<\/em> <em>Bi\u00adbli\u00ado\u00adte\u00adke<\/em> <em>XX<\/em> <em>vek 1971-2011 <\/em>(2011), knji\u00adga ob\u00adja\u00advlje\u00adna po\u00advo\u00addom 40 go\u00addi\u00adna od osni\u00adva\u00adnja ove edi\u00adci\u00adje. Ure\u00addi\u00adla je knji\u00adgu <em>Po\u00adla ve\u00adka XX ve\u00adka. Zbor\u00adnik ra\u00addo\u00adva pov\u00adodom 50 go\u00addi\u00adna Bi\u00adbli\u00ado\u00adte\u00adke XX vek<\/em> (2021).<\/p>\n\n\n\n<hr class=\"wp-block-separator\"\/>\n\n\n\n<p><strong>Iz Predgovora<\/strong><\/p>\n\n\n\n<p>Go\u00addi\u00adna\u00adma sam ovu knji\u00adgu ima\u00adla u gla\u00advi, ali mi je sa na\u00adslo\u00advom i\u0161\u00adlo te\u0161\u00adko. Vr\u00adte\u00adla sam raz\u00adne ter\u00admi\u00adne u po\u00adku\u00ad\u0161a\u00adju da do\u00ad\u0111em do ne\u00ad\u010de\u00adga \u0161to bi bi\u00adlo bo\u00adlje od na pri\u00admer \u201cpo\u00advra\u00adtak u bu\u00addu\u0107\u00adnost\u201d. Ali, ni\u00adka\u00adko mi ni\u00adje i\u0161\u00adlo. Imam \u010dak ce\u00adlu jed\u00adnu sve\u0161\u00ad\u010di\u00adcu u ko\u00adju sam go\u00addi\u00adna\u00adma upi\u00adsi\u00adva\u00adla mo\u00adgu\u00ad\u0107e na\u00adslo\u00adve, ali nije\u00addan ni\u00adje od\u00adgo\u00adva\u00adrao ono\u00adme \u0161to sam hte\u00adla da ka\u00ad\u017eem. I on\u00adda se na <em>Pe\u0161\u00ad\u010da\u00adni\u00adku <\/em>po\u00adja\u00advi\u00adla fo\u00adto\u00adgra\u00adfi\u00adja jed\u00adnog gra\u00adfi\u00adta ko\u00adju je sni\u00admi\u00adla Sla\u00advi\u00adca Mi\u00adle\u00adti\u0107. Na gra\u00adfi\u00adtu je pi\u00adsa\u00adlo: \u201cPro\u0161\u00adlost do\u00adla\u00adzi\u201d. I to je bi\u00adlo to. To je bi\u00adla ta igra sa vre\u00adme\u00adni\u00adma za ko\u00adjom sam tra\u00adga\u00adla. Jer, tre\u00adba\u00adlo bi da pro\u0161\u00adlost od\u00adla\u00adzi, ali ona na\u00adma ov\u00adde stal\u00adno ide u su\u00adsret, \u0161to bi se re\u00adklo sve \u201csta\u00adri\u00adja i lep\u00ad\u0161a\u201d. Sva\u00adki po\u00adli\u00adti\u010d\u00adki si\u00adstem u to\u00adku 20. ve\u00adka je to\u00adli\u00adko pro\u00adme\u00adnio sli\u00adku pro\u0161\u00adlo\u00adsti da za\u00adi\u00adsta iz\u00adgle\u00adda kao da je jo\u0161 uvek ne\u00adiz\u00adve\u00adsno \u0161ta \u0107e se u njoj do\u00adgo\u00addi\u00adti. Ov\u00adde se vla\u00adda uz po\u00admo\u0107 pro\u0161\u00adlo\u00adsti, po\u00admo\u00ad\u0107u nje se po\u00addi\u00ad\u017eu emo\u00adci\u00adje, ona se \u201cva\u00addi iz naf\u00adta\u00adli\u00adna\u201d \u010dim do\u00ad\u0111e do ne\u00adkog pro\u00adble\u00adma u sa\u00adda\u0161\u00adnjo\u00adsti. Ka\u00adko ka\u00ad\u017ee Mi\u00adli\u00advoj Be\u0161\u00adlin, ume\u00adsto bo\u00adlje bu\u00addu\u0107\u00adno\u00adsti nu\u00addi nam se bo\u00adlja pro\u0161\u00adlost. Za\u00adto de\u00adlu\u00adje kao da \u0107e se pro\u0161\u00adlost tek de\u00adsi\u00adti, kao da je is\u00adpred nas, a ne iza, kao da je to ne\u0161\u00adto \u0161to tek u bu\u00addu\u0107\u00adno\u00adsti tre\u00adba da se re\u00ad\u0161i.<\/p>\n\n\n\n<p>Za\u0161\u00adto sam pi\u00adsa\u00adla ovu knji\u00adgu? Mno\u00adgo pu\u00adta sam se to za\u00adpi\u00adta\u00adla. Pi\u00ad\u0161em je ve\u0107 go\u00addi\u00adna\u00adma, uglav\u00adnom za vreme ras\u00adpu\u00adsta, jer ina\u00ad\u010de ne sti\u00ad\u017eem. Is\u00adtra\u00ad\u017ei\u00adva\u00adnje sam za\u00advr\u00ad\u0161i\u00adla jo\u0161 u ja\u00adnu\u00ada\u00adru 2019. go\u00addi\u00adne. Sa\u00add je sko\u00adro kraj 2023, pa vi vi\u00addi\u00adte. Ali, mo\u00adra\u00adla sam. Mo\u00adra\u00adla sam zbog se\u00adbe i zbog srp\u00adstva. Sad mi tek ne ve\u00adru\u00adje\u00adte? Srp\u00adstvo i ja smo, kao \u0161to je po\u00adzna\u00adto, u lo\u00ad\u0161im od\u00adno\u00adsi\u00adma. Pr\u00ade sve\u00adga za\u00adto \u0161to ne ve\u00adru\u00adjem da srp\u00adstvo po\u00adsto\u00adji. Kao ni hr\u00advat\u00adstvo, fran\u00adcu\u00adstvo, en\u00adgle\u00adstvo\u2026 Ve\u00adru\u00adjem da po\u00adsto\u00adje po\u00adje\u00addin\u00adci, dru\u0161\u00adtve\u00adne gru\u00adpe i mno\u00adgo\u00adstru\u00adki iden\u00adti\u00adte\u00adti. Pa, \u0161to sam on\u00adda po\u00admi\u00adnja\u00adla srp\u00adstvo? Po\u00admi\u00adnja\u00adla sam ga zbog onih ko\u00adji mi\u00adsle da po\u00adsto\u00adji. A ako srp\u00adstvo po\u00adsto\u00adji bi\u00adlo bi\u00ad do\u00adbro da se kri\u00adti\u010d\u00adki osvr\u00adnu na svo\u00adju pro\u0161\u00adlost, da se sa njom su\u00ado\u00ad\u010de, da vi\u00adde gde se sve gre\u00ad\u0161i\u00adlo u spolj\u00adnoj i unu\u00adtra\u0161\u00adnjoj po\u00adli\u00adti\u00adci i da raz\u00admi\u00adsle ku\u00adda ho\u00ad\u0107e da\u00adlje da idu. Pro\u0161\u00adlost \u010du\u00adva vi\u00adtal\u00adne re\u00adsur\u00adse za ob\u00adno\u00advu sa\u00adda\u0161\u00adnjo\u00adsti, pi\u00adsao je Val\u00adter Be\u00adnja\u00admin. Ali, ne bi\u00adlo ka\u00adkva pro\u0161\u00adlost. Ova sa\u00adda vla\u00adda\u00adju\u00ad\u0107a vo\u00addi sa\u00admo u pro\u00adpast. O toj pro\u00adpa\u00adsti go\u00advo\u00adri ova knji\u00adga.<\/p>\n\n\n\n<p>A ovo da sam knji\u00adgu na\u00adpi\u00adsa\u00adla zbog se\u00adbe je pot\u00adpu\u00adno iskre\u00adno i ta\u010d\u00adno. Du\u00ad\u017ena sam to sa\u00admoj se\u00adbi. Svih ovih tri\u00adde\u00adset go\u00addi\u00adna pi\u00adsa\u00adla sam sa\u00admo \u010dlan\u00adke o ovim te\u00adma\u00adma. Ob\u00adja\u00advlji\u00adva\u00adni su uglav\u00adnom u stra\u00adnim i re\u00ad\u0111e u do\u00adma\u00ad\u0107im \u010da\u00adso\u00adpi\u00adsi\u00adma i zbor\u00adni\u00adci\u00adma, pa ni je\u00addan is\u00adtra\u00ad\u017ei\u00adva\u010d ko\u00adji bi se da\u00adlje ba\u00advio ovim te\u00adma\u00adma ne mo\u00ad\u017ee to sve da na\u00ad\u0111e. Mo\u00adgla sam, do\u00addu\u00ad\u0161e, da sa\u00adku\u00adpim ove ra\u00addo\u00adve i da ih ob\u00adja\u00advim kao knji\u00adgu, ali to ne bi bi\u00adla \u201ckru\u00adna\u201d mog ra\u00adda. Ose\u00ad\u0107a\u00adla sam da tre\u00adba da ura\u00addim ne\u0161\u00adto vi\u00ad\u0161e, da dam je\u00addan ce\u00adlo\u00advi\u00adti po\u00adgled na sve pro\u00adme\u00adne u tu\u00adma\u00ad\u010de\u00adnji\u00adma pro\u0161\u00adlo\u00adsti, vred\u00adno\u00adsnim si\u00adste\u00admi\u00adma, iden\u00adti\u00adtet\u00adskim pro\u00adme\u00adna\u00adma u ud\u017e\u00adbe\u00adni\u00adci\u00adma isto\u00adri\u00adje ob\u00adja\u00advlje\u00adnim u po\u00adsled\u00adnjem ve\u00adku u Sr\u00adbi\u00adji. Ako mi\u00adsli\u00adte da mi je bi\u00adlo lak\u00ad\u0161e za\u00adto \u0161to to ra\u00addim 30 go\u00addi\u00adna, va\u00adra\u00adte se. Bi\u00adlo mi je te\u00ad\u017ee. To me je vi\u00ad\u0161e oba\u00adve\u00adzi\u00adva\u00adlo ne\u00adgo oslo\u00adba\u00ad\u0111a\u00adlo.<\/p>\n\n\n\n<p>Naj\u00adva\u00ad\u017eni\u00adje je da sa\u00adda mo\u00adgu mir\u00adno da ka\u00ad\u017eem \u2013 ne\u00ad\u0107u \u00adse vi\u00ad\u0161e ba\u00advi\u00adti ud\u017e\u00adbe\u00adni\u00adci\u00adma isto\u00adri\u00adje! Ve\u00adru\u00adjem da \u0107e bi\u00adti jo\u0161\u00ad skan\u00adda\u00adla, ali ne\u00adka se nji\u00adma ba\u00adve no\u00adve ge\u00adne\u00adra\u00adci\u00adje, jer \u0107e one \u017ei\u00adve\u00adti u sve\u00adtu ko\u00adji se sa\u00adda ob\u00adli\u00adku\u00adje. Io\u00adna\u00adko je ju\u00ad\u010de pa\u00adtri\u00adjar\u00adh Por\u00adfi\u00adri\u00adje \u00adpo\u00adru\u00ad\u010dio da je od zna\u00adnja va\u00ad\u017eni\u00adje sti\u00adca\u00adti vr\u00adli\u00adnu, pa sa ozbilj\u00adnom za\u00adbri\u00adnu\u00adto\u0161\u00ad\u0107u \u00adpre\u00adda\u00adjem ovaj po\u00adsao dru\u00adgi\u00adma.<\/p>\n\n\n\n<hr class=\"wp-block-separator\"\/>\n\n\n\n<p>Izvor:<\/p>\n\n\n\n<figure class=\"wp-block-embed-wordpress wp-block-embed is-type-wp-embed is-provider-biblioteka-xx-vek\"><div class=\"wp-block-embed__wrapper\">\n<blockquote class=\"wp-embedded-content\" data-secret=\"mhoIIKhWBZ\"><a href=\"http:\/\/www.bibliotekaxxvek.com\/stojanovic-dubravka-proslost-dolazi\/\">Stojanovi\u0107, Dubravka \u2013 Pro\u0161lost dolazi<\/a><\/blockquote><iframe loading=\"lazy\" class=\"wp-embedded-content\" sandbox=\"allow-scripts\" security=\"restricted\" style=\"position: absolute; clip: rect(1px, 1px, 1px, 1px);\" title=\"&#8220;Stojanovi\u0107, Dubravka \u2013 Pro\u0161lost dolazi&#8221; &#8212; Biblioteka XX vek\" src=\"http:\/\/www.bibliotekaxxvek.com\/stojanovic-dubravka-proslost-dolazi\/embed\/#?secret=mhoIIKhWBZ\" data-secret=\"mhoIIKhWBZ\" width=\"600\" height=\"338\" frameborder=\"0\" marginwidth=\"0\" marginheight=\"0\" scrolling=\"no\"><\/iframe>\n<\/div><\/figure>\n\n\n\n<hr class=\"wp-block-separator\"\/>\n\n\n\n<p>Dodatne obavijesti:<\/p>\n\n\n\n<p><a href=\"https:\/\/pescanik.net\/proslost-dolazi-1-deo\/\">https:\/\/pescanik.net\/proslost-dolazi-1-deo\/<\/a><\/p>\n\n\n\n<p><a href=\"https:\/\/pescanik.net\/proslost-dolazi-2-deo\/\">https:\/\/pescanik.net\/proslost-dolazi-2-deo\/<\/a><\/p>\n\n\n\n<p><a href=\"https:\/\/pescanik.net\/proslost-dolazi\/\">https:\/\/pescanik.net\/proslost-dolazi\/<\/a><\/p>\n\n\n\n<hr class=\"wp-block-separator\"\/>\n\n\n\n<p>Obavijest o knjizi objavljena je i na portalu <strong>Historiografija.ba<\/strong>:<\/p>\n\n\n\n<p><a href=\"https:\/\/historiografija.ba\/article.php?id=2055\">https:\/\/historiografija.ba\/article.php?id=2055<\/a><\/p>\n\n\n\n<hr class=\"wp-block-separator\"\/>\n","protected":false},"excerpt":{"rendered":"","protected":false},"author":2,"featured_media":38292,"comment_status":"open","ping_status":"open","sticky":false,"template":"","format":"standard","meta":{"_acf_changed":false,"jetpack_post_was_ever_published":false,"_jetpack_newsletter_access":"","_jetpack_dont_email_post_to_subs":false,"_jetpack_newsletter_tier_id":0,"_jetpack_memberships_contains_paywalled_content":false,"_jetpack_memberships_contains_paid_content":false,"footnotes":"","jetpack_publicize_message":"","jetpack_publicize_feature_enabled":true,"jetpack_social_post_already_shared":true,"jetpack_social_options":{"image_generator_settings":{"template":"highway","default_image_id":0,"font":"","enabled":false},"version":2}},"categories":[8,3],"tags":[],"class_list":["post-38291","post","type-post","status-publish","format-standard","has-post-thumbnail","hentry","category-knjige","category-novosti"],"acf":{"facebook_opis":""},"jetpack_publicize_connections":[],"jetpack_featured_media_url":"https:\/\/i0.wp.com\/historiografija.hr\/wp-content\/uploads\/2023\/11\/Proslost-dolazi.jpg?fit=1359%2C1949&ssl=1","jetpack_sharing_enabled":true,"jetpack-related-posts":[],"_links":{"self":[{"href":"https:\/\/historiografija.hr\/index.php?rest_route=\/wp\/v2\/posts\/38291","targetHints":{"allow":["GET"]}}],"collection":[{"href":"https:\/\/historiografija.hr\/index.php?rest_route=\/wp\/v2\/posts"}],"about":[{"href":"https:\/\/historiografija.hr\/index.php?rest_route=\/wp\/v2\/types\/post"}],"author":[{"embeddable":true,"href":"https:\/\/historiografija.hr\/index.php?rest_route=\/wp\/v2\/users\/2"}],"replies":[{"embeddable":true,"href":"https:\/\/historiografija.hr\/index.php?rest_route=%2Fwp%2Fv2%2Fcomments&post=38291"}],"version-history":[{"count":3,"href":"https:\/\/historiografija.hr\/index.php?rest_route=\/wp\/v2\/posts\/38291\/revisions"}],"predecessor-version":[{"id":38384,"href":"https:\/\/historiografija.hr\/index.php?rest_route=\/wp\/v2\/posts\/38291\/revisions\/38384"}],"wp:featuredmedia":[{"embeddable":true,"href":"https:\/\/historiografija.hr\/index.php?rest_route=\/wp\/v2\/media\/38292"}],"wp:attachment":[{"href":"https:\/\/historiografija.hr\/index.php?rest_route=%2Fwp%2Fv2%2Fmedia&parent=38291"}],"wp:term":[{"taxonomy":"category","embeddable":true,"href":"https:\/\/historiografija.hr\/index.php?rest_route=%2Fwp%2Fv2%2Fcategories&post=38291"},{"taxonomy":"post_tag","embeddable":true,"href":"https:\/\/historiografija.hr\/index.php?rest_route=%2Fwp%2Fv2%2Ftags&post=38291"}],"curies":[{"name":"wp","href":"https:\/\/api.w.org\/{rel}","templated":true}]}}