{"id":38274,"date":"2023-11-23T19:15:24","date_gmt":"2023-11-23T19:15:24","guid":{"rendered":"http:\/\/historiografija.hr\/?p=38274"},"modified":"2023-11-23T19:16:09","modified_gmt":"2023-11-23T19:16:09","slug":"medunarodna-konferencija-zavnobih-i-avnoj-80-godina-poslije-historijske-refleksije-i-savremeno-razumijevanje","status":"publish","type":"post","link":"https:\/\/historiografija.hr\/?p=38274","title":{"rendered":"Me\u0111unarodna konferencija &#8220;ZAVNOBiH i AVNOJ 80 godina poslije: historijske refleksije i savremeno razumijevanje&#8221;"},"content":{"rendered":"\n<p>Fakultet politi\u010dkih nauka Univerziteta u Sarajevu i Historijski muzej Bosne i Hercegovine organiziraju tijekom studenog i prosinca 2023. godine niz manifestacija povodom 80 godina od prvog zasjedanja AVNOJ-a.<\/p>\n\n\n\n<hr class=\"wp-block-separator\"\/>\n\n\n\n<p>Op\u0161irnije:<\/p>\n\n\n\n<p><a href=\"https:\/\/historiografija.ba\/article.php?id=2052\">https:\/\/historiografija.ba\/article.php?id=2052<\/a><\/p>\n\n\n\n<p><a href=\"https:\/\/www.facebook.com\/fpn.unsa.ba\">https:\/\/www.facebook.com\/fpn.unsa.ba<\/a><\/p>\n\n\n\n<hr class=\"wp-block-separator\"\/>\n\n\n\n<p>Povodom Dana dr\u017eavnosti Bosne i Hercegovine Husnija Kamberovi\u0107 odr\u017eat \u0107e javno predavanje \u201e(Dis)kontinuiteti bosanskohercegova\u010dke dr\u017eavnosti: izme\u0111u mita, historijske realnosti i savremenih izazova\u201c<\/p>\n\n\n\n<p><a href=\"https:\/\/historiografija.ba\/article.php?id=2054\">https:\/\/historiografija.ba\/article.php?id=2054<\/a><\/p>\n\n\n\n<hr class=\"wp-block-separator\"\/>\n","protected":false},"excerpt":{"rendered":"","protected":false},"author":2,"featured_media":38275,"comment_status":"open","ping_status":"open","sticky":false,"template":"","format":"standard","meta":{"_acf_changed":false,"jetpack_post_was_ever_published":false,"_jetpack_newsletter_access":"","_jetpack_dont_email_post_to_subs":false,"_jetpack_newsletter_tier_id":0,"_jetpack_memberships_contains_paywalled_content":false,"_jetpack_memberships_contains_paid_content":false,"footnotes":"","jetpack_publicize_message":"","jetpack_publicize_feature_enabled":true,"jetpack_social_post_already_shared":true,"jetpack_social_options":{"image_generator_settings":{"template":"highway","default_image_id":0,"font":"","enabled":false},"version":2}},"categories":[3,9],"tags":[],"class_list":["post-38274","post","type-post","status-publish","format-standard","has-post-thumbnail","hentry","category-novosti","category-skupovi"],"acf":{"facebook_opis":""},"jetpack_publicize_connections":[],"jetpack_featured_media_url":"https:\/\/i0.wp.com\/historiografija.hr\/wp-content\/uploads\/2023\/11\/Falkultet-politickih-nauka.jpg?fit=555%2C313&ssl=1","jetpack_sharing_enabled":true,"jetpack-related-posts":[],"_links":{"self":[{"href":"https:\/\/historiografija.hr\/index.php?rest_route=\/wp\/v2\/posts\/38274","targetHints":{"allow":["GET"]}}],"collection":[{"href":"https:\/\/historiografija.hr\/index.php?rest_route=\/wp\/v2\/posts"}],"about":[{"href":"https:\/\/historiografija.hr\/index.php?rest_route=\/wp\/v2\/types\/post"}],"author":[{"embeddable":true,"href":"https:\/\/historiografija.hr\/index.php?rest_route=\/wp\/v2\/users\/2"}],"replies":[{"embeddable":true,"href":"https:\/\/historiografija.hr\/index.php?rest_route=%2Fwp%2Fv2%2Fcomments&post=38274"}],"version-history":[{"count":2,"href":"https:\/\/historiografija.hr\/index.php?rest_route=\/wp\/v2\/posts\/38274\/revisions"}],"predecessor-version":[{"id":38277,"href":"https:\/\/historiografija.hr\/index.php?rest_route=\/wp\/v2\/posts\/38274\/revisions\/38277"}],"wp:featuredmedia":[{"embeddable":true,"href":"https:\/\/historiografija.hr\/index.php?rest_route=\/wp\/v2\/media\/38275"}],"wp:attachment":[{"href":"https:\/\/historiografija.hr\/index.php?rest_route=%2Fwp%2Fv2%2Fmedia&parent=38274"}],"wp:term":[{"taxonomy":"category","embeddable":true,"href":"https:\/\/historiografija.hr\/index.php?rest_route=%2Fwp%2Fv2%2Fcategories&post=38274"},{"taxonomy":"post_tag","embeddable":true,"href":"https:\/\/historiografija.hr\/index.php?rest_route=%2Fwp%2Fv2%2Ftags&post=38274"}],"curies":[{"name":"wp","href":"https:\/\/api.w.org\/{rel}","templated":true}]}}