{"id":38271,"date":"2023-11-23T19:07:12","date_gmt":"2023-11-23T19:07:12","guid":{"rendered":"http:\/\/historiografija.hr\/?p=38271"},"modified":"2023-11-23T19:07:12","modified_gmt":"2023-11-23T19:07:12","slug":"mala-palestina-dnevnik-opsade-uz-popratni-razgovor","status":"publish","type":"post","link":"https:\/\/historiografija.hr\/?p=38271","title":{"rendered":"Mala Palestina (Dnevnik opsade) uz popratni razgovor"},"content":{"rendered":"\n<p><strong>Dokukino KIC<\/strong>, Preradovi\u0107eva 5, Zagreb<\/p>\n\n\n\n<p>24.11.2023., 19:00 &#8211; 21:00\u00a0\u00a0\u00a0\u00a0<\/p>\n\n\n\n<hr class=\"wp-block-separator\"\/>\n\n\n\n<p><strong>Little Palestine (Diary of a Siege)<\/strong> \/ re\u017eija: Abdallah Al-Khatib \/ Libanon, Katar, Francuska \/ 2021. \/ 89&#8242;<\/p>\n\n\n\n<p>jezik: arapski, titlovi: hrvatski<\/p>\n\n\n\n<p>U okrugu Yarmouk (Damask, Sirija) izme\u0111u 1957. i 2018. nalazio se najve\u0107i palestinski izbjegli\u010dki kamp na svijetu. Kada je izbila Sirijska revolucija re\u017eim Bashara Al-Assada vidio je Yarmouk kao uto\u010di\u0161te pobunjenika i potencijalno \u017eari\u0161te otpora te je 2013. pokrenuo njegovu opsadu. Postupnim uskra\u0107ivanjem hrane, lijekova i struje Yarmouk je odsje\u010den od ostatka svijeta. Redatelj Abdallah Al-Khatib ro\u0111en je u Yarmouku i \u017eivio je tamo sve dok ga 2015. nisu izbacili vojnici Daesha. Izme\u0111u 2011. i 2015. on i njegovi prijatelji dokumentirali su svakodnevicu stanovnika kampa pod opsadom koji su se odlu\u010dili suo\u010diti s bombardiranjem, izmje\u0161teno\u0161\u0107u i gladi i suprotstaviti im okupljanje na prosvjedima, u\u010denje, glazbu, ljubav i radost. Rat i opsada nepovratno su izmijenili tisu\u0107e \u017eivota \u2013 od Abdallahove majke koja je postala medicinska sestra i preuzela brigu nad starcima u kampu do najagilnijih aktivista \u010diju je predanost borbi za slobodnu Palestinu postupno na\u010dela glad.<\/p>\n\n\n\n<p>\u201eOpsada je duga\u010dka poput dana u zatvoru. Poput \u017eeljeznice u pustinji za vru\u0107eg ljetnog dana. Ona je staza koja vodi u ludilo ili samoubojstvo. Pod opsadom vrijeme je stvarni zatvor opkoljenih. \u010cuvajte se. Vrijeme ubija one koji ga slijede. Ostavite ga na miru. Ispunite prazninu sa zna\u010denjem \u0161to vi\u0161e mo\u017eete.\u201c (Abdallah Al-Khatib)<\/p>\n\n\n\n<p>Nakon projekcije u <strong>20.30 h<\/strong> odr\u017eat \u0107e se razgovor s<strong> Eminom Bu\u017einki\u0107<\/strong>, aktivistkinjom i istra\u017eiva\u010dicom s Instituta za razvoj i me\u0111unarodne odnose i <strong>Amani<\/strong>, hrvatskom dr\u017eavljankom porijeklom iz Palestine i \u010dlanicom Inicijative za slobodnu Palestinu koji \u0107e moderirati muzeologinja i aktivistkinja<strong> Petra Mati\u0107<\/strong>. Razgovor \u0107e se fokusirati na temu \u017eivota u egzilu kao i sveprisutnije cenzure osoba koje javno brane prava Palestinaca te \u0107emo raspraviti koja su nam sredstva na raspolaganju za izra\u017eavanje solidarnosti s izbjeglicama iz Gaze i narodom Palestine.<\/p>\n\n\n\n<p><strong>Festivali i nagrade:<\/strong><\/p>\n\n\n\n<p>VISIONS DU R\u00c9EL 2021 \u2013 Nagrada za me\u0111ureligijski dijalog \/ YAMAGATA INTERNATIONAL DOCUMENTARY FILM FESTIVAL 2021 \u2013 Nagrada Ogawa Shinsuke \/ HAMBURG FILM FESTIVAL 2021 \u2013 nagrada publike \/ MONTPELLIER MEDITERRANEAN FF 2021 \/ S\u00c3O PAOLO IFF 2021 \u2013 posebna nagrada \u017eirija u kategoriji novih redatelja \/ DOKUFEST 2021 \/ CARTHAGE FILM FESTIVAL 2021 \u2013 Nagrada Tanit d\u2019Or i TV5 \/ TORINO FILM FESTIVAL \u2013 Nagrada Gandhi\u2019s Glasses \/ SUBVERSIVE FILM FESTIVAL 2021 \u2013 posebno priznanje<\/p>\n\n\n\n<p><strong>Recenzije:<\/strong><\/p>\n\n\n\n<p>\u2605\u2605\u2605\u2605\u2606 Peter Bradshaw, The Guardian<\/p>\n\n\n\n<p>\u201eRedateljevo prisustvo osjeti se kako ispred, tako i iza kamere, podi\u017eu\u0107i moral pjesmama ili smiju\u0107i se s djecom, te time pokazuje mo\u0107 otpora koji prkosi gladovanju i istrjebljenju.\u201c Amber Wilkinson, Eye For Film<\/p>\n\n\n\n<hr class=\"wp-block-separator\"\/>\n\n\n\n<p>Izvor:<\/p>\n\n\n\n<figure class=\"wp-block-embed-wordpress wp-block-embed is-type-wp-embed is-provider-dokukino-kic-kino-sa-stavom\"><div class=\"wp-block-embed__wrapper\">\n<blockquote class=\"wp-embedded-content\" data-secret=\"ey2xt8vgtC\"><a href=\"https:\/\/dokukino.net\/film\/mala-palestina-dnevnik-opsade\/\">Mala Palestina (Dnevnik opsade) uz popratni razgovor<\/a><\/blockquote><iframe loading=\"lazy\" class=\"wp-embedded-content\" sandbox=\"allow-scripts\" security=\"restricted\" style=\"position: absolute; clip: rect(1px, 1px, 1px, 1px);\" title=\"&#8220;Mala Palestina (Dnevnik opsade) uz popratni razgovor&#8221; &#8212; Dokukino KIC - Kino sa stavom\" src=\"https:\/\/dokukino.net\/film\/mala-palestina-dnevnik-opsade\/embed\/#?secret=nFke4cYKLA#?secret=ey2xt8vgtC\" data-secret=\"ey2xt8vgtC\" width=\"600\" height=\"338\" frameborder=\"0\" marginwidth=\"0\" marginheight=\"0\" scrolling=\"no\"><\/iframe>\n<\/div><\/figure>\n\n\n\n<hr class=\"wp-block-separator\"\/>\n","protected":false},"excerpt":{"rendered":"","protected":false},"author":2,"featured_media":38272,"comment_status":"open","ping_status":"open","sticky":false,"template":"","format":"standard","meta":{"_acf_changed":false,"jetpack_post_was_ever_published":false,"_jetpack_newsletter_access":"","_jetpack_dont_email_post_to_subs":false,"_jetpack_newsletter_tier_id":0,"_jetpack_memberships_contains_paywalled_content":false,"_jetpack_memberships_contains_paid_content":false,"footnotes":"","jetpack_publicize_message":"","jetpack_publicize_feature_enabled":true,"jetpack_social_post_already_shared":true,"jetpack_social_options":{"image_generator_settings":{"template":"highway","default_image_id":0,"font":"","enabled":false},"version":2}},"categories":[13,3],"tags":[],"class_list":["post-38271","post","type-post","status-publish","format-standard","has-post-thumbnail","hentry","category-filmovi-i-serije","category-novosti"],"acf":{"facebook_opis":""},"jetpack_publicize_connections":[],"jetpack_featured_media_url":"https:\/\/i0.wp.com\/historiografija.hr\/wp-content\/uploads\/2023\/11\/diary.jpg?fit=600%2C900&ssl=1","jetpack_sharing_enabled":true,"jetpack-related-posts":[],"_links":{"self":[{"href":"https:\/\/historiografija.hr\/index.php?rest_route=\/wp\/v2\/posts\/38271","targetHints":{"allow":["GET"]}}],"collection":[{"href":"https:\/\/historiografija.hr\/index.php?rest_route=\/wp\/v2\/posts"}],"about":[{"href":"https:\/\/historiografija.hr\/index.php?rest_route=\/wp\/v2\/types\/post"}],"author":[{"embeddable":true,"href":"https:\/\/historiografija.hr\/index.php?rest_route=\/wp\/v2\/users\/2"}],"replies":[{"embeddable":true,"href":"https:\/\/historiografija.hr\/index.php?rest_route=%2Fwp%2Fv2%2Fcomments&post=38271"}],"version-history":[{"count":1,"href":"https:\/\/historiografija.hr\/index.php?rest_route=\/wp\/v2\/posts\/38271\/revisions"}],"predecessor-version":[{"id":38273,"href":"https:\/\/historiografija.hr\/index.php?rest_route=\/wp\/v2\/posts\/38271\/revisions\/38273"}],"wp:featuredmedia":[{"embeddable":true,"href":"https:\/\/historiografija.hr\/index.php?rest_route=\/wp\/v2\/media\/38272"}],"wp:attachment":[{"href":"https:\/\/historiografija.hr\/index.php?rest_route=%2Fwp%2Fv2%2Fmedia&parent=38271"}],"wp:term":[{"taxonomy":"category","embeddable":true,"href":"https:\/\/historiografija.hr\/index.php?rest_route=%2Fwp%2Fv2%2Fcategories&post=38271"},{"taxonomy":"post_tag","embeddable":true,"href":"https:\/\/historiografija.hr\/index.php?rest_route=%2Fwp%2Fv2%2Ftags&post=38271"}],"curies":[{"name":"wp","href":"https:\/\/api.w.org\/{rel}","templated":true}]}}