{"id":38251,"date":"2023-11-22T21:23:41","date_gmt":"2023-11-22T21:23:41","guid":{"rendered":"http:\/\/historiografija.hr\/?p=38251"},"modified":"2023-11-22T21:24:08","modified_gmt":"2023-11-22T21:24:08","slug":"roundtable-discussion-kosovo-serbia-relations-reflecting-on-a-decade-of-dialogue","status":"publish","type":"post","link":"https:\/\/historiografija.hr\/?p=38251","title":{"rendered":"Roundtable Discussion: Kosovo-Serbia relations: Reflecting on a decade of dialogue"},"content":{"rendered":"\n<p>Two months after the events in the north of Kosovo, and more than ten years after the start of the dialogue, the Kosovo-Serbia relations have been increasingly tense, and seemingly no closer to an agreement. If the dialogue was a patient, we will ask our panelists to identify the illnesses and the cures and try to make sense of the developments that have once again shaken the citizens of these two countries, and the region. The process of the dialogue has shifted throughout the years, but two of the essential aspects to its success continue to be elusive, namely recognition of Kosovo\u2019s statehood by Serbia, and the establishment of the Association of Serb Municipalities by Kosovo. The roundtable is an invitation to the panelists to reflect on the past decade of the dialogue and to offer some clarity on the position of the various entangled actors, as well as offer potential ways forward.<br><\/p>\n\n\n\n<p>Panelists:<br>Florian Bieber, University of Graz<br>Donika Emini, CiviKos Platform<br>Bernard Nikaj, University of Graz<br>Vujo Ili\u0107, University of Belgrade<br>Du\u0161an Spasojevi\u0107, University of Belgrade<\/p>\n\n\n\n<p>Discussant:<br>Jelena Vasiljevi\u0107, University of Belgrade<br>Moderator:<br>Lura Pollozhani, University of Graz<\/p>\n\n\n\n<p>The event will take place in hybrid format. You can join in at:<br><a rel=\"noreferrer noopener\" href=\"https:\/\/bitly.ws\/32bBX\" target=\"_blank\">bitly.ws\/32bBX<\/a><br>Meeting ID: 643 6403 5152<br>Passcode: 042275<\/p>\n\n\n\n<hr class=\"wp-block-separator\"\/>\n\n\n\n<p>24.11.2023 17:00 &#8211; 18:30<\/p>\n\n\n\n<hr class=\"wp-block-separator\"\/>\n\n\n\n<p>Organizer<\/p>\n\n\n\n<p>Zentrum f\u00fcr S\u00fcdosteuropastudien, S\u00fcdosteuropa-Gesellschaft<\/p>\n\n\n\n<hr class=\"wp-block-separator\"\/>\n\n\n\n<p>Venue:<\/p>\n\n\n\n<p>Location: RESOWI LS 15.01 | Ground Floor, Section C<\/p>\n\n\n\n<hr class=\"wp-block-separator\"\/>\n\n\n\n<p><a href=\"https:\/\/suedosteuropa.uni-graz.at\/en\/events\/detail\/article\/kosovo-serbia-relations-reflecting-on-a-decade-of-dialogue\/\">https:\/\/suedosteuropa.uni-graz.at\/en\/events\/detail\/article\/kosovo-serbia-relations-reflecting-on-a-decade-of-dialogue\/<\/a><\/p>\n\n\n\n<hr class=\"wp-block-separator\"\/>\n","protected":false},"excerpt":{"rendered":"","protected":false},"author":2,"featured_media":38252,"comment_status":"open","ping_status":"open","sticky":false,"template":"","format":"standard","meta":{"_acf_changed":false,"_jetpack_newsletter_access":"","_jetpack_dont_email_post_to_subs":false,"_jetpack_newsletter_tier_id":0,"_jetpack_memberships_contains_paywalled_content":false,"_jetpack_memberships_contains_paid_content":false,"footnotes":"","jetpack_publicize_message":"","jetpack_publicize_feature_enabled":true,"jetpack_social_post_already_shared":true,"jetpack_social_options":{"image_generator_settings":{"template":"highway","default_image_id":0,"font":"","enabled":false},"version":2},"jetpack_post_was_ever_published":false},"categories":[3],"tags":[],"class_list":["post-38251","post","type-post","status-publish","format-standard","has-post-thumbnail","hentry","category-novosti"],"acf":{"facebook_opis":""},"jetpack_publicize_connections":[],"jetpack_featured_media_url":"https:\/\/i0.wp.com\/historiografija.hr\/wp-content\/uploads\/2023\/11\/csm_event.jpg?fit=800%2C312&ssl=1","jetpack_sharing_enabled":true,"jetpack-related-posts":[{"id":54612,"url":"https:\/\/historiografija.hr\/?p=54612","url_meta":{"origin":38251,"position":0},"title":"Kristina Palokaj Perkola, \u201eThe Outlines of a Social History of Music in Kosovo, 1945\u00a0\u00a0to 2020\u201c","author":"Branimir Jankovi\u0107","date":"15. srpnja 2026.","format":false,"excerpt":"Autorica Kristina Palokaj Perkola u knjizi The Outlines of a Social History of Music in Kosovo, 1945\u00a0\u00a0to 2020 donosi prvi cjelovit prikaz dru\u0161tvene povijesti glazbe na Kosovu od 1945. do 2020. godine, istra\u017euju\u0107i razvoj glazbenog \u017eivota, institucija i skladateljskog stvarala\u0161tva u njihovu povijesnom i dru\u0161tvenom kontekstu. O knjizi Knjiga Kristine\u2026","rel":"","context":"U &quot;Knjige&quot;","block_context":{"text":"Knjige","link":"https:\/\/historiografija.hr\/?cat=8"},"img":{"alt_text":"","src":"https:\/\/i0.wp.com\/historiografija.hr\/wp-content\/uploads\/2026\/07\/Perkola_SocijalnaPovijest-glazbe-na-Kosovu-naslovnica.jpg?fit=851%2C1200&ssl=1&resize=350%2C200","width":350,"height":200,"srcset":"https:\/\/i0.wp.com\/historiografija.hr\/wp-content\/uploads\/2026\/07\/Perkola_SocijalnaPovijest-glazbe-na-Kosovu-naslovnica.jpg?fit=851%2C1200&ssl=1&resize=350%2C200 1x, https:\/\/i0.wp.com\/historiografija.hr\/wp-content\/uploads\/2026\/07\/Perkola_SocijalnaPovijest-glazbe-na-Kosovu-naslovnica.jpg?fit=851%2C1200&ssl=1&resize=525%2C300 1.5x, https:\/\/i0.wp.com\/historiografija.hr\/wp-content\/uploads\/2026\/07\/Perkola_SocijalnaPovijest-glazbe-na-Kosovu-naslovnica.jpg?fit=851%2C1200&ssl=1&resize=700%2C400 2x"},"classes":[]},{"id":54617,"url":"https:\/\/historiografija.hr\/?p=54617","url_meta":{"origin":38251,"position":1},"title":"GO STYRIA RESEARCH GRANT for summer semester 2027","author":"Branimir Jankovi\u0107","date":"15. srpnja 2026.","format":false,"excerpt":"Go Styria is open for master and doctoral students as well as Post Docs interested in a short term research stay in the context of their master, doctoral thesis or Post-Doc research.Target region: Albania, Bosnia and Herzegovina, Bulgaria, Croatia, Cyprus, Greece, Hungary, Kosovo, Moldova, Montenegro, North Macedonia, Romania, Serbia, Slovenia,\u2026","rel":"","context":"U &quot;Novosti&quot;","block_context":{"text":"Novosti","link":"https:\/\/historiografija.hr\/?cat=3"},"img":{"alt_text":"","src":"https:\/\/i0.wp.com\/historiografija.hr\/wp-content\/uploads\/2026\/07\/Styria.jpg?fit=447%2C447&ssl=1&resize=350%2C200","width":350,"height":200},"classes":[]},{"id":54234,"url":"https:\/\/historiografija.hr\/?p=54234","url_meta":{"origin":38251,"position":2},"title":"CfP: Central European History Convention 2027","author":"Branimir Jankovi\u0107","date":"19. lipnja 2026.","format":false,"excerpt":"Central European History ConventionUniversity of Vienna, Austria, 15\u201317 July 2027Deadline for proposals by September 13, 2026Notification by December 4, 2026 In July 2027 the University of Vienna, the Institute of Austrian Historical Research, and the Wirth Institute of Austrian and Central European Studies will host a second Central European History\u2026","rel":"","context":"U &quot;Novosti&quot;","block_context":{"text":"Novosti","link":"https:\/\/historiografija.hr\/?cat=3"},"img":{"alt_text":"","src":"https:\/\/i0.wp.com\/historiografija.hr\/wp-content\/uploads\/2026\/06\/CEHC.jpg?fit=719%2C339&ssl=1&resize=350%2C200","width":350,"height":200,"srcset":"https:\/\/i0.wp.com\/historiografija.hr\/wp-content\/uploads\/2026\/06\/CEHC.jpg?fit=719%2C339&ssl=1&resize=350%2C200 1x, https:\/\/i0.wp.com\/historiografija.hr\/wp-content\/uploads\/2026\/06\/CEHC.jpg?fit=719%2C339&ssl=1&resize=525%2C300 1.5x, https:\/\/i0.wp.com\/historiografija.hr\/wp-content\/uploads\/2026\/06\/CEHC.jpg?fit=719%2C339&ssl=1&resize=700%2C400 2x"},"classes":[]},{"id":54819,"url":"https:\/\/historiografija.hr\/?p=54819","url_meta":{"origin":38251,"position":3},"title":"CfP: Charter 77 at 50: Transnational Human Rights, Social Imagination, and Civic Resistance in the (Post-)Global Age","author":"Branimir Jankovi\u0107","date":"27. srpnja 2026.","format":false,"excerpt":"The Institute of Contemporary History and the Institute of Philosophy of the Czech Academy of Sciences invite proposals for a two-day international conference bringing together historical scholarship and contemporary reflections on civic activism and democratic resistance. Charter 77 at 50: Transnational Human Rights, Social Imagination, and Civic Resistance in the\u2026","rel":"","context":"U &quot;Novosti&quot;","block_context":{"text":"Novosti","link":"https:\/\/historiografija.hr\/?cat=3"},"img":{"alt_text":"","src":"https:\/\/i0.wp.com\/historiografija.hr\/wp-content\/uploads\/2017\/10\/hsozkult.png?fit=1006%2C241&ssl=1&resize=350%2C200","width":350,"height":200,"srcset":"https:\/\/i0.wp.com\/historiografija.hr\/wp-content\/uploads\/2017\/10\/hsozkult.png?fit=1006%2C241&ssl=1&resize=350%2C200 1x, https:\/\/i0.wp.com\/historiografija.hr\/wp-content\/uploads\/2017\/10\/hsozkult.png?fit=1006%2C241&ssl=1&resize=525%2C300 1.5x, https:\/\/i0.wp.com\/historiografija.hr\/wp-content\/uploads\/2017\/10\/hsozkult.png?fit=1006%2C241&ssl=1&resize=700%2C400 2x"},"classes":[]},{"id":53749,"url":"https:\/\/historiografija.hr\/?p=53749","url_meta":{"origin":38251,"position":4},"title":"HISTORY ON THE EDGE: THE MAKING OF WORKERS\u2019 SELF-MANAGEMENT: HOUSING DISTRIBUTION IN LATE SOCIALIST YUGOSLAVIA (MID-1970S-1980S) \u00a0","author":"Branimir Jankovi\u0107","date":"26. svibnja 2026.","format":false,"excerpt":"You are kindly invited to a new lecture in the History on the Edge series, which will take place on Wednesday, May 27, 2026, at the INZ premises or via the ZOOM link: https:\/\/us06web.zoom.us\/j\/85093074535?pwd=chFdSCgScVg8fw1djh3bVz8h9gqWtm.1 . In the new season, lectures will take place at 3 p.m. and if you will\u2026","rel":"","context":"U &quot;Novosti&quot;","block_context":{"text":"Novosti","link":"https:\/\/historiografija.hr\/?cat=3"},"img":{"alt_text":"","src":"https:\/\/i0.wp.com\/historiografija.hr\/wp-content\/uploads\/2026\/05\/ZNS_predavanja_5_27.jpg?fit=1200%2C730&ssl=1&resize=350%2C200","width":350,"height":200,"srcset":"https:\/\/i0.wp.com\/historiografija.hr\/wp-content\/uploads\/2026\/05\/ZNS_predavanja_5_27.jpg?fit=1200%2C730&ssl=1&resize=350%2C200 1x, https:\/\/i0.wp.com\/historiografija.hr\/wp-content\/uploads\/2026\/05\/ZNS_predavanja_5_27.jpg?fit=1200%2C730&ssl=1&resize=525%2C300 1.5x, https:\/\/i0.wp.com\/historiografija.hr\/wp-content\/uploads\/2026\/05\/ZNS_predavanja_5_27.jpg?fit=1200%2C730&ssl=1&resize=700%2C400 2x, https:\/\/i0.wp.com\/historiografija.hr\/wp-content\/uploads\/2026\/05\/ZNS_predavanja_5_27.jpg?fit=1200%2C730&ssl=1&resize=1050%2C600 3x"},"classes":[]},{"id":54165,"url":"https:\/\/historiografija.hr\/?p=54165","url_meta":{"origin":38251,"position":5},"title":"CfP: Beyond the Game: Women, Sport, and Social Changes","author":"Branimir Jankovi\u0107","date":"18. lipnja 2026.","format":false,"excerpt":"2nd International Scientific Conference Beyond the Game: Women, Sport, and Social Changes Zagreb, Croatia | December 17\u201319, 2026Organizers: Institute of Social Sciences Ivo Pilar & University of Zagreb Faculty of Kinesiology Dear colleagues, We are pleased to invite you to the 2nd International Scientific Conference Beyond the Game: Women, Sport,\u2026","rel":"","context":"U &quot;Novosti&quot;","block_context":{"text":"Novosti","link":"https:\/\/historiografija.hr\/?cat=3"},"img":{"alt_text":"","src":"https:\/\/i0.wp.com\/historiografija.hr\/wp-content\/uploads\/2026\/06\/Game.jpg?fit=1200%2C847&ssl=1&resize=350%2C200","width":350,"height":200,"srcset":"https:\/\/i0.wp.com\/historiografija.hr\/wp-content\/uploads\/2026\/06\/Game.jpg?fit=1200%2C847&ssl=1&resize=350%2C200 1x, https:\/\/i0.wp.com\/historiografija.hr\/wp-content\/uploads\/2026\/06\/Game.jpg?fit=1200%2C847&ssl=1&resize=525%2C300 1.5x, https:\/\/i0.wp.com\/historiografija.hr\/wp-content\/uploads\/2026\/06\/Game.jpg?fit=1200%2C847&ssl=1&resize=700%2C400 2x, https:\/\/i0.wp.com\/historiografija.hr\/wp-content\/uploads\/2026\/06\/Game.jpg?fit=1200%2C847&ssl=1&resize=1050%2C600 3x"},"classes":[]}],"_links":{"self":[{"href":"https:\/\/historiografija.hr\/index.php?rest_route=\/wp\/v2\/posts\/38251","targetHints":{"allow":["GET"]}}],"collection":[{"href":"https:\/\/historiografija.hr\/index.php?rest_route=\/wp\/v2\/posts"}],"about":[{"href":"https:\/\/historiografija.hr\/index.php?rest_route=\/wp\/v2\/types\/post"}],"author":[{"embeddable":true,"href":"https:\/\/historiografija.hr\/index.php?rest_route=\/wp\/v2\/users\/2"}],"replies":[{"embeddable":true,"href":"https:\/\/historiografija.hr\/index.php?rest_route=%2Fwp%2Fv2%2Fcomments&post=38251"}],"version-history":[{"count":2,"href":"https:\/\/historiografija.hr\/index.php?rest_route=\/wp\/v2\/posts\/38251\/revisions"}],"predecessor-version":[{"id":38254,"href":"https:\/\/historiografija.hr\/index.php?rest_route=\/wp\/v2\/posts\/38251\/revisions\/38254"}],"wp:featuredmedia":[{"embeddable":true,"href":"https:\/\/historiografija.hr\/index.php?rest_route=\/wp\/v2\/media\/38252"}],"wp:attachment":[{"href":"https:\/\/historiografija.hr\/index.php?rest_route=%2Fwp%2Fv2%2Fmedia&parent=38251"}],"wp:term":[{"taxonomy":"category","embeddable":true,"href":"https:\/\/historiografija.hr\/index.php?rest_route=%2Fwp%2Fv2%2Fcategories&post=38251"},{"taxonomy":"post_tag","embeddable":true,"href":"https:\/\/historiografija.hr\/index.php?rest_route=%2Fwp%2Fv2%2Ftags&post=38251"}],"curies":[{"name":"wp","href":"https:\/\/api.w.org\/{rel}","templated":true}]}}