{"id":38248,"date":"2023-11-22T20:41:51","date_gmt":"2023-11-22T20:41:51","guid":{"rendered":"http:\/\/historiografija.hr\/?p=38248"},"modified":"2023-11-22T20:41:51","modified_gmt":"2023-11-22T20:41:51","slug":"buchprasentation-von-carolin-leutloff-grandits-translocal-care-across-kosovos-borders-reconfiguring-kinship-along-gender-and-generational-lines","status":"publish","type":"post","link":"https:\/\/historiografija.hr\/?p=38248","title":{"rendered":"Buchpr\u00e4sentation von Carolin Leutloff-Grandits: &#8220;Translocal Care across Kosovo&#8217;s Borders: Reconfiguring Kinship along Gender and Generational Lines&#8221;"},"content":{"rendered":"\n<p>Na Humboldtovom sveu\u010dili\u0161tu u Berlinu bit \u0107e u petak, 24. studenog 2023. predstavljena nedavno objavljena knjiga antropologinje Carolin Leutloff-Grandits \u201eTranslocal Care across Kosovo&#8217;s Borders: Reconfiguring Kinship along Gender and Generational Lines\u201c koja je u cijelosti dostupna online.<\/p>\n\n\n\n<hr class=\"wp-block-separator\"\/>\n\n\n\n<p>Op\u0161irnije:<\/p>\n\n\n\n<p><a href=\"https:\/\/www.geschichte.hu-berlin.de\/de\/bereiche-und-lehrstuehle\/gesuedosteu\/aktuelles\">https:\/\/www.geschichte.hu-berlin.de\/de\/bereiche-und-lehrstuehle\/gesuedosteu\/aktuelles<\/a><\/p>\n\n\n\n<p><a href=\"https:\/\/www.sogde.org\/de\/events\/translocal-care-across-kosovos-borders\/\">https:\/\/www.sogde.org\/de\/events\/translocal-care-across-kosovos-borders\/<\/a><\/p>\n\n\n\n<p><a href=\"https:\/\/www.berghahnbooks.com\/title\/LeutloffGranditsTranslocal\">https:\/\/www.berghahnbooks.com\/title\/LeutloffGranditsTranslocal<\/a><\/p>\n\n\n\n<hr class=\"wp-block-separator\"\/>\n","protected":false},"excerpt":{"rendered":"","protected":false},"author":2,"featured_media":38249,"comment_status":"open","ping_status":"open","sticky":false,"template":"","format":"standard","meta":{"_acf_changed":false,"jetpack_post_was_ever_published":false,"_jetpack_newsletter_access":"","_jetpack_dont_email_post_to_subs":false,"_jetpack_newsletter_tier_id":0,"_jetpack_memberships_contains_paywalled_content":false,"_jetpack_memberships_contains_paid_content":false,"footnotes":"","jetpack_publicize_message":"","jetpack_publicize_feature_enabled":true,"jetpack_social_post_already_shared":true,"jetpack_social_options":{"image_generator_settings":{"template":"highway","default_image_id":0,"font":"","enabled":false},"version":2}},"categories":[19,3],"tags":[],"class_list":["post-38248","post","type-post","status-publish","format-standard","has-post-thumbnail","hentry","category-e-knjige","category-novosti"],"acf":{"facebook_opis":""},"jetpack_publicize_connections":[],"jetpack_featured_media_url":"https:\/\/i0.wp.com\/historiografija.hr\/wp-content\/uploads\/2023\/11\/Leutloff-Grandits.jpg?fit=400%2C636&ssl=1","jetpack_sharing_enabled":true,"jetpack-related-posts":[],"_links":{"self":[{"href":"https:\/\/historiografija.hr\/index.php?rest_route=\/wp\/v2\/posts\/38248","targetHints":{"allow":["GET"]}}],"collection":[{"href":"https:\/\/historiografija.hr\/index.php?rest_route=\/wp\/v2\/posts"}],"about":[{"href":"https:\/\/historiografija.hr\/index.php?rest_route=\/wp\/v2\/types\/post"}],"author":[{"embeddable":true,"href":"https:\/\/historiografija.hr\/index.php?rest_route=\/wp\/v2\/users\/2"}],"replies":[{"embeddable":true,"href":"https:\/\/historiografija.hr\/index.php?rest_route=%2Fwp%2Fv2%2Fcomments&post=38248"}],"version-history":[{"count":1,"href":"https:\/\/historiografija.hr\/index.php?rest_route=\/wp\/v2\/posts\/38248\/revisions"}],"predecessor-version":[{"id":38250,"href":"https:\/\/historiografija.hr\/index.php?rest_route=\/wp\/v2\/posts\/38248\/revisions\/38250"}],"wp:featuredmedia":[{"embeddable":true,"href":"https:\/\/historiografija.hr\/index.php?rest_route=\/wp\/v2\/media\/38249"}],"wp:attachment":[{"href":"https:\/\/historiografija.hr\/index.php?rest_route=%2Fwp%2Fv2%2Fmedia&parent=38248"}],"wp:term":[{"taxonomy":"category","embeddable":true,"href":"https:\/\/historiografija.hr\/index.php?rest_route=%2Fwp%2Fv2%2Fcategories&post=38248"},{"taxonomy":"post_tag","embeddable":true,"href":"https:\/\/historiografija.hr\/index.php?rest_route=%2Fwp%2Fv2%2Ftags&post=38248"}],"curies":[{"name":"wp","href":"https:\/\/api.w.org\/{rel}","templated":true}]}}