{"id":38233,"date":"2023-11-22T19:31:22","date_gmt":"2023-11-22T19:31:22","guid":{"rendered":"http:\/\/historiografija.hr\/?p=38233"},"modified":"2023-11-22T19:31:22","modified_gmt":"2023-11-22T19:31:22","slug":"znanstveni-skup-buzet-40-godina-kasnije","status":"publish","type":"post","link":"https:\/\/historiografija.hr\/?p=38233","title":{"rendered":"Znanstveni skup \u201eBuzet \u2013 40 godina kasnije\u201c"},"content":{"rendered":"\n<p>Katedra \u010cakavskog sabora Buzet i Pu\u010dko otvoreno u\u010dili\u0161te \u201eAugustin Vivoda\u201c u suradnji s Institutom za povijest umjetnosti u Zagrebu organiziraju prigodni znanstveni skup i okrugli stol povodom 40. obljetnice istra\u017eiva\u010dkog projekta \u201eRa\u0161porski kapetanat i mleta\u010dki obrambeni sustav kontinentalne Istre\u201c. Skup \u0107e se odr\u017eati u Buzetu u petak, 24. studenog 2023. godine u prostorima pala\u010de Verzi s po\u010detkom u 9:30 sati.<\/p>\n\n\n\n<p>Vi\u0161e informacija o skupu i okruglom stolu:<\/p>\n\n\n\n<p><a href=\"https:\/\/www.ipu.hr\/article\/hr\/1576\/buzet-40-godina-kasnije\">https:\/\/www.ipu.hr\/article\/hr\/1576\/buzet-40-godina-kasnije<\/a><\/p>\n\n\n\n<hr class=\"wp-block-separator\"\/>\n","protected":false},"excerpt":{"rendered":"","protected":false},"author":2,"featured_media":38234,"comment_status":"open","ping_status":"open","sticky":false,"template":"","format":"standard","meta":{"_acf_changed":false,"jetpack_post_was_ever_published":false,"_jetpack_newsletter_access":"","_jetpack_dont_email_post_to_subs":false,"_jetpack_newsletter_tier_id":0,"_jetpack_memberships_contains_paywalled_content":false,"_jetpack_memberships_contains_paid_content":false,"footnotes":"","jetpack_publicize_message":"","jetpack_publicize_feature_enabled":true,"jetpack_social_post_already_shared":true,"jetpack_social_options":{"image_generator_settings":{"template":"highway","default_image_id":0,"font":"","enabled":false},"version":2}},"categories":[3,9],"tags":[],"class_list":["post-38233","post","type-post","status-publish","format-standard","has-post-thumbnail","hentry","category-novosti","category-skupovi"],"acf":{"facebook_opis":""},"jetpack_publicize_connections":[],"jetpack_featured_media_url":"https:\/\/i0.wp.com\/historiografija.hr\/wp-content\/uploads\/2023\/11\/buzet-40-godina-kasnije.jpg?fit=900%2C562&ssl=1","jetpack_sharing_enabled":true,"jetpack-related-posts":[],"_links":{"self":[{"href":"https:\/\/historiografija.hr\/index.php?rest_route=\/wp\/v2\/posts\/38233","targetHints":{"allow":["GET"]}}],"collection":[{"href":"https:\/\/historiografija.hr\/index.php?rest_route=\/wp\/v2\/posts"}],"about":[{"href":"https:\/\/historiografija.hr\/index.php?rest_route=\/wp\/v2\/types\/post"}],"author":[{"embeddable":true,"href":"https:\/\/historiografija.hr\/index.php?rest_route=\/wp\/v2\/users\/2"}],"replies":[{"embeddable":true,"href":"https:\/\/historiografija.hr\/index.php?rest_route=%2Fwp%2Fv2%2Fcomments&post=38233"}],"version-history":[{"count":1,"href":"https:\/\/historiografija.hr\/index.php?rest_route=\/wp\/v2\/posts\/38233\/revisions"}],"predecessor-version":[{"id":38235,"href":"https:\/\/historiografija.hr\/index.php?rest_route=\/wp\/v2\/posts\/38233\/revisions\/38235"}],"wp:featuredmedia":[{"embeddable":true,"href":"https:\/\/historiografija.hr\/index.php?rest_route=\/wp\/v2\/media\/38234"}],"wp:attachment":[{"href":"https:\/\/historiografija.hr\/index.php?rest_route=%2Fwp%2Fv2%2Fmedia&parent=38233"}],"wp:term":[{"taxonomy":"category","embeddable":true,"href":"https:\/\/historiografija.hr\/index.php?rest_route=%2Fwp%2Fv2%2Fcategories&post=38233"},{"taxonomy":"post_tag","embeddable":true,"href":"https:\/\/historiografija.hr\/index.php?rest_route=%2Fwp%2Fv2%2Ftags&post=38233"}],"curies":[{"name":"wp","href":"https:\/\/api.w.org\/{rel}","templated":true}]}}