{"id":38200,"date":"2023-11-21T18:13:57","date_gmt":"2023-11-21T18:13:57","guid":{"rendered":"http:\/\/historiografija.hr\/?p=38200"},"modified":"2023-11-21T18:13:57","modified_gmt":"2023-11-21T18:13:57","slug":"predavanje-simone-cupic-dva-filma-iz-1963-godine-jfk-60-godina-kasnije","status":"publish","type":"post","link":"https:\/\/historiografija.hr\/?p=38200","title":{"rendered":"Predavanje Simone \u010cupi\u0107 &#8220;Dva filma iz 1963. godine: JFK 60 godina kasnije&#8221;"},"content":{"rendered":"\n<p>Centar za ameri\u010dke studije poziva na predavanje prof. dr Simone \u010cupi\u0107 &#8220;Dva filma iz 1963. godine: JFK 60 godina kasnije&#8221; koje \u0107e se odr\u017eati u utorak, 21. novembra u 18h na Filozofskom fakultetu u Beogradu.<\/p>\n\n\n\n<p>Prof. dr Simona \u010cupi\u0107 govori\u0107e nam o dva potpuno razli\u010dita filma o D\u017eonu F. Kenediju koja su obele\u017eila 1963. godinu: \u201cPT 109\u201d u re\u017eiji Leslija H. Martinsona, o predsednikovoj aktivnoj vojnoj slu\u017ebi tokom Drugog svetskog rata i snimak atentata u Dalasu Abrahama Zaprudera \u2013 naj\u010duveniji amaterski snimak u istoriji. Prvi sa logistikom koju je omogu\u0107ila otvorena podr\u0161ka Bele ku\u0107e i drugi koji nastaje gotovo slu\u010dajno bi\u0107e povod za razgovor o oblikovanju slike o Kenediju, kako 1963. godine, tako i tokom decenija koje su usledile.<\/p>\n\n\n\n<hr class=\"wp-block-separator\"\/>\n\n\n\n<p>Izvor:<\/p>\n\n\n\n<p><a href=\"https:\/\/www.facebook.com\/events\/209526422178988\/\">https:\/\/www.facebook.com\/events\/209526422178988\/<\/a><\/p>\n\n\n\n<hr class=\"wp-block-separator\"\/>\n","protected":false},"excerpt":{"rendered":"","protected":false},"author":2,"featured_media":38201,"comment_status":"open","ping_status":"open","sticky":false,"template":"","format":"standard","meta":{"_acf_changed":false,"jetpack_post_was_ever_published":false,"_jetpack_newsletter_access":"","_jetpack_dont_email_post_to_subs":false,"_jetpack_newsletter_tier_id":0,"_jetpack_memberships_contains_paywalled_content":false,"_jetpack_memberships_contains_paid_content":false,"footnotes":"","jetpack_publicize_message":"","jetpack_publicize_feature_enabled":true,"jetpack_social_post_already_shared":true,"jetpack_social_options":{"image_generator_settings":{"template":"highway","default_image_id":0,"font":"","enabled":false},"version":2}},"categories":[13,3],"tags":[],"class_list":["post-38200","post","type-post","status-publish","format-standard","has-post-thumbnail","hentry","category-filmovi-i-serije","category-novosti"],"acf":{"facebook_opis":""},"jetpack_publicize_connections":[],"jetpack_featured_media_url":"https:\/\/i0.wp.com\/historiografija.hr\/wp-content\/uploads\/2023\/11\/JFK-scaled.jpeg?fit=1810%2C2560&ssl=1","jetpack_sharing_enabled":true,"jetpack-related-posts":[],"_links":{"self":[{"href":"https:\/\/historiografija.hr\/index.php?rest_route=\/wp\/v2\/posts\/38200","targetHints":{"allow":["GET"]}}],"collection":[{"href":"https:\/\/historiografija.hr\/index.php?rest_route=\/wp\/v2\/posts"}],"about":[{"href":"https:\/\/historiografija.hr\/index.php?rest_route=\/wp\/v2\/types\/post"}],"author":[{"embeddable":true,"href":"https:\/\/historiografija.hr\/index.php?rest_route=\/wp\/v2\/users\/2"}],"replies":[{"embeddable":true,"href":"https:\/\/historiografija.hr\/index.php?rest_route=%2Fwp%2Fv2%2Fcomments&post=38200"}],"version-history":[{"count":1,"href":"https:\/\/historiografija.hr\/index.php?rest_route=\/wp\/v2\/posts\/38200\/revisions"}],"predecessor-version":[{"id":38202,"href":"https:\/\/historiografija.hr\/index.php?rest_route=\/wp\/v2\/posts\/38200\/revisions\/38202"}],"wp:featuredmedia":[{"embeddable":true,"href":"https:\/\/historiografija.hr\/index.php?rest_route=\/wp\/v2\/media\/38201"}],"wp:attachment":[{"href":"https:\/\/historiografija.hr\/index.php?rest_route=%2Fwp%2Fv2%2Fmedia&parent=38200"}],"wp:term":[{"taxonomy":"category","embeddable":true,"href":"https:\/\/historiografija.hr\/index.php?rest_route=%2Fwp%2Fv2%2Fcategories&post=38200"},{"taxonomy":"post_tag","embeddable":true,"href":"https:\/\/historiografija.hr\/index.php?rest_route=%2Fwp%2Fv2%2Ftags&post=38200"}],"curies":[{"name":"wp","href":"https:\/\/api.w.org\/{rel}","templated":true}]}}