{"id":38191,"date":"2023-11-20T21:43:21","date_gmt":"2023-11-20T21:43:21","guid":{"rendered":"http:\/\/historiografija.hr\/?p=38191"},"modified":"2023-11-20T21:51:11","modified_gmt":"2023-11-20T21:51:11","slug":"predstavljen-17-broj-casopisa-pro-tempore","status":"publish","type":"post","link":"https:\/\/historiografija.hr\/?p=38191","title":{"rendered":"Predstavljen 17. broj \u010dasopisa \u201ePro tempore\u201c"},"content":{"rendered":"\n<p>Novi broj studentskog znanstvenog \u010dasopisa <em>Pro tempore<\/em> predstavljen je u utorak 7. studenog 2023. u dvorani VI Filozofskog fakulteta u Zagrebu. Predstavljanje 17. broja otvorila je i vodila pro\u010delnica Odsjeka za povijest, prof. dr. sc. Zrinka Nikoli\u0107-Jakus, a na predstavljanju su sudjelovali doc. dr. sc. Filip \u0160imetin \u0160egvi\u0107, prof. dr. sc. Zrinka Bla\u017eevi\u0107 te glavni urednik broja Ivan Mrnarevi\u0107. Profesor \u0160imetin \u0160egvi\u0107 dotaknuo se povijesti samoga \u010dasopisa, koji je svojevremeno i sam vodio, i istaknuo da je <em>Pro tempore<\/em> jedan od rijetkih studentskih \u010dasopisa koji posjeduje stanoviti kontinuitet. Profesorica Bla\u017eevi\u0107 govorila je o relevantnosti ovog \u010dasopisa i aktivnosti uredni\u0161tva. Pritom je naglasila praksu organiziranja studentskog skupa, s kojom se zapo\u010delo upravo na inicijativu urednika 17. broja, te je spomenut primjetan istra\u017eiva\u010dki iskorak \u010dasopisa u smislu pra\u0107enja novih historiografskih trendova i metoda. Za kraj, okupljenim profesorima, studentima i drugim gostima obratio se Ivan Mrnarevi\u0107 s kratkim osvrtom na rad redakcije 17. broja i zahvalio svima koji su na bilo koji na\u010din doprinijeli izlasku ovoga broja. \u00a0(Tijana Vokal)<\/p>\n\n\n\n<hr class=\"wp-block-separator\"\/>\n\n\n\n<p>\u010casopis je u cijelosti dostupan na Hr\u010dku:<\/p>\n\n\n\n<p><a href=\"https:\/\/hrcak.srce.hr\/pro-tempore\">https:\/\/hrcak.srce.hr\/pro-tempore<\/a><\/p>\n\n\n\n<hr class=\"wp-block-separator\"\/>\n\n\n\n<figure class=\"wp-block-image size-large\"><img data-recalc-dims=\"1\" loading=\"lazy\" decoding=\"async\" width=\"860\" height=\"555\" data-attachment-id=\"38194\" data-permalink=\"https:\/\/historiografija.hr\/?attachment_id=38194\" data-orig-file=\"https:\/\/i0.wp.com\/historiografija.hr\/wp-content\/uploads\/2023\/11\/Predstavljanje-1.jpeg?fit=1391%2C898&amp;ssl=1\" data-orig-size=\"1391,898\" data-comments-opened=\"1\" data-image-meta=\"{&quot;aperture&quot;:&quot;0&quot;,&quot;credit&quot;:&quot;&quot;,&quot;camera&quot;:&quot;&quot;,&quot;caption&quot;:&quot;&quot;,&quot;created_timestamp&quot;:&quot;0&quot;,&quot;copyright&quot;:&quot;&quot;,&quot;focal_length&quot;:&quot;0&quot;,&quot;iso&quot;:&quot;0&quot;,&quot;shutter_speed&quot;:&quot;0&quot;,&quot;title&quot;:&quot;&quot;,&quot;orientation&quot;:&quot;1&quot;}\" data-image-title=\"Predstavljanje-1\" data-image-description=\"\" data-image-caption=\"\" data-large-file=\"https:\/\/i0.wp.com\/historiografija.hr\/wp-content\/uploads\/2023\/11\/Predstavljanje-1.jpeg?fit=860%2C555&amp;ssl=1\" src=\"https:\/\/i0.wp.com\/historiografija.hr\/wp-content\/uploads\/2023\/11\/Predstavljanje-1.jpeg?resize=860%2C555&#038;ssl=1\" alt=\"\" class=\"wp-image-38194\" srcset=\"https:\/\/i0.wp.com\/historiografija.hr\/wp-content\/uploads\/2023\/11\/Predstavljanje-1.jpeg?resize=1024%2C661&amp;ssl=1 1024w, https:\/\/i0.wp.com\/historiografija.hr\/wp-content\/uploads\/2023\/11\/Predstavljanje-1.jpeg?resize=300%2C194&amp;ssl=1 300w, https:\/\/i0.wp.com\/historiografija.hr\/wp-content\/uploads\/2023\/11\/Predstavljanje-1.jpeg?resize=768%2C496&amp;ssl=1 768w, https:\/\/i0.wp.com\/historiografija.hr\/wp-content\/uploads\/2023\/11\/Predstavljanje-1.jpeg?w=1391&amp;ssl=1 1391w\" sizes=\"auto, (max-width: 860px) 100vw, 860px\" \/><\/figure>\n\n\n\n<hr class=\"wp-block-separator\"\/>\n\n\n\n<figure class=\"wp-block-image size-large\"><img data-recalc-dims=\"1\" loading=\"lazy\" decoding=\"async\" width=\"860\" height=\"645\" data-attachment-id=\"38195\" data-permalink=\"https:\/\/historiografija.hr\/?attachment_id=38195\" data-orig-file=\"https:\/\/i0.wp.com\/historiografija.hr\/wp-content\/uploads\/2023\/11\/Predstavljanje-2.jpeg?fit=2000%2C1500&amp;ssl=1\" data-orig-size=\"2000,1500\" data-comments-opened=\"1\" data-image-meta=\"{&quot;aperture&quot;:&quot;0&quot;,&quot;credit&quot;:&quot;&quot;,&quot;camera&quot;:&quot;&quot;,&quot;caption&quot;:&quot;&quot;,&quot;created_timestamp&quot;:&quot;0&quot;,&quot;copyright&quot;:&quot;&quot;,&quot;focal_length&quot;:&quot;0&quot;,&quot;iso&quot;:&quot;0&quot;,&quot;shutter_speed&quot;:&quot;0&quot;,&quot;title&quot;:&quot;&quot;,&quot;orientation&quot;:&quot;1&quot;}\" data-image-title=\"Predstavljanje-2\" data-image-description=\"\" data-image-caption=\"\" data-large-file=\"https:\/\/i0.wp.com\/historiografija.hr\/wp-content\/uploads\/2023\/11\/Predstavljanje-2.jpeg?fit=860%2C645&amp;ssl=1\" src=\"https:\/\/i0.wp.com\/historiografija.hr\/wp-content\/uploads\/2023\/11\/Predstavljanje-2.jpeg?resize=860%2C645&#038;ssl=1\" alt=\"\" class=\"wp-image-38195\" srcset=\"https:\/\/i0.wp.com\/historiografija.hr\/wp-content\/uploads\/2023\/11\/Predstavljanje-2.jpeg?resize=1024%2C768&amp;ssl=1 1024w, https:\/\/i0.wp.com\/historiografija.hr\/wp-content\/uploads\/2023\/11\/Predstavljanje-2.jpeg?resize=300%2C225&amp;ssl=1 300w, https:\/\/i0.wp.com\/historiografija.hr\/wp-content\/uploads\/2023\/11\/Predstavljanje-2.jpeg?resize=768%2C576&amp;ssl=1 768w, https:\/\/i0.wp.com\/historiografija.hr\/wp-content\/uploads\/2023\/11\/Predstavljanje-2.jpeg?resize=1536%2C1152&amp;ssl=1 1536w, https:\/\/i0.wp.com\/historiografija.hr\/wp-content\/uploads\/2023\/11\/Predstavljanje-2.jpeg?w=2000&amp;ssl=1 2000w, https:\/\/i0.wp.com\/historiografija.hr\/wp-content\/uploads\/2023\/11\/Predstavljanje-2.jpeg?w=1720&amp;ssl=1 1720w\" sizes=\"auto, (max-width: 860px) 100vw, 860px\" \/><\/figure>\n\n\n\n<hr class=\"wp-block-separator\"\/>\n\n\n\n<figure class=\"wp-block-image size-large\"><img data-recalc-dims=\"1\" loading=\"lazy\" decoding=\"async\" width=\"860\" height=\"645\" data-attachment-id=\"38196\" data-permalink=\"https:\/\/historiografija.hr\/?attachment_id=38196\" data-orig-file=\"https:\/\/i0.wp.com\/historiografija.hr\/wp-content\/uploads\/2023\/11\/Predstavljanje-3-scaled.jpeg?fit=2560%2C1920&amp;ssl=1\" data-orig-size=\"2560,1920\" data-comments-opened=\"1\" data-image-meta=\"{&quot;aperture&quot;:&quot;0&quot;,&quot;credit&quot;:&quot;&quot;,&quot;camera&quot;:&quot;&quot;,&quot;caption&quot;:&quot;&quot;,&quot;created_timestamp&quot;:&quot;0&quot;,&quot;copyright&quot;:&quot;&quot;,&quot;focal_length&quot;:&quot;0&quot;,&quot;iso&quot;:&quot;0&quot;,&quot;shutter_speed&quot;:&quot;0&quot;,&quot;title&quot;:&quot;&quot;,&quot;orientation&quot;:&quot;1&quot;}\" data-image-title=\"Predstavljanje-3\" data-image-description=\"\" data-image-caption=\"\" data-large-file=\"https:\/\/i0.wp.com\/historiografija.hr\/wp-content\/uploads\/2023\/11\/Predstavljanje-3-scaled.jpeg?fit=860%2C645&amp;ssl=1\" src=\"https:\/\/i0.wp.com\/historiografija.hr\/wp-content\/uploads\/2023\/11\/Predstavljanje-3.jpeg?resize=860%2C645&#038;ssl=1\" alt=\"\" class=\"wp-image-38196\" srcset=\"https:\/\/i0.wp.com\/historiografija.hr\/wp-content\/uploads\/2023\/11\/Predstavljanje-3-scaled.jpeg?resize=1024%2C768&amp;ssl=1 1024w, https:\/\/i0.wp.com\/historiografija.hr\/wp-content\/uploads\/2023\/11\/Predstavljanje-3-scaled.jpeg?resize=300%2C225&amp;ssl=1 300w, https:\/\/i0.wp.com\/historiografija.hr\/wp-content\/uploads\/2023\/11\/Predstavljanje-3-scaled.jpeg?resize=768%2C576&amp;ssl=1 768w, https:\/\/i0.wp.com\/historiografija.hr\/wp-content\/uploads\/2023\/11\/Predstavljanje-3-scaled.jpeg?resize=1536%2C1152&amp;ssl=1 1536w, https:\/\/i0.wp.com\/historiografija.hr\/wp-content\/uploads\/2023\/11\/Predstavljanje-3-scaled.jpeg?resize=2048%2C1536&amp;ssl=1 2048w, https:\/\/i0.wp.com\/historiografija.hr\/wp-content\/uploads\/2023\/11\/Predstavljanje-3-scaled.jpeg?w=1720&amp;ssl=1 1720w\" sizes=\"auto, (max-width: 860px) 100vw, 860px\" \/><\/figure>\n\n\n\n<hr class=\"wp-block-separator\"\/>\n","protected":false},"excerpt":{"rendered":"","protected":false},"author":2,"featured_media":38192,"comment_status":"open","ping_status":"open","sticky":false,"template":"","format":"standard","meta":{"_acf_changed":false,"jetpack_post_was_ever_published":false,"_jetpack_newsletter_access":"","_jetpack_dont_email_post_to_subs":false,"_jetpack_newsletter_tier_id":0,"_jetpack_memberships_contains_paywalled_content":false,"_jetpack_memberships_contains_paid_content":false,"footnotes":"","jetpack_publicize_message":"","jetpack_publicize_feature_enabled":true,"jetpack_social_post_already_shared":true,"jetpack_social_options":{"image_generator_settings":{"template":"highway","default_image_id":0,"font":"","enabled":false},"version":2}},"categories":[21,3],"tags":[],"class_list":["post-38191","post","type-post","status-publish","format-standard","has-post-thumbnail","hentry","category-casopisi","category-novosti"],"acf":{"facebook_opis":""},"jetpack_publicize_connections":[],"jetpack_featured_media_url":"https:\/\/i0.wp.com\/historiografija.hr\/wp-content\/uploads\/2023\/11\/Predstavljanje.jpeg?fit=1755%2C1169&ssl=1","jetpack_sharing_enabled":true,"jetpack-related-posts":[],"_links":{"self":[{"href":"https:\/\/historiografija.hr\/index.php?rest_route=\/wp\/v2\/posts\/38191","targetHints":{"allow":["GET"]}}],"collection":[{"href":"https:\/\/historiografija.hr\/index.php?rest_route=\/wp\/v2\/posts"}],"about":[{"href":"https:\/\/historiografija.hr\/index.php?rest_route=\/wp\/v2\/types\/post"}],"author":[{"embeddable":true,"href":"https:\/\/historiografija.hr\/index.php?rest_route=\/wp\/v2\/users\/2"}],"replies":[{"embeddable":true,"href":"https:\/\/historiografija.hr\/index.php?rest_route=%2Fwp%2Fv2%2Fcomments&post=38191"}],"version-history":[{"count":4,"href":"https:\/\/historiografija.hr\/index.php?rest_route=\/wp\/v2\/posts\/38191\/revisions"}],"predecessor-version":[{"id":38199,"href":"https:\/\/historiografija.hr\/index.php?rest_route=\/wp\/v2\/posts\/38191\/revisions\/38199"}],"wp:featuredmedia":[{"embeddable":true,"href":"https:\/\/historiografija.hr\/index.php?rest_route=\/wp\/v2\/media\/38192"}],"wp:attachment":[{"href":"https:\/\/historiografija.hr\/index.php?rest_route=%2Fwp%2Fv2%2Fmedia&parent=38191"}],"wp:term":[{"taxonomy":"category","embeddable":true,"href":"https:\/\/historiografija.hr\/index.php?rest_route=%2Fwp%2Fv2%2Fcategories&post=38191"},{"taxonomy":"post_tag","embeddable":true,"href":"https:\/\/historiografija.hr\/index.php?rest_route=%2Fwp%2Fv2%2Ftags&post=38191"}],"curies":[{"name":"wp","href":"https:\/\/api.w.org\/{rel}","templated":true}]}}