{"id":38175,"date":"2023-11-20T21:04:41","date_gmt":"2023-11-20T21:04:41","guid":{"rendered":"http:\/\/historiografija.hr\/?p=38175"},"modified":"2023-11-20T21:10:44","modified_gmt":"2023-11-20T21:10:44","slug":"dani-marije-juric-zagorke-2023-i-znanstveno-knjizevni-skup-rod-i-mediji-od-reprezentacije-do-konstrukcije-zbilje","status":"publish","type":"post","link":"https:\/\/historiografija.hr\/?p=38175","title":{"rendered":"Dani Marije Juri\u0107 Zagorke 2023. i znanstveno-knji\u017eevni skup \u201eRod i mediji: od reprezentacije do konstrukcije zbilje\u201c"},"content":{"rendered":"\n<p>Program zapo\u010dinjemo <strong>u utorak, 21. studenoga 2023. u 18 h<\/strong> ispred <strong>kipa Marije Juri\u0107 Zagorke u Tkal\u010di\u0107evoj ulici<\/strong> kostimiranom izvedbom <em><strong>\u201cCvijet za rije\u010d\u201d- Ponesi cvijet za na\u0161u Zagorku<\/strong><\/em>. Za onu koja je toliko lijepih rije\u010di napisala i ispunila na\u0161u ma\u0161tu, popunila znanje povijesti, usadila nam vjeru da mo\u017eemo biti hrabre\/hrabri, za na\u0161u Zagorku! Zagorka je ispunila na\u0161u ma\u0161tu, a mi vas pozivamo da ispunite buket cvije\u0107a namijenjen njoj. Ponesite jedan cvjeti\u0107 ili lijepu misao i pomozite nam kreirati zajedni\u010dki znak pa\u017enje za ovu damu. Osim Zagorkina kipa i njene vje\u010dne prisutnosti, kroz program \u0107e vas voditi kostimirani \u017eenski lik, nalik onima koji su \u0161etali stranicama njenih romana. Uz kratku prezentaciju na mjestu okupljanja, pro\u0161etat \u0107emo gradom i prisjetiti se zajedni\u010dki nekih scena, koje je tako \u017eivopisno opisala u svojim romanima. Predvi\u0111eno trajanje programa je sat vremena, te za ovo doga\u0111anje<strong> nije potrebna najava.<\/strong><\/p>\n\n\n\n<p><strong>U srijedu 22. studenoga 2023.<\/strong> odr\u017eat \u0107e se <strong>edukativno kostimirana \u0161etnja \u201eNeznane junakinje\u201c <\/strong>u izvedbi<strong> Gornjogradskih coprnica<\/strong>. Glamurozne zabave, rasko\u0161ne toalete, ranovovjekovne neobi\u010dnosti i skriveni \u017eivot \u017eena iz hrvatske povijesti o\u010dekuje Vas u ovoj kostimiranoj izvedbi na ulicama grada. Zavirite u djeli\u0107 \u017eenske svakodnevice iz minulih stolje\u0107a gdje Vas o\u010dekuju \u017eivopisni likovi i neobi\u010dne pri\u010de. \u201dI mi smo tu u povijesti! Mi \u017eene! \u0160ap\u0107emo iz pro\u0161losti. \u010cujete li na\u0161 glas? Zakora\u010dite u mrak gdje le\u017ei prekriven pra\u0161inom zaborava na\u0161 \u017eivot\u2026\u201d (Glas Neznanih junakinja). <strong>Svoj dolazak mo\u017eete najaviti na mail <a href=\"mailto:martinafindrik@yahoo.com\">martinafindrik@yahoo.com<\/a> ili SMS na broj telefona 099 697 0072<\/strong>. Tada \u0107ete saznati mjesto i vrijeme sastanka te druge potrebne informacije. Broj mjesta je ograni\u010den. Kontakt osoba je Martina Findrik.<\/p>\n\n\n\n<p><strong>U \u010detvrtak, 23. studenoga od 11 do 19 sati<\/strong> <strong>Memorijalni stan Marije Juri\u0107 Zagorke bit \u0107e otvoren za javnost<\/strong>. Posjetitelji \u0107e mo\u0107i vidjeti stan u kojem je Zagorka \u017eivjela 19 godina, stalni postav, te \u010duti poznate i manje poznate informacije i pri\u010de iz \u017eivota popularne spisateljice i prve hrvatske novinarke. Memorijalni stan bit \u0107e otvoren za javnost i<strong> u nedjelju, 26.11. od 11 do 19 sati<\/strong>.<\/p>\n\n\n\n<p>U suradnji s Odsjekom za komparativnu knji\u017eevnost Filozofskog fakulteta u Zagrebu i Odjelom za komunikologiju, medije i novinarstvo Sveu\u010dili\u0161ta Sjever, <strong>u petak i subotu, 24. i 25. studenoga<\/strong> odr\u017eat \u0107e se <strong>znanstveno-knji\u017eevni skup Dana Marije Juri\u0107 Zagorke \u201eMarija Juri\u0107 Zagorka \u2013 \u017eivot, djelo, naslje\u0111e\u201c na temu \u201eRod i mediji: od reprezentacije do konstrukcije zbilje\u201c.<\/strong> Nekada se o medijima govorilo kao sekundarnom \u010dimbeniku socijalizacije, no danas je sveprisutnost njihova utjecaja od najranijeg djetinjstva tolika da ih mnogi svrstavaju me\u0111u primarne odgojne agense. Ve\u0107 dugo mediji nisu samo posrednici odre\u0111enog sadr\u017eaja, ve\u0107 su oformili vlastitu socijalnu sredinu i faktor su konstrukcije socijalne zbilje. Sudjeluju u destabilizaciji granica izme\u0111u virtualnog i zbiljskog (\u017eivota i teksta), zbog \u010dega je potrebna kriti\u010dka distanca kada se govori o epistemolo\u0161kim i ontolo\u0161kim dimenzijama u\u010dinaka suvremenih medija na pojedince, grupe i dru\u0161tvo u cjelini. Medijska \u0107e se pismenost pri tome \u010desto isticati kao va\u017ena sastavnica kriti\u010dke sposobnosti, a zahtijeva da postavljamo pitanja o tome tko i gdje stvara odre\u0111enu poruku, koje se tehnike koriste za privla\u010denje pa\u017enje, kako razli\u010diti ljudi mogu razumijevati odre\u0111ene poruke, koje se vrijednosti i to\u010dke gledi\u0161ta prezentiraju, za\u0161to se neka poruka oda\u0161ilje itd. Tema je, naravno, neraskidivo vezana i uz Mariju Juri\u0107 Zagorku, na\u0161u prvu profesionalnu novinarku koja je od kraja 19. do sredine 20. stolje\u0107a sura\u0111ivala u brojnim novinama, \u010desto nepotpisana ili pod pseudonimom. Bila je \u010dlanica redakcije Obzora, pisala je politi\u010dke reporta\u017ee o ma\u0111arskoj politici, putopisne crtice, autobiografske bilje\u0161ke, feljtone, jedno\u010dinke, organizirala je demonstracije protiv bana Khuen-H\u00e9derv\u00e1rya te bila nakratko zatvorena. Pokrenula je i ure\u0111ivala \u017denski list, potom Hrvaticu, svjesna mnogih povratnih procesa utjecaja medija na dru\u0161tvo, s nadom da tu le\u017ei njihov demokratizacijski i emancipacijski potencijal.<\/p>\n\n\n\n<p><strong>U nedjelju, 26. studenoga<\/strong> odr\u017eat \u0107e se i tradicionalna \u0161etnja <strong>\u201cZagorkinim tragom kroz Zagreb\u201d<\/strong> s po\u010detkom<strong> u 11 h<\/strong>, u izvedbi<strong> Slavice Jakobovi\u0107-Fribec.<\/strong> Mjesto sastanka je spomenik banu Jela\u010di\u0107u, Trg bana Jela\u010di\u0107a. <strong>Za \u0161etnju nije potrebna prijava.<\/strong><\/p>\n\n\n\n<p>Taj isti dan, <strong>u nedjelju, 26. studenoga<\/strong> vodimo vas i u samostalan razgled grada! Uz pomo\u0107 <strong>\u201cMisterioznog pisma\u201d<\/strong> pretvaramo vas u vodi\u010da_kinju. Tragovi zapisani na papiru vode kroz grad i upoznaju vas s mjestima povezanim sa Zagorkinim romanom \u201cJadranka,\u201d koji je po\u010deo izlaziti prije 80 godina. Misteriozno pismo mo\u017eete <strong>preuzeti kod nas u Memorijalnom stanu Marije Juri\u0107 Zagorke, Dolac 8 od 12 h do 17 h<\/strong> i potom pohitati u potragu za mjestima iz pisma, fotografirati se na njima i s \u2018\u2019dokazima\u2019\u2019 se vratiti na Dolac i pokupiti svoju skromnu nagradu za trud. U aktivnosti mo\u017eete sudjelovati sami ili u grupi, te <strong>nije potrebna prijava.<\/strong><\/p>\n\n\n\n<p>Dobrodo\u0161li\/e!<\/p>\n\n\n\n<p>Program se odr\u017eava uz potporu Grada Zagreba i Ministarstva kulture i medija.<\/p>\n\n\n\n<hr class=\"wp-block-separator\"\/>\n\n\n\n<p>Izvor i <strong>Programska knji\u017eica znanstveno-knji\u017eevnog skupa 2023<\/strong>:<\/p>\n\n\n\n<figure class=\"wp-block-embed-wordpress wp-block-embed is-type-wp-embed is-provider-memorijalni-stan-marije-juric-zagorke\"><div class=\"wp-block-embed__wrapper\">\n<blockquote class=\"wp-embedded-content\" data-secret=\"tr3McraHqM\"><a href=\"http:\/\/zagorka.net\/poziv-na-dane-marije-juric-zagorke-2023\/\">Poziv na Dane Marije Juri\u0107 Zagorke 2023.<\/a><\/blockquote><iframe loading=\"lazy\" class=\"wp-embedded-content\" sandbox=\"allow-scripts\" security=\"restricted\" style=\"position: absolute; clip: rect(1px, 1px, 1px, 1px);\" title=\"&#8220;Poziv na Dane Marije Juri\u0107 Zagorke 2023.&#8221; &#8212; Memorijalni stan Marije Juri\u0107 Zagorke\" src=\"http:\/\/zagorka.net\/poziv-na-dane-marije-juric-zagorke-2023\/embed\/#?secret=tr3McraHqM\" data-secret=\"tr3McraHqM\" width=\"600\" height=\"338\" frameborder=\"0\" marginwidth=\"0\" marginheight=\"0\" scrolling=\"no\"><\/iframe>\n<\/div><\/figure>\n\n\n\n<hr class=\"wp-block-separator\"\/>\n","protected":false},"excerpt":{"rendered":"","protected":false},"author":2,"featured_media":38176,"comment_status":"open","ping_status":"open","sticky":false,"template":"","format":"standard","meta":{"_acf_changed":false,"jetpack_post_was_ever_published":false,"_jetpack_newsletter_access":"","_jetpack_dont_email_post_to_subs":false,"_jetpack_newsletter_tier_id":0,"_jetpack_memberships_contains_paywalled_content":false,"_jetpack_memberships_contains_paid_content":false,"footnotes":"","jetpack_publicize_message":"","jetpack_publicize_feature_enabled":true,"jetpack_social_post_already_shared":true,"jetpack_social_options":{"image_generator_settings":{"template":"highway","default_image_id":0,"font":"","enabled":false},"version":2}},"categories":[3,9],"tags":[],"class_list":["post-38175","post","type-post","status-publish","format-standard","has-post-thumbnail","hentry","category-novosti","category-skupovi"],"acf":{"facebook_opis":""},"jetpack_publicize_connections":[],"jetpack_featured_media_url":"https:\/\/i0.wp.com\/historiografija.hr\/wp-content\/uploads\/2023\/11\/Dani-Marije-Juri%C4%87-Zagorke-2023.jpg?fit=768%2C768&ssl=1","jetpack_sharing_enabled":true,"jetpack-related-posts":[],"_links":{"self":[{"href":"https:\/\/historiografija.hr\/index.php?rest_route=\/wp\/v2\/posts\/38175","targetHints":{"allow":["GET"]}}],"collection":[{"href":"https:\/\/historiografija.hr\/index.php?rest_route=\/wp\/v2\/posts"}],"about":[{"href":"https:\/\/historiografija.hr\/index.php?rest_route=\/wp\/v2\/types\/post"}],"author":[{"embeddable":true,"href":"https:\/\/historiografija.hr\/index.php?rest_route=\/wp\/v2\/users\/2"}],"replies":[{"embeddable":true,"href":"https:\/\/historiografija.hr\/index.php?rest_route=%2Fwp%2Fv2%2Fcomments&post=38175"}],"version-history":[{"count":2,"href":"https:\/\/historiografija.hr\/index.php?rest_route=\/wp\/v2\/posts\/38175\/revisions"}],"predecessor-version":[{"id":38181,"href":"https:\/\/historiografija.hr\/index.php?rest_route=\/wp\/v2\/posts\/38175\/revisions\/38181"}],"wp:featuredmedia":[{"embeddable":true,"href":"https:\/\/historiografija.hr\/index.php?rest_route=\/wp\/v2\/media\/38176"}],"wp:attachment":[{"href":"https:\/\/historiografija.hr\/index.php?rest_route=%2Fwp%2Fv2%2Fmedia&parent=38175"}],"wp:term":[{"taxonomy":"category","embeddable":true,"href":"https:\/\/historiografija.hr\/index.php?rest_route=%2Fwp%2Fv2%2Fcategories&post=38175"},{"taxonomy":"post_tag","embeddable":true,"href":"https:\/\/historiografija.hr\/index.php?rest_route=%2Fwp%2Fv2%2Ftags&post=38175"}],"curies":[{"name":"wp","href":"https:\/\/api.w.org\/{rel}","templated":true}]}}