{"id":38167,"date":"2023-11-20T20:12:08","date_gmt":"2023-11-20T20:12:08","guid":{"rendered":"http:\/\/historiografija.hr\/?p=38167"},"modified":"2023-11-20T20:15:43","modified_gmt":"2023-11-20T20:15:43","slug":"znanstveni-posvet-dvojnost-prava","status":"publish","type":"post","link":"https:\/\/historiografija.hr\/?p=38167","title":{"rendered":"Znanstveni posvet \u201eDvojnost prava\u201c"},"content":{"rendered":"\n<p>\u0160tudijski center za narodno spravo i Hrvatski institut za povijest organiziraju u srijedu, 22. studenog 2023. u Ljubljani kolokvij \u201eDvojnost prava\u201c na kojem \u0107e usporedive poslijeratne teme biti predstavljene iz hrvatske i slovenske perspektive.<\/p>\n\n\n\n<hr class=\"wp-block-separator\"\/>\n\n\n\n<p>V sredo, 22. novembra 2023, \u0160tudijski center za narodno spravo in Hrvatski institut za povijest organizirata znanstveni posvet z naslovom Dvojnost prava.<\/p>\n\n\n\n<p>Dogodek se bo odvijal v prostorih \u0160tudijskega centra za narodno spravo (Tivolska 42, 1000 Ljubljana) z za\u010detkom ob 9.30, kjer bodo v dveh tematskih sklopih predstavljene razli\u010dne tematike, in sicer:<\/p>\n\n\n\n<p>&#8211; Sudovi za za\u0161titu nacionalne \u010dasti Hrvata i Srba u Hrvatskoj 1945. godine (dr. Martina Grahek Ravan\u010di\u0107),<\/p>\n\n\n\n<p>&#8211; \u00bbNarod sodi\u00ab, Sodi\u0161\u010de slovenske narodne \u010dasti (dr. Mateja \u010coh Kladnik),<\/p>\n\n\n\n<p>&#8211; Logori za internacijo njema\u010dkog stanovni\u0161tva u Hrvatskoj, 1945.-1947. (dr. Vladimir Geiger),<\/p>\n\n\n\n<p>&#8211; Topografija kazenskih ustanov v Ljubljani in njeni okolici 1945-1954 (dr. Jelka Pi\u0161kuri\u0107),<\/p>\n\n\n\n<p>&#8211; Ostati ili oti\u0107i? Dvojba pre\u017eivjelih hrvatskih \u017didova nakon Drugoga svjetskog rata (dr. Marica Karaka\u0161 Obradov),<\/p>\n\n\n\n<p>&#8211; Organizacijske in osebne dileme Judov na Slovenskem po drugi svetovni vojni (dr. Renato Podbersi\u010d).<\/p>\n\n\n\n<hr class=\"wp-block-separator\"\/>\n\n\n\n<p>Izvor:<\/p>\n\n\n\n<p><a href=\"https:\/\/www.facebook.com\/events\/1579774235894227\/\">https:\/\/www.facebook.com\/events\/1579774235894227\/<\/a><\/p>\n\n\n\n<hr class=\"wp-block-separator\"\/>\n","protected":false},"excerpt":{"rendered":"","protected":false},"author":2,"featured_media":38168,"comment_status":"open","ping_status":"open","sticky":false,"template":"","format":"standard","meta":{"_acf_changed":false,"jetpack_post_was_ever_published":false,"_jetpack_newsletter_access":"","_jetpack_dont_email_post_to_subs":false,"_jetpack_newsletter_tier_id":0,"_jetpack_memberships_contains_paywalled_content":false,"_jetpack_memberships_contains_paid_content":false,"footnotes":"","jetpack_publicize_message":"","jetpack_publicize_feature_enabled":true,"jetpack_social_post_already_shared":true,"jetpack_social_options":{"image_generator_settings":{"template":"highway","default_image_id":0,"font":"","enabled":false},"version":2}},"categories":[3,9],"tags":[],"class_list":["post-38167","post","type-post","status-publish","format-standard","has-post-thumbnail","hentry","category-novosti","category-skupovi"],"acf":{"facebook_opis":""},"jetpack_publicize_connections":[],"jetpack_featured_media_url":"https:\/\/i0.wp.com\/historiografija.hr\/wp-content\/uploads\/2023\/11\/Dvojnost-prava.jpg?fit=603%2C315&ssl=1","jetpack_sharing_enabled":true,"jetpack-related-posts":[],"_links":{"self":[{"href":"https:\/\/historiografija.hr\/index.php?rest_route=\/wp\/v2\/posts\/38167","targetHints":{"allow":["GET"]}}],"collection":[{"href":"https:\/\/historiografija.hr\/index.php?rest_route=\/wp\/v2\/posts"}],"about":[{"href":"https:\/\/historiografija.hr\/index.php?rest_route=\/wp\/v2\/types\/post"}],"author":[{"embeddable":true,"href":"https:\/\/historiografija.hr\/index.php?rest_route=\/wp\/v2\/users\/2"}],"replies":[{"embeddable":true,"href":"https:\/\/historiografija.hr\/index.php?rest_route=%2Fwp%2Fv2%2Fcomments&post=38167"}],"version-history":[{"count":3,"href":"https:\/\/historiografija.hr\/index.php?rest_route=\/wp\/v2\/posts\/38167\/revisions"}],"predecessor-version":[{"id":38171,"href":"https:\/\/historiografija.hr\/index.php?rest_route=\/wp\/v2\/posts\/38167\/revisions\/38171"}],"wp:featuredmedia":[{"embeddable":true,"href":"https:\/\/historiografija.hr\/index.php?rest_route=\/wp\/v2\/media\/38168"}],"wp:attachment":[{"href":"https:\/\/historiografija.hr\/index.php?rest_route=%2Fwp%2Fv2%2Fmedia&parent=38167"}],"wp:term":[{"taxonomy":"category","embeddable":true,"href":"https:\/\/historiografija.hr\/index.php?rest_route=%2Fwp%2Fv2%2Fcategories&post=38167"},{"taxonomy":"post_tag","embeddable":true,"href":"https:\/\/historiografija.hr\/index.php?rest_route=%2Fwp%2Fv2%2Ftags&post=38167"}],"curies":[{"name":"wp","href":"https:\/\/api.w.org\/{rel}","templated":true}]}}