{"id":38164,"date":"2023-11-20T19:55:30","date_gmt":"2023-11-20T19:55:30","guid":{"rendered":"http:\/\/historiografija.hr\/?p=38164"},"modified":"2023-11-20T19:55:30","modified_gmt":"2023-11-20T19:55:30","slug":"medunarodni-naucni-skup-drzavnost-bosne-i-hercegovine-u-xx-i-xxi-stoljecu-historijski-izazovi-i-dostignuca-u-razvoju-drzavnosti-bosne-i-hercegovine","status":"publish","type":"post","link":"https:\/\/historiografija.hr\/?p=38164","title":{"rendered":"Me\u0111unarodni nau\u010dni skup \u201eDr\u017eavnost Bosne i Hercegovine u XX i XXI stolje\u0107u. Historijski izazovi i dostignu\u0107a u razvoju dr\u017eavnosti Bosne i Hercegovine\u201c"},"content":{"rendered":"\n<p>Na skupu koji \u0107e se odr\u017eati 22. i 23. XI. 2023. u Akademiji nauka i umjetnosti Bosne i Hercegovine u Sarajevu sudjelovat \u0107e izlaga\u010di iz Bosne i Hercegovine, Crne Gore, Srbije, Hrvatske, Austrije, Italije, Velike Britanije. Skup se odr\u017eava povodom 80. godi\u0161njice Prvog zasjedanja ZAVNOBiH-a i Drugog zasjedanja AVNOJ-a.<\/p>\n\n\n\n<hr class=\"wp-block-separator\"\/>\n\n\n\n<p>Program i dodatne obavijesti:<\/p>\n\n\n\n<p><a href=\"https:\/\/historiografija.ba\/article.php?id=2045\">https:\/\/historiografija.ba\/article.php?id=2045<\/a><\/p>\n\n\n\n<p><a href=\"https:\/\/www.anubih.ba\/index.php\/bs\/arhiva-vijesti\/123-najave-dogadaja\/801-naucna-konferencija-povodom-obiljezavanja-80-godisnjice-prvog-zasjedanja-zavnobih-a-i-drugog-zasjedanja-avnoj-a-drzavnost-bosne-i-hercegovine-u-xx-i-xxi-stoljecu-istorijski-izazovi-i-dostignuca-u-razvoju-drzavnosti-bosne-i-hercegovine\">https:\/\/www.anubih.ba\/index.php\/bs\/arhiva-vijesti\/123-najave-dogadaja\/801-naucna-konferencija-povodom-obiljezavanja-80-godisnjice-prvog-zasjedanja-zavnobih-a-i-drugog-zasjedanja-avnoj-a-drzavnost-bosne-i-hercegovine-u-xx-i-xxi-stoljecu-istorijski-izazovi-i-dostignuca-u-razvoju-drzavnosti-bosne-i-hercegovine<\/a><\/p>\n\n\n\n<hr class=\"wp-block-separator\"\/>\n","protected":false},"excerpt":{"rendered":"","protected":false},"author":2,"featured_media":38165,"comment_status":"open","ping_status":"open","sticky":false,"template":"","format":"standard","meta":{"_acf_changed":false,"jetpack_post_was_ever_published":false,"_jetpack_newsletter_access":"","_jetpack_dont_email_post_to_subs":false,"_jetpack_newsletter_tier_id":0,"_jetpack_memberships_contains_paywalled_content":false,"_jetpack_memberships_contains_paid_content":false,"footnotes":"","jetpack_publicize_message":"","jetpack_publicize_feature_enabled":true,"jetpack_social_post_already_shared":true,"jetpack_social_options":{"image_generator_settings":{"template":"highway","default_image_id":0,"font":"","enabled":false},"version":2}},"categories":[3,9],"tags":[],"class_list":["post-38164","post","type-post","status-publish","format-standard","has-post-thumbnail","hentry","category-novosti","category-skupovi"],"acf":{"facebook_opis":""},"jetpack_publicize_connections":[],"jetpack_featured_media_url":"https:\/\/i0.wp.com\/historiografija.hr\/wp-content\/uploads\/2023\/11\/ANUBiH_Drzavnost.jpg?fit=555%2C386&ssl=1","jetpack_sharing_enabled":true,"jetpack-related-posts":[],"_links":{"self":[{"href":"https:\/\/historiografija.hr\/index.php?rest_route=\/wp\/v2\/posts\/38164","targetHints":{"allow":["GET"]}}],"collection":[{"href":"https:\/\/historiografija.hr\/index.php?rest_route=\/wp\/v2\/posts"}],"about":[{"href":"https:\/\/historiografija.hr\/index.php?rest_route=\/wp\/v2\/types\/post"}],"author":[{"embeddable":true,"href":"https:\/\/historiografija.hr\/index.php?rest_route=\/wp\/v2\/users\/2"}],"replies":[{"embeddable":true,"href":"https:\/\/historiografija.hr\/index.php?rest_route=%2Fwp%2Fv2%2Fcomments&post=38164"}],"version-history":[{"count":1,"href":"https:\/\/historiografija.hr\/index.php?rest_route=\/wp\/v2\/posts\/38164\/revisions"}],"predecessor-version":[{"id":38166,"href":"https:\/\/historiografija.hr\/index.php?rest_route=\/wp\/v2\/posts\/38164\/revisions\/38166"}],"wp:featuredmedia":[{"embeddable":true,"href":"https:\/\/historiografija.hr\/index.php?rest_route=\/wp\/v2\/media\/38165"}],"wp:attachment":[{"href":"https:\/\/historiografija.hr\/index.php?rest_route=%2Fwp%2Fv2%2Fmedia&parent=38164"}],"wp:term":[{"taxonomy":"category","embeddable":true,"href":"https:\/\/historiografija.hr\/index.php?rest_route=%2Fwp%2Fv2%2Fcategories&post=38164"},{"taxonomy":"post_tag","embeddable":true,"href":"https:\/\/historiografija.hr\/index.php?rest_route=%2Fwp%2Fv2%2Ftags&post=38164"}],"curies":[{"name":"wp","href":"https:\/\/api.w.org\/{rel}","templated":true}]}}