{"id":38126,"date":"2023-11-17T21:54:39","date_gmt":"2023-11-17T21:54:39","guid":{"rendered":"http:\/\/historiografija.hr\/?p=38126"},"modified":"2023-11-17T21:54:39","modified_gmt":"2023-11-17T21:54:39","slug":"cuvajte-mi-jugoslavijo-figuralni-spomeniki-karadordevicem-v-sloveniji","status":"publish","type":"post","link":"https:\/\/historiografija.hr\/?p=38126","title":{"rendered":"\u201e\u010cuvajte mi Jugoslavijo\u201c: figuralni spomeniki Kara\u0111or\u0111evi\u0107em v Sloveniji"},"content":{"rendered":"\n<p>Iz\u0161la je knjiga <strong>\u010cuvajte mi Jugoslavijo: figuralni spomeniki Kara\u0111or\u0111evi\u0107em v Sloveniji<\/strong>, ki so jo pripravili dr. Peter Mik\u0161a, Nani Poljanec in na\u0161 sodelavec Ivan Smiljani\u0107. V delu so v besedi in sliki predstavljeni javni spomeniki kraljema Petru I. in Aleksandru I., ki so stali na Slovenskem in so jih izdelali ugledni slovenski kiparji, ve\u010dina pa jih je bila uni\u010dena med drugo svetovno vojno.<\/p>\n\n\n\n<hr class=\"wp-block-separator\"\/>\n\n\n\n<p>Izvor i dodatne obavijesti:<\/p>\n\n\n\n<p><a href=\"https:\/\/www.inz.si\/sl\/Dogodki\/Cuvajte-mi-Jugoslavijo\/\">https:\/\/www.inz.si\/sl\/Dogodki\/Cuvajte-mi-Jugoslavijo\/<\/a><\/p>\n\n\n\n<figure class=\"wp-block-embed-wordpress wp-block-embed is-type-wp-embed is-provider-zgodovinski-portal\"><div class=\"wp-block-embed__wrapper\">\n<blockquote class=\"wp-embedded-content\" data-secret=\"y30l3yQl9J\"><a href=\"http:\/\/zgodovina.si\/cuvajte-mi-jugoslavijo-figuralni-spomeniki-karadordevicem-v-sloveniji\/\">\u00bb\u010cuvajte mi Jugoslavijo\u00ab &#8211; Figuralni spomeniki Kara\u0111or\u0111evi\u0107em v Sloveniji<\/a><\/blockquote><iframe loading=\"lazy\" class=\"wp-embedded-content\" sandbox=\"allow-scripts\" security=\"restricted\" style=\"position: absolute; clip: rect(1px, 1px, 1px, 1px);\" title=\"&#8220;\u00bb\u010cuvajte mi Jugoslavijo\u00ab &#8211; Figuralni spomeniki Kara\u0111or\u0111evi\u0107em v Sloveniji&#8221; &#8212; Zgodovinski portal\" src=\"http:\/\/zgodovina.si\/cuvajte-mi-jugoslavijo-figuralni-spomeniki-karadordevicem-v-sloveniji\/embed\/#?secret=y30l3yQl9J\" data-secret=\"y30l3yQl9J\" width=\"600\" height=\"338\" frameborder=\"0\" marginwidth=\"0\" marginheight=\"0\" scrolling=\"no\"><\/iframe>\n<\/div><\/figure>\n\n\n\n<hr class=\"wp-block-separator\"\/>\n","protected":false},"excerpt":{"rendered":"","protected":false},"author":2,"featured_media":38127,"comment_status":"open","ping_status":"open","sticky":false,"template":"","format":"standard","meta":{"_acf_changed":false,"jetpack_post_was_ever_published":false,"_jetpack_newsletter_access":"","_jetpack_dont_email_post_to_subs":false,"_jetpack_newsletter_tier_id":0,"_jetpack_memberships_contains_paywalled_content":false,"_jetpack_memberships_contains_paid_content":false,"footnotes":"","jetpack_publicize_message":"","jetpack_publicize_feature_enabled":true,"jetpack_social_post_already_shared":true,"jetpack_social_options":{"image_generator_settings":{"template":"highway","default_image_id":0,"font":"","enabled":false},"version":2}},"categories":[8,3],"tags":[],"class_list":["post-38126","post","type-post","status-publish","format-standard","has-post-thumbnail","hentry","category-knjige","category-novosti"],"acf":{"facebook_opis":""},"jetpack_publicize_connections":[],"jetpack_featured_media_url":"https:\/\/i0.wp.com\/historiografija.hr\/wp-content\/uploads\/2023\/11\/knjiga-naslovnica.jpg?fit=487%2C691&ssl=1","jetpack_sharing_enabled":true,"jetpack-related-posts":[],"_links":{"self":[{"href":"https:\/\/historiografija.hr\/index.php?rest_route=\/wp\/v2\/posts\/38126","targetHints":{"allow":["GET"]}}],"collection":[{"href":"https:\/\/historiografija.hr\/index.php?rest_route=\/wp\/v2\/posts"}],"about":[{"href":"https:\/\/historiografija.hr\/index.php?rest_route=\/wp\/v2\/types\/post"}],"author":[{"embeddable":true,"href":"https:\/\/historiografija.hr\/index.php?rest_route=\/wp\/v2\/users\/2"}],"replies":[{"embeddable":true,"href":"https:\/\/historiografija.hr\/index.php?rest_route=%2Fwp%2Fv2%2Fcomments&post=38126"}],"version-history":[{"count":1,"href":"https:\/\/historiografija.hr\/index.php?rest_route=\/wp\/v2\/posts\/38126\/revisions"}],"predecessor-version":[{"id":38128,"href":"https:\/\/historiografija.hr\/index.php?rest_route=\/wp\/v2\/posts\/38126\/revisions\/38128"}],"wp:featuredmedia":[{"embeddable":true,"href":"https:\/\/historiografija.hr\/index.php?rest_route=\/wp\/v2\/media\/38127"}],"wp:attachment":[{"href":"https:\/\/historiografija.hr\/index.php?rest_route=%2Fwp%2Fv2%2Fmedia&parent=38126"}],"wp:term":[{"taxonomy":"category","embeddable":true,"href":"https:\/\/historiografija.hr\/index.php?rest_route=%2Fwp%2Fv2%2Fcategories&post=38126"},{"taxonomy":"post_tag","embeddable":true,"href":"https:\/\/historiografija.hr\/index.php?rest_route=%2Fwp%2Fv2%2Ftags&post=38126"}],"curies":[{"name":"wp","href":"https:\/\/api.w.org\/{rel}","templated":true}]}}