{"id":38120,"date":"2023-11-17T21:28:53","date_gmt":"2023-11-17T21:28:53","guid":{"rendered":"http:\/\/historiografija.hr\/?p=38120"},"modified":"2023-11-17T21:28:53","modified_gmt":"2023-11-17T21:28:53","slug":"ciklus-predavanja-virtualnog-muzeja-dotrscina-sandra-krizic-roban-multimedijalne-umjetnicke-prakse-u-kulturi-sjecanja-i-memorijalizaciji-otisci-na-tlu-izmjene-u-krajoliku-te-koja-je-uloga","status":"publish","type":"post","link":"https:\/\/historiografija.hr\/?p=38120","title":{"rendered":"Ciklus predavanja Virtualnog muzeja Dotr\u0161\u010dina: Sandra Kri\u017ei\u0107 Roban: Multimedijalne umjetni\u010dke prakse u kulturi sje\u0107anja i memorijalizaciji \u2013 otisci na tlu, izmjene u krajoliku te koja je uloga fotografije u svemu tome?"},"content":{"rendered":"\n<p>Predavanje \u0107e se odr\u017eati u srijedu, 22. studenoga 2023. s po\u010detkom u 18 sati u zagreba\u010dkoj Knji\u017enici i \u010ditaonici Bogdana Ogrizovi\u0107a.<\/p>\n\n\n\n<p>Fotografija pripovijeda o odre\u0111enim mjestima. Pritom, zahvaljuju\u0107i fotografiji, odre\u0111eni prizor ne shva\u0107amo isklju\u010divo kao topografski dokaz, nego ga aktiviramo prilikom prikazivanja mitova i sje\u0107anja povezanih s odre\u0111enom lokacijom. Iako ne mo\u017ee prenijeti stvarno iskustvo, fotografija nam poma\u017ee spoznati \u0161to je obilje\u017eilo neko mjesto i njegovu povijest, provocira konstrukcije narativa i utje\u010de na njihovo mijenjanje. Pritom, i mi se mijenjamo. Memorijalizacija nekog mjesta dugotrajan je, kontinuiran i (mo\u017eda) beskona\u010dan proces \u010dije pojedine aspekte zapa\u017eamo i u procesu snimanja, poput na\u010dina osvajanja prostora i zauzimanja odre\u0111enih to\u010daka u njemu. Na taj se na\u010din prostor generira, dok je fotograf svojevrstan kanalizator sje\u0107anja, odgovorna osoba na \u010dije uzorke vi\u0111enog moramo pristati, kao \u0161to pristajemo i na uzorke memorijalizacije u otvorenom prostoru, koje je postavio netko drugi.<\/p>\n\n\n\n<p>Sandra Kri\u017ei\u0107 Roban doktorirala je u podru\u010dju povijesti umjetnosti te se bavi teorijom i kritikom, kustoskom praksom, nastavom i pisanjem. Radi na Institutu za povijest umjetnosti u Zagrebu kao znanstvena savjetnica u trajnom zvanju. Teme istra\u017eivanja su joj suvremena umjetnost, povijest i teorija fotografije, poslijeratna arhitektura, problematika javnog prostora i alternativne strategije sje\u0107anja. Jedna je od osniva\u010dica Ureda za fotografiju.<\/p>\n\n\n\n<p>Predavanje je dio ciklusa Obrazovnog programa Virtualnog muzeja Dotr\u0161\u010dina koji se kroz 2023. godinu odr\u017eava u partnerstvu s Vije\u0107em srpske nacionalne manjine Grada Zagreba, Hrvatskom udrugom nastavnika povijesti i Knji\u017enicom i \u010ditaonicom Bogdana Ogrizovi\u0107a.<\/p>\n\n\n\n<p>Za sva predavanja u sklopu ciklusa Obrazovnog programa Virtualnog muzeja Dotr\u0161\u010dina sudionici\/ce mogu dobiti potvrdu o stru\u010dnom usavr\u0161avanju. Potvrde \u0107e izdati Hrvatska udruga nastavnika povijesti.<\/p>\n\n\n\n<hr class=\"wp-block-separator\"\/>\n\n\n\n<p>Izvor:<\/p>\n\n\n\n<p><a href=\"https:\/\/www.facebook.com\/virtualnimuzejdotrscina\">https:\/\/www.facebook.com\/virtualnimuzejdotrscina<\/a><\/p>\n\n\n\n<hr class=\"wp-block-separator\"\/>\n","protected":false},"excerpt":{"rendered":"","protected":false},"author":2,"featured_media":38121,"comment_status":"open","ping_status":"open","sticky":false,"template":"","format":"standard","meta":{"_acf_changed":false,"jetpack_post_was_ever_published":false,"_jetpack_newsletter_access":"","_jetpack_dont_email_post_to_subs":false,"_jetpack_newsletter_tier_id":0,"_jetpack_memberships_contains_paywalled_content":false,"_jetpack_memberships_contains_paid_content":false,"footnotes":"","jetpack_publicize_message":"","jetpack_publicize_feature_enabled":true,"jetpack_social_post_already_shared":true,"jetpack_social_options":{"image_generator_settings":{"template":"highway","default_image_id":0,"font":"","enabled":false},"version":2}},"categories":[3],"tags":[],"class_list":["post-38120","post","type-post","status-publish","format-standard","has-post-thumbnail","hentry","category-novosti"],"acf":{"facebook_opis":""},"jetpack_publicize_connections":[],"jetpack_featured_media_url":"https:\/\/i0.wp.com\/historiografija.hr\/wp-content\/uploads\/2023\/11\/Roban.jpg?fit=2000%2C2000&ssl=1","jetpack_sharing_enabled":true,"jetpack-related-posts":[],"_links":{"self":[{"href":"https:\/\/historiografija.hr\/index.php?rest_route=\/wp\/v2\/posts\/38120","targetHints":{"allow":["GET"]}}],"collection":[{"href":"https:\/\/historiografija.hr\/index.php?rest_route=\/wp\/v2\/posts"}],"about":[{"href":"https:\/\/historiografija.hr\/index.php?rest_route=\/wp\/v2\/types\/post"}],"author":[{"embeddable":true,"href":"https:\/\/historiografija.hr\/index.php?rest_route=\/wp\/v2\/users\/2"}],"replies":[{"embeddable":true,"href":"https:\/\/historiografija.hr\/index.php?rest_route=%2Fwp%2Fv2%2Fcomments&post=38120"}],"version-history":[{"count":1,"href":"https:\/\/historiografija.hr\/index.php?rest_route=\/wp\/v2\/posts\/38120\/revisions"}],"predecessor-version":[{"id":38122,"href":"https:\/\/historiografija.hr\/index.php?rest_route=\/wp\/v2\/posts\/38120\/revisions\/38122"}],"wp:featuredmedia":[{"embeddable":true,"href":"https:\/\/historiografija.hr\/index.php?rest_route=\/wp\/v2\/media\/38121"}],"wp:attachment":[{"href":"https:\/\/historiografija.hr\/index.php?rest_route=%2Fwp%2Fv2%2Fmedia&parent=38120"}],"wp:term":[{"taxonomy":"category","embeddable":true,"href":"https:\/\/historiografija.hr\/index.php?rest_route=%2Fwp%2Fv2%2Fcategories&post=38120"},{"taxonomy":"post_tag","embeddable":true,"href":"https:\/\/historiografija.hr\/index.php?rest_route=%2Fwp%2Fv2%2Ftags&post=38120"}],"curies":[{"name":"wp","href":"https:\/\/api.w.org\/{rel}","templated":true}]}}