{"id":38116,"date":"2023-11-16T22:28:58","date_gmt":"2023-11-16T22:28:58","guid":{"rendered":"http:\/\/historiografija.hr\/?p=38116"},"modified":"2023-11-16T22:28:58","modified_gmt":"2023-11-16T22:28:58","slug":"konferencija-zene-fotografija-konflikt","status":"publish","type":"post","link":"https:\/\/historiografija.hr\/?p=38116","title":{"rendered":"Konferencija \u201e\u017dene, fotografija, konflikt\u201c"},"content":{"rendered":"\n<p><strong>\u010cetvrto izdanje me\u0111unarodne konferencije <a href=\"https:\/\/fastforward.photography\/our-projects\/conference4-croatia\/\">Fast Forward: Women in Photography<\/a> \u2013 \u017dENE, FOTOGRAFIJA, KONFLIKT \u2013 odr\u017eat \u0107e se 16. i 17. studenoga 2023. u Tehni\u010dkom muzeju Nikola Tesla.<\/strong><\/p>\n\n\n\n<p><strong>&gt;&gt;&gt; <a href=\"https:\/\/www.ipu.hr\/content\/info\/Zagreb_Fast_Forward_2023.jpg\">PLAKAT<\/a><\/strong><\/p>\n\n\n\n<p><strong>&gt;&gt;&gt; <a href=\"https:\/\/www.ipu.hr\/content\/info\/Zagreb_Fast_Forward_2023_Conference_final_programme.pdf\">PROGRAM<\/a><\/strong><\/p>\n\n\n\n<p><strong>&gt;&gt;&gt; <a href=\"https:\/\/www.ipu.hr\/content\/info\/Zagreb_Fast_Forward_2023_Screening_programme.pdf\">PROJEKCIJE<\/a><\/strong><\/p>\n\n\n\n<p>U izlaganjima \u0107e biti predstavljeni na\u010dini kako su fotografkinje djelovale u ratnim situacijama i drugim kriznim stanjima, \u0161to \u0107e omogu\u0107iti nova znanja unutar ovoga nedovoljno istra\u017eenog podru\u010dja.<\/p>\n\n\n\n<p>Budu\u0107i da je kr\u0161enje \u017eenskih ljudskih prava jedan od istaknutih aspekata koji dominiraju zonama sukoba, ova tema odjekuje mnogim realnostima s kojima se susre\u0107u (ili su se susretale) \u017eene u cijeloj regiji, uklju\u010duju\u0107i zemlje Ju\u017enog Kavkaza i Balkana. Tijekom godina, fotografkinje su bile aktivne u dokumentiranju kr\u0161enja ljudskih prava, zagovarale su \u017eene i inicirale stvarne promjene u podru\u010djima sukoba ili nakon sukoba. No, u suvremenoj historiografiji fotografije njihovi su doprinosi \u010desto izostavljeni. Rasprava o fotografiji sukoba gotovo se uvijek vrti oko \u017eestokih akcija ratne fotografije i u njoj sna\u017eno dominira tradicionalna mu\u0161ka perspektiva.<\/p>\n\n\n\n<p>POZVANE PREDAVA\u010cICE<\/p>\n\n\n\n<p><strong>Jananne Al-Ani i Susan Meiselas<\/strong><\/p>\n\n\n\n<p>SUDIONICE<\/p>\n\n\n\n<p><strong>Dana Ariel, Linda Bertelli &amp; Agnese Ghezzi, Nina Berman, Chantal Edie Tube, Melanie Friend, Leslie Hakim-Dowek, Sini Kaipainen, Leonida Kova\u010d, Sandra Kri\u017ei\u0107 Roban, Jenny Matthews, Nestan Nijaradze, Pippa Oldfield, Erica Payet, Una Popovi\u0107, Judy Price, Ros\u00e2ngela Renn\u00f3, Kateryna Rodchenko, Sandra Vitalji\u0107<\/strong><\/p>\n\n\n\n<p>Projekcija filmova <strong>Judy Price<\/strong>, <strong>Jananne Al-Ani<\/strong> i <strong>Susan Meiselas<\/strong> u kustoskom odabiru <strong>Marie Kapajeve<\/strong> odr\u017eat \u0107e se <strong>16. 11. 2023. u 18.00 sati u dvorani F22 <\/strong>Akademije dramske umjetnosti,Frankopanska 22.<\/p>\n\n\n\n<p>PROGRAM<\/p>\n\n\n\n<p><strong><em>Thursday, November 16<\/em><\/strong><\/p>\n\n\n\n<p>10:00 \u2013 10:30<br>Welcomes by <strong>Sandra Kri\u017ei\u0107 Roban<\/strong>, <strong>Nestan Nijaradze<\/strong> and <strong>Anna Fox<\/strong><\/p>\n\n\n\n<p>10:30 \u2013 11:30<br>Keynote by <strong>Jananne Al-Ani<\/strong><\/p>\n\n\n\n<p><strong>Theme One: Reassess<\/strong><\/p>\n\n\n\n<p>11:30 \u2013 12:00<br><strong>Kateryna Radchenko<\/strong><br>\u201cThe history of recovering after and during the conflict. Photography as a method of reflection and rehabilitation\u201d<\/p>\n\n\n\n<p>12:00 \u2013 12:30<br><strong>Una Popovi\u0107<\/strong><br>\u201cExperience in the Crowd: Goranka Mati\u0107 photography\u201d<\/p>\n\n\n\n<p>12:30 \u2013 13:00<br><strong>Nina Berman<\/strong><br>\u201cDressed Up, Stripped Down: Media Depictions of Conflict Rape\u201d<\/p>\n\n\n\n<p>13:00 \u2013 13:30<br><strong>Leonida Kova\u010d<\/strong><br>\u201cThe Photographic Intersections\u201d<\/p>\n\n\n\n<p>13:30 \u2013 14:30<br>Lunch break<\/p>\n\n\n\n<p><strong>Theme Two: Reveal<\/strong><\/p>\n\n\n\n<p>14:30 \u2013 15:00<br><strong>Chantal Edie Ntube<\/strong><br>\u201cGender-based violence during civil wars. How do women photographers reshape our understanding of conflict?\u201d<\/p>\n\n\n\n<p>15:00 \u2013 15:30<br><strong>Melanie Friend<\/strong><br>\u201cBehind the battlefields\u201d<\/p>\n\n\n\n<p>15:30 \u2013 15:50<br><strong>Dana Ariel<\/strong><br>\u201cPunctuated Land: Conflict in Landscape and Language\u201d<\/p>\n\n\n\n<p>15:50 \u2013 16:10<br><strong>Leslie Hakim-Dowek<\/strong><br>\u201cErasures in an Imagined Geography\u201d<\/p>\n\n\n\n<p>16:10 \u2013 16:30<br><strong>Judy Rabinowitz Price<\/strong><br>\u201cQuarries of Wandering Form\u201d<br>Q&amp;A Panel with Dana Ariel, Leslie Hakim-Dowek and Judy Rabinowitz Price<\/p>\n\n\n\n<p>17:30 \u2013 19:00<br>Screening of the video works by Judy Price, Jananne Al-Ani and Susan Meiselas, Scena F22 Akademije dramske umjetnosti, Frankopanska 22<\/p>\n\n\n\n<p><strong><em>Friday, November 17<\/em><\/strong><\/p>\n\n\n\n<p>10:00 \u2013 10:05<br>Introduction to the Day Two<\/p>\n\n\n\n<p><strong>Theme Three: Approach<\/strong><\/p>\n\n\n\n<p>10:05 \u2013 10:35<br><strong>Sini Kaipainen<\/strong><br>\u201cA Conflict Photojournalist as a Celebrity-feminist: A Close Reading on Lynsey Addario\u2019s Instagram Profile as Digital Memoir\u201d<\/p>\n\n\n\n<p>10:35 \u2013 11:05<br><strong>Erica Payet<\/strong><br>\u201cThe work of women photojournalists in the First Gulf War (1990-91)\u201d<\/p>\n\n\n\n<p>11:05 \u2013 11:35<br><strong>Jenny Matthews<\/strong><br>\u201cThreads of war\u201d<\/p>\n\n\n\n<p>11:35 \u2013 12:05<br><strong>Sandra Vitalji\u0107<\/strong><br>\u201cExhibiting the war\u201d<\/p>\n\n\n\n<p>12:05 \u2013 12:35<br><strong>Ros\u00e2ngela Renn\u00f3<\/strong><br>\u201cGood Apples | Bad Apples\u201d<\/p>\n\n\n\n<p>12:35 \u2013 13:30<br>Lunch break<\/p>\n\n\n\n<p>13:30 \u2013 14:30<br>Key Note by <strong>Susan Meiselas <\/strong>in conversation with Jenny Matthews and Anna Fox<\/p>\n\n\n\n<p><strong>Theme Four: Herstory<\/strong><\/p>\n\n\n\n<p>14:30 \u2013 15:00<br><strong>Linda Bertell, Agnese Ghezzi<\/strong><br>\u201cDeconstructing Gerda Taro: Possibilities of a Tradition Beyond the Canon in Women Photojournalism\u201d<\/p>\n\n\n\n<p>15:00 \u2013 15:30<br><strong>Sandra Kri\u017ei\u0107 Roban<\/strong><br>\u201cInstead of taking \u2018forensic pictures\u2019, to heal through photography. Women documenting wars and their aftermaths\u201d<\/p>\n\n\n\n<p>15:30 \u2013 16:00<br><strong>Nestan Nijaradze<\/strong><br>\u201cFirst World War in the Lens of the Georgian Woman War reporter\u201d<\/p>\n\n\n\n<p>16:00 \u2013 16:30<br><strong>Pippa Oldfield<\/strong><br>\u201cBeyond Bystanders: Women Photographers in the Mexican Revolution (1910\u20141920)\u201d<\/p>\n\n\n\n<p>16:30 \u2013 17:00<br>Key observations by the conference committee: Nestan Nijaradze, Sandra Kri\u017ei\u0107 Roban, Anna Fox and Maria Kapajeva<\/p>\n\n\n\n<p>17:30 \u2013 19:00<br>A guided tour by Sandra Kri\u017ei\u0107 Roban to an exhibition \u201cFloodlit Room \u2013 Women&#8217;s Photographic Practice in Croatia\u201d at two venues: Nikola Tesla Technical Museum and Ethnographic Museum (Address: 14 Ivan Ma\u017eurani\u0107 Square, 10 mins walk)<\/p>\n\n\n\n<p>&#8211;<br>Sva izlaganja su na engleskom jeziku.<\/p>\n\n\n\n<p>&#8211;<br><a href=\"https:\/\/fastforward.photography\/mothership\/wp-content\/uploads\/2023\/11\/FF-Conference4-Final-programme-FOR-WEB.pdf\" target=\"_blank\" rel=\"noreferrer noopener\">Biografije sudionica konferencije i sa\u017eeci njihovih izlaganja<\/a> dostupni su u online programu na web stranici <a href=\"http:\/\/www.fastforward.photography\/our-projects\/conference4-croatia\/\" target=\"_blank\" rel=\"noreferrer noopener\">Fast Forward<\/a>.<\/p>\n\n\n\n<p>&#8211;<br>Konferenciju sazivaju Anna Fox (UCA) i Maria Kapajeva (UCA\/EKA), Val Williams (LCC\/UAL), Nestan Nijaradze (Tbilisi Photo Festival) i Sandra Kri\u017ei\u0107 Roban (Institut za povijest umjetnosti, Zagreb). Partneri \u010detvrtog izdanja Fast Forward konferencije su Tbilisi Photo Festival, University for the Creative Arts (UCA) i London College of Communication (LCC) pri University of the Arts London (UAL). Konferenciju je podr\u017eao University for the Creative Arts. Konferencija je realizirana sredstvima Ministarstva kulture i medija Republike Hrvatske i Ministarstva znanosti i obrazovanja Republike Hrvatske.<\/p>\n\n\n\n<p>ORGANIZACIJA KONFERENCIJE<\/p>\n\n\n\n<p>Institut za povijest umjetnosti (Ana \u0106uri\u0107)<br>Tehni\u010dki muzej Nikola Tesla<br>Umjetni\u010dki paviljon u Zagrebu<br>Akademija dramske umjetnosti<\/p>\n\n\n\n<hr class=\"wp-block-separator\"\/>\n\n\n\n<p>Izvor:<\/p>\n\n\n\n<p><a href=\"https:\/\/www.ipu.hr\/article\/hr\/1575\/zene-fotografija-konflikt\">https:\/\/www.ipu.hr\/article\/hr\/1575\/zene-fotografija-konflikt<\/a><\/p>\n\n\n\n<hr class=\"wp-block-separator\"\/>\n","protected":false},"excerpt":{"rendered":"","protected":false},"author":2,"featured_media":38117,"comment_status":"open","ping_status":"open","sticky":false,"template":"","format":"standard","meta":{"_acf_changed":false,"jetpack_post_was_ever_published":false,"_jetpack_newsletter_access":"","_jetpack_dont_email_post_to_subs":false,"_jetpack_newsletter_tier_id":0,"_jetpack_memberships_contains_paywalled_content":false,"_jetpack_memberships_contains_paid_content":false,"footnotes":"","jetpack_publicize_message":"","jetpack_publicize_feature_enabled":true,"jetpack_social_post_already_shared":true,"jetpack_social_options":{"image_generator_settings":{"template":"highway","default_image_id":0,"font":"","enabled":false},"version":2}},"categories":[3,9],"tags":[],"class_list":["post-38116","post","type-post","status-publish","format-standard","has-post-thumbnail","hentry","category-novosti","category-skupovi"],"acf":{"facebook_opis":""},"jetpack_publicize_connections":[],"jetpack_featured_media_url":"https:\/\/i0.wp.com\/historiografija.hr\/wp-content\/uploads\/2023\/11\/zagreb-fast-forward-2023.jpg?fit=1438%2C899&ssl=1","jetpack_sharing_enabled":true,"jetpack-related-posts":[{"id":52619,"url":"https:\/\/historiografija.hr\/?p=52619","url_meta":{"origin":38116,"position":0},"title":"Predavanje \u0110ur\u0111ice Vitkovi\u0107 &#8220;Izme\u0111u pera i objektiva: Zagorka i Foto Tonka&#8221;","author":"Branimir Jankovi\u0107","date":"23. travnja 2026.","format":false,"excerpt":"Memorijalni stan Marije Juri\u0107 Zagorke poziva Vas na predavanje \u0110ur\u0111ice Vitkovi\u0107 \u201eIzme\u0111u pera i objektiva: Zagorka i Foto Tonka\u201c koje \u0107e se odr\u017eati u utorak, 28. travnja 2026. s po\u010detkom u 18 h u sklopu Ciklusa predavanja u Memorijalnom stanu Marije Juri\u0107 Zagorke. Kako su se susrele knji\u017eevnost i fotografija\u2026","rel":"","context":"U &quot;Novosti&quot;","block_context":{"text":"Novosti","link":"https:\/\/historiografija.hr\/?cat=3"},"img":{"alt_text":"","src":"https:\/\/i0.wp.com\/historiografija.hr\/wp-content\/uploads\/2024\/11\/Zagorka_ciklus.jpg?fit=1200%2C1006&ssl=1&resize=350%2C200","width":350,"height":200,"srcset":"https:\/\/i0.wp.com\/historiografija.hr\/wp-content\/uploads\/2024\/11\/Zagorka_ciklus.jpg?fit=1200%2C1006&ssl=1&resize=350%2C200 1x, https:\/\/i0.wp.com\/historiografija.hr\/wp-content\/uploads\/2024\/11\/Zagorka_ciklus.jpg?fit=1200%2C1006&ssl=1&resize=525%2C300 1.5x, https:\/\/i0.wp.com\/historiografija.hr\/wp-content\/uploads\/2024\/11\/Zagorka_ciklus.jpg?fit=1200%2C1006&ssl=1&resize=700%2C400 2x, https:\/\/i0.wp.com\/historiografija.hr\/wp-content\/uploads\/2024\/11\/Zagorka_ciklus.jpg?fit=1200%2C1006&ssl=1&resize=1050%2C600 3x"},"classes":[]},{"id":52148,"url":"https:\/\/historiografija.hr\/?p=52148","url_meta":{"origin":38116,"position":1},"title":"Poziv za prijavu na me\u0111unarodnu znanstvenu konferenciju \u201eGranice (ne)slobode: Zadarski krug 1966. Intelektualna opozicija u totalitarnom dru\u0161tvu\u201c","author":"Branimir Jankovi\u0107","date":"27. o\u017eujka 2026.","format":false,"excerpt":"\u00a0\u00a0\u00a0\u00a0 Povodom \u0161ezdesete obljetnice poku\u0161aja osnivanja \u010dasopisa Slobodan glas u Zadru 1966. godine, pozivamo vas na znanstvenu konferenciju posve\u0107enu istra\u017eivanju disidentstva, intelektualne opozicije i granica divergentnog mi\u0161ljenja nasuprot slu\u017ebenoj ideologiji u komunisti\u010dkoj Jugoslaviji. Ideja konferencije je analizirati konkretan fenomen zadarskog slu\u010daja razloge i okolnosti njegove pojave, ali uz otvaranje komparativnih\u2026","rel":"","context":"U &quot;Novosti&quot;","block_context":{"text":"Novosti","link":"https:\/\/historiografija.hr\/?cat=3"},"img":{"alt_text":"","src":"https:\/\/i0.wp.com\/historiografija.hr\/wp-content\/uploads\/2026\/03\/Poziv-konferencija-Zadar.jpg?fit=1200%2C509&ssl=1&resize=350%2C200","width":350,"height":200,"srcset":"https:\/\/i0.wp.com\/historiografija.hr\/wp-content\/uploads\/2026\/03\/Poziv-konferencija-Zadar.jpg?fit=1200%2C509&ssl=1&resize=350%2C200 1x, https:\/\/i0.wp.com\/historiografija.hr\/wp-content\/uploads\/2026\/03\/Poziv-konferencija-Zadar.jpg?fit=1200%2C509&ssl=1&resize=525%2C300 1.5x, https:\/\/i0.wp.com\/historiografija.hr\/wp-content\/uploads\/2026\/03\/Poziv-konferencija-Zadar.jpg?fit=1200%2C509&ssl=1&resize=700%2C400 2x, https:\/\/i0.wp.com\/historiografija.hr\/wp-content\/uploads\/2026\/03\/Poziv-konferencija-Zadar.jpg?fit=1200%2C509&ssl=1&resize=1050%2C600 3x"},"classes":[]},{"id":52573,"url":"https:\/\/historiografija.hr\/?p=52573","url_meta":{"origin":38116,"position":2},"title":"Znanstvena konferencija &#8220;Filozofija odgoja: povijest, praksa, perspektive&#8221;","author":"Branimir Jankovi\u0107","date":"21. travnja 2026.","format":false,"excerpt":"Znanstvena konferencija \"Filozofija odgoja: povijest, praksa, perspektive\" odr\u017eat \u0107e se 23. i 24. travnja 2026. u Konferencijskoj dvorani Knji\u017enice Filozofskog fakulteta u Zagrebu (2. kat).\u00a0Konferencija je organizirana u okviru projekta\u00a0SUMKOS (voditeljica prof. dr. sc. Ivana Zagorac, financiran\u00a0sredstvima NextGenerationEU), uz potporu Odsjeka za filozofiju.\u00a0 Uz izlaga\u010dki dio, konferencija obuhva\u0107a i izlo\u017ebu\u2026","rel":"","context":"U &quot;Novosti&quot;","block_context":{"text":"Novosti","link":"https:\/\/historiografija.hr\/?cat=3"},"img":{"alt_text":"","src":"","width":0,"height":0},"classes":[]},{"id":52539,"url":"https:\/\/historiografija.hr\/?p=52539","url_meta":{"origin":38116,"position":3},"title":"Drugi po redu studentski simpozij &#8220;In fonte veritas&#8221;","author":"Branimir Jankovi\u0107","date":"20. travnja 2026.","format":false,"excerpt":"U srijedu, 22. travnja 2026. godine, u dvorani C 0.4 na Hrvatskom katoli\u010dkom sveu\u010dili\u0161tu odr\u017eat \u0107e se drugi studentski simpozij \u201eIn fonte veritas\". Ovogodi\u0161nja sredi\u0161nja tema simpozija je Papinstvo. Kroz istra\u017eiva\u010dko suo\u010davanje s povijesnim izvorima deset \u0107e studenata predstaviti rezultate svojih istra\u017eivanja o instituciji koja je stolje\u0107ima oblikovala europsku i\u2026","rel":"","context":"U &quot;Novosti&quot;","block_context":{"text":"Novosti","link":"https:\/\/historiografija.hr\/?cat=3"},"img":{"alt_text":"","src":"https:\/\/i0.wp.com\/historiografija.hr\/wp-content\/uploads\/2026\/04\/Papinstvo.png?fit=1024%2C500&ssl=1&resize=350%2C200","width":350,"height":200,"srcset":"https:\/\/i0.wp.com\/historiografija.hr\/wp-content\/uploads\/2026\/04\/Papinstvo.png?fit=1024%2C500&ssl=1&resize=350%2C200 1x, https:\/\/i0.wp.com\/historiografija.hr\/wp-content\/uploads\/2026\/04\/Papinstvo.png?fit=1024%2C500&ssl=1&resize=525%2C300 1.5x, https:\/\/i0.wp.com\/historiografija.hr\/wp-content\/uploads\/2026\/04\/Papinstvo.png?fit=1024%2C500&ssl=1&resize=700%2C400 2x"},"classes":[]},{"id":52543,"url":"https:\/\/historiografija.hr\/?p=52543","url_meta":{"origin":38116,"position":4},"title":"Znanstveno-stru\u010dni skup \u201eOto\u010dne pu\u010dke pobo\u017enosti: kontinuiteti i transformacije\u201c","author":"Branimir Jankovi\u0107","date":"20. travnja 2026.","format":false,"excerpt":"Najavljujemo\u00a0znanstveno-stru\u010dni skup \u201eOto\u010dne pu\u010dke pobo\u017enosti: kontinuiteti i transformacije\u201c,\u00a0koji \u0107e se odr\u017eati\u00a0u Rabu od 24. do 26. travnja 2026.,\u00a0u organizaciji i uz potporu\u00a0Instituta za etnologiju i folkloristiku, Zagreb, \u00a0Grada Raba, Pu\u010dkog otvorenog u\u010dili\u0161ta Rab i Centra za istra\u017eivanje srednjovjekovne ba\u0161tine Jadrana RIMAH. Skup okuplja vode\u0107e doma\u0107e stru\u010dnjake koji \u0107e kroz niz\u2026","rel":"","context":"U &quot;Novosti&quot;","block_context":{"text":"Novosti","link":"https:\/\/historiografija.hr\/?cat=3"},"img":{"alt_text":"","src":"https:\/\/i0.wp.com\/historiografija.hr\/wp-content\/uploads\/2026\/04\/Skup_Rab.jpg?fit=848%2C1200&ssl=1&resize=350%2C200","width":350,"height":200,"srcset":"https:\/\/i0.wp.com\/historiografija.hr\/wp-content\/uploads\/2026\/04\/Skup_Rab.jpg?fit=848%2C1200&ssl=1&resize=350%2C200 1x, https:\/\/i0.wp.com\/historiografija.hr\/wp-content\/uploads\/2026\/04\/Skup_Rab.jpg?fit=848%2C1200&ssl=1&resize=525%2C300 1.5x, https:\/\/i0.wp.com\/historiografija.hr\/wp-content\/uploads\/2026\/04\/Skup_Rab.jpg?fit=848%2C1200&ssl=1&resize=700%2C400 2x"},"classes":[]},{"id":52578,"url":"https:\/\/historiografija.hr\/?p=52578","url_meta":{"origin":38116,"position":5},"title":"Poziv za sudjelovanje: XXII. Dani Julija Bene\u0161i\u0107a u Iloku","author":"Branimir Jankovi\u0107","date":"21. travnja 2026.","format":false,"excerpt":"Zavod za lingvisti\u010dka istra\u017eivanja Hrvatske akademije znanosti i umjetnosti, zajedno s Muzejom grada Iloka, organizira XXII. Dane Julija Bene\u0161i\u0107a, koji \u0107e se odr\u017eati od 28. do 30. listopada 2026. u Iloku.\u00a0Teme ovogodi\u0161njih Dana podijeljene su u dvije cjeline: Knji\u017eevno-jezikoslovni d\u00ecv\u0101n s Bene\u0161i\u0107em te Ilok i Srijem u povijesnim stalnicama i\u2026","rel":"","context":"U &quot;Novosti&quot;","block_context":{"text":"Novosti","link":"https:\/\/historiografija.hr\/?cat=3"},"img":{"alt_text":"","src":"https:\/\/i0.wp.com\/historiografija.hr\/wp-content\/uploads\/2019\/10\/HE2_Benesic.jpg?fit=413%2C591&ssl=1&resize=350%2C200","width":350,"height":200},"classes":[]}],"_links":{"self":[{"href":"https:\/\/historiografija.hr\/index.php?rest_route=\/wp\/v2\/posts\/38116","targetHints":{"allow":["GET"]}}],"collection":[{"href":"https:\/\/historiografija.hr\/index.php?rest_route=\/wp\/v2\/posts"}],"about":[{"href":"https:\/\/historiografija.hr\/index.php?rest_route=\/wp\/v2\/types\/post"}],"author":[{"embeddable":true,"href":"https:\/\/historiografija.hr\/index.php?rest_route=\/wp\/v2\/users\/2"}],"replies":[{"embeddable":true,"href":"https:\/\/historiografija.hr\/index.php?rest_route=%2Fwp%2Fv2%2Fcomments&post=38116"}],"version-history":[{"count":1,"href":"https:\/\/historiografija.hr\/index.php?rest_route=\/wp\/v2\/posts\/38116\/revisions"}],"predecessor-version":[{"id":38118,"href":"https:\/\/historiografija.hr\/index.php?rest_route=\/wp\/v2\/posts\/38116\/revisions\/38118"}],"wp:featuredmedia":[{"embeddable":true,"href":"https:\/\/historiografija.hr\/index.php?rest_route=\/wp\/v2\/media\/38117"}],"wp:attachment":[{"href":"https:\/\/historiografija.hr\/index.php?rest_route=%2Fwp%2Fv2%2Fmedia&parent=38116"}],"wp:term":[{"taxonomy":"category","embeddable":true,"href":"https:\/\/historiografija.hr\/index.php?rest_route=%2Fwp%2Fv2%2Fcategories&post=38116"},{"taxonomy":"post_tag","embeddable":true,"href":"https:\/\/historiografija.hr\/index.php?rest_route=%2Fwp%2Fv2%2Ftags&post=38116"}],"curies":[{"name":"wp","href":"https:\/\/api.w.org\/{rel}","templated":true}]}}