{"id":38106,"date":"2023-11-16T22:11:09","date_gmt":"2023-11-16T22:11:09","guid":{"rendered":"http:\/\/historiografija.hr\/?p=38106"},"modified":"2023-11-16T22:12:21","modified_gmt":"2023-11-16T22:12:21","slug":"znanstveni-skup-kulturne-orijentacije-i-politicke-kulture-umjetnicke-inteligencije-u-hrvatskoj-i-jugoslaviji-od-1952-do-1967-godine-desnicini-susreti-2023","status":"publish","type":"post","link":"https:\/\/historiografija.hr\/?p=38106","title":{"rendered":"Znanstveni skup \u201dKulturne orijentacije i politi\u010dke kulture umjetni\u010dke inteligencije u Hrvatskoj i Jugoslaviji od 1952. do 1967. godine\u201d \u2013 Desni\u010dini susreti 2023."},"content":{"rendered":"\n<p>\u201eDesni\u010dini susreti 2023.\u201c, u organizaciji fakultetskog Centra za komparativnohistorijske i interkulturne studije i Srpskog kulturnog dru\u0161tva Prosvjeta, najavljuju znanstveni skup \u201e<strong>Kulturne orijentacije i politi\u010dke kulture umjetni\u010dke inteligencije u Hrvatskoj i Jugoslaviji od 1952. do 1967. godine<\/strong>\u201c, koji \u0107e se odr\u017eati<strong> 23. i 24. studenog<\/strong> t.g., s po\u010detkom u \u010detvrtak, 23. studenoga, u 14.00 sati, u Vije\u0107nici Filozofskog fakulteta Sveu\u010dili\u0161ta u Zagrebu s mogu\u0107no\u0161\u0107u online uklju\u010divanja.<\/p>\n\n\n\n<p><a href=\"https:\/\/web2020.ffzg.unizg.hr\/wp-content\/uploads\/2023\/11\/Desnicini-susreti-2023-programska-knji\u017eica-final.pdf\">Programska knji\u017eica<\/a><\/p>\n\n\n\n<hr class=\"wp-block-separator\"\/>\n\n\n\n<p>Izvor i dodatni materijali:<\/p>\n\n\n\n<figure class=\"wp-block-embed-wordpress wp-block-embed is-type-wp-embed is-provider-filozofski-fakultet-sveucilista-u-zagrebu\"><div class=\"wp-block-embed__wrapper\">\n<blockquote class=\"wp-embedded-content\" data-secret=\"qsf5YgGsHP\"><a href=\"https:\/\/web2020.ffzg.unizg.hr\/blog\/2023\/11\/15\/znanstveni-skupa-kulturne-orijentacije-i-politicke-kulture-umjetnicke-inteligencije-u-hrvatskoj-i-jugoslaviji-od-1952-do-1967-godine-desnicini-susreti-2023\/\">Znanstveni skup &#8221;Kulturne orijentacije i politi\u010dke kulture umjetni\u010dke inteligencije u Hrvatskoj i Jugoslaviji od 1952. do 1967. godine&#8221; &#8211; Desni\u010dini susreti 2023.<\/a><\/blockquote><iframe loading=\"lazy\" class=\"wp-embedded-content\" sandbox=\"allow-scripts\" security=\"restricted\" style=\"position: absolute; clip: rect(1px, 1px, 1px, 1px);\" title=\"&#8220;Znanstveni skup &#8221;Kulturne orijentacije i politi\u010dke kulture umjetni\u010dke inteligencije u Hrvatskoj i Jugoslaviji od 1952. do 1967. godine&#8221; &#8211; Desni\u010dini susreti 2023.&#8221; &#8212; Filozofski fakultet Sveu\u010dili\u0161ta u Zagrebu\" src=\"https:\/\/web2020.ffzg.unizg.hr\/blog\/2023\/11\/15\/znanstveni-skupa-kulturne-orijentacije-i-politicke-kulture-umjetnicke-inteligencije-u-hrvatskoj-i-jugoslaviji-od-1952-do-1967-godine-desnicini-susreti-2023\/embed\/#?secret=qsf5YgGsHP\" data-secret=\"qsf5YgGsHP\" width=\"600\" height=\"338\" frameborder=\"0\" marginwidth=\"0\" marginheight=\"0\" scrolling=\"no\"><\/iframe>\n<\/div><\/figure>\n\n\n\n<hr class=\"wp-block-separator\"\/>\n\n\n\n<p><a href=\"http:\/\/ckhis.ffzg.unizg.hr\/hr\/istrazivanja\/programi\/program-drustveno-humanistickih-i-kulturoloskih-istrazivanja-desnicini-susreti\/znanstveni-skupovi\/desnicini-susreti-2023\/\">http:\/\/ckhis.ffzg.unizg.hr\/hr\/istrazivanja\/programi\/program-drustveno-humanistickih-i-kulturoloskih-istrazivanja-desnicini-susreti\/znanstveni-skupovi\/desnicini-susreti-2023\/<\/a><\/p>\n\n\n\n<hr class=\"wp-block-separator\"\/>\n","protected":false},"excerpt":{"rendered":"","protected":false},"author":2,"featured_media":38107,"comment_status":"open","ping_status":"open","sticky":false,"template":"","format":"standard","meta":{"_acf_changed":false,"jetpack_post_was_ever_published":false,"_jetpack_newsletter_access":"","_jetpack_dont_email_post_to_subs":false,"_jetpack_newsletter_tier_id":0,"_jetpack_memberships_contains_paywalled_content":false,"_jetpack_memberships_contains_paid_content":false,"footnotes":"","jetpack_publicize_message":"","jetpack_publicize_feature_enabled":true,"jetpack_social_post_already_shared":true,"jetpack_social_options":{"image_generator_settings":{"template":"highway","default_image_id":0,"font":"","enabled":false},"version":2}},"categories":[3,9],"tags":[],"class_list":["post-38106","post","type-post","status-publish","format-standard","has-post-thumbnail","hentry","category-novosti","category-skupovi"],"acf":{"facebook_opis":""},"jetpack_publicize_connections":[],"jetpack_featured_media_url":"https:\/\/i0.wp.com\/historiografija.hr\/wp-content\/uploads\/2023\/11\/Desnic%CC%8Cini-susreti-2023.png?fit=1240%2C1754&ssl=1","jetpack_sharing_enabled":true,"jetpack-related-posts":[],"_links":{"self":[{"href":"https:\/\/historiografija.hr\/index.php?rest_route=\/wp\/v2\/posts\/38106","targetHints":{"allow":["GET"]}}],"collection":[{"href":"https:\/\/historiografija.hr\/index.php?rest_route=\/wp\/v2\/posts"}],"about":[{"href":"https:\/\/historiografija.hr\/index.php?rest_route=\/wp\/v2\/types\/post"}],"author":[{"embeddable":true,"href":"https:\/\/historiografija.hr\/index.php?rest_route=\/wp\/v2\/users\/2"}],"replies":[{"embeddable":true,"href":"https:\/\/historiografija.hr\/index.php?rest_route=%2Fwp%2Fv2%2Fcomments&post=38106"}],"version-history":[{"count":2,"href":"https:\/\/historiografija.hr\/index.php?rest_route=\/wp\/v2\/posts\/38106\/revisions"}],"predecessor-version":[{"id":38109,"href":"https:\/\/historiografija.hr\/index.php?rest_route=\/wp\/v2\/posts\/38106\/revisions\/38109"}],"wp:featuredmedia":[{"embeddable":true,"href":"https:\/\/historiografija.hr\/index.php?rest_route=\/wp\/v2\/media\/38107"}],"wp:attachment":[{"href":"https:\/\/historiografija.hr\/index.php?rest_route=%2Fwp%2Fv2%2Fmedia&parent=38106"}],"wp:term":[{"taxonomy":"category","embeddable":true,"href":"https:\/\/historiografija.hr\/index.php?rest_route=%2Fwp%2Fv2%2Fcategories&post=38106"},{"taxonomy":"post_tag","embeddable":true,"href":"https:\/\/historiografija.hr\/index.php?rest_route=%2Fwp%2Fv2%2Ftags&post=38106"}],"curies":[{"name":"wp","href":"https:\/\/api.w.org\/{rel}","templated":true}]}}