{"id":38085,"date":"2023-11-15T20:10:57","date_gmt":"2023-11-15T20:10:57","guid":{"rendered":"http:\/\/historiografija.hr\/?p=38085"},"modified":"2023-11-15T20:10:57","modified_gmt":"2023-11-15T20:10:57","slug":"andrea-matosevic-kolos-jadrana-industrijski-film-i-brodogradiliste-uljanik-u-drugoj-polovici-xx-stoljeca","status":"publish","type":"post","link":"https:\/\/historiografija.hr\/?p=38085","title":{"rendered":"Andrea Mato\u0161evi\u0107, \u201eKolos Jadrana. Industrijski film i brodogradili\u0161te Uljanik u drugoj polovici XX. stolje\u0107a\u201c"},"content":{"rendered":"\n<p>Kroz niz dokumentarnih filmova, filmskih novosti i emisija smje\u0161tenih pod sintagmu \u2013 industrijski film \u2013 i produciranih u luku od neposrednog pora\u0107a do dana\u0161njih dana, u knjizi se poglavito analiziraju politika i poetika uradaka snimljenih u brodogradili\u0161tu Uljanik. Kao jedno od najve\u0107ih jadranskih brodogradili\u0161ta sa svjetskim renomeom, ono je nerijetko bilo podlo\u017eno filmskoj pa\u017enji autora poput Hrvoja Sari\u0107a, Mladena Femana, Aleksandra Aran\u0111elovi\u0107a, Branka Bauera, Darka Vizeka, Branka Knezocija, Andreja Korovljeva itd. koji su dinamike, doga\u0111aje i procese tipi\u010dne za brodogradnju bilje\u017eili shodno vremenu u kojem su snimali, ali i radnim uvjetima koje su zaticali u &#8220;gradu unutar grada&#8221;. Njihova djela \u010dine svojevrstan, do sada u &#8220;filmskome gradu&#8221; slabo poznat, arhipelag kojim dominiraju teme poput radnih i tehni\u010dkih uspjeha, visoke politike, generiranja znanja, samoupravljanja, povezivanja me\u0111u brodogradili\u0161tima, ali i dekadencije radnih uvjeta. Komparativan pristup u knjizi \u2013 s industrijskim filmom u ostalim miljeima, ali i brodogradili\u0161nim filmom u ostalim zemljama \u2013 ukazuje na niz specifi\u010dnosti uradaka snimljenih u Puli.<\/p>\n\n\n\n<hr class=\"wp-block-separator\"\/>\n\n\n\n<p>Monografija<strong><em> Kolos Jadrana: Industrijski film i brodogradili\u0161te Uljanik u drugoj polovici XX. stolje\u0107a<\/em><\/strong> originalan je i a\u017euriran doprinos te pru\u017ea inovativno razumijevanje uloge brodogradnje i industrijskog filma u izgradnji lokalnih i globalnih imaginarija gospodarskog razvoja i povijesne modernosti kroz dvadeseto stolje\u0107e. Sukladno uredni\u010dkim odlukama i fokusom autora analiziranih filmova, brodovi postaju ozna\u010ditelji razli\u010ditih politi\u010dkih i kulturolo\u0161kih poruka. Mato\u0161evi\u0107evo dubinsko poznavanje studije slu\u010daja Uljanik i podrobna usredoto\u010denost na poetiku ovih filmova, knjigu \u010dini impresivnom i kod \u010ditatelja budi \u017eelju da dokumentarne filmove pogleda u cijelosti. (<em>iz recenzije<\/em> Chiara Bonfigioli, Universita Ca Foscari Venenezia)<\/p>\n\n\n\n<p>Antropolo\u0161ki pristup u knjizi ozna\u010den je ispitivanjem u filmskom mediju prikazanih odnosa \u0161ireg brodogradili\u0161nog konteksta koji uklju\u010duje visoku politiku, integrativne procese izme\u0111u vi\u0161e brodogradili\u0161ta, odnos izme\u0111u Uljanika i grada, radni\u010dku kulturu rada i proizvodnju kulture, simboli\u010dke i fizi\u010dke metamorfoze brodova, tehnolo\u0161ke pomake, kao i pauperizaciju rada i radnih uvjeta. Industrijski film preuzima ulogu dokumenta o brodogradnji i brodogradili\u0161tu Uljanik\u2026 (<em>iz recenzije<\/em> Sanja Puljar D Alessio, Filozofski fakultet Sveu\u010dili\u0161ta u Rijeci)<\/p>\n\n\n\n<p><strong><em>Stvaranje broda u prvom je redu \u2013 stvaranje reda. <\/em><\/strong>(Iz filma <em>Berge Istra<\/em>, Frano Vodopivec, 1973)<\/p>\n\n\n\n<hr class=\"wp-block-separator\"\/>\n\n\n\n<p>Izvori:<\/p>\n\n\n\n<p><a href=\"https:\/\/www.unipu.hr\/ckpis\/cekapisarnica\">https:\/\/www.unipu.hr\/ckpis\/cekapisarnica<\/a><\/p>\n\n\n\n<figure class=\"wp-block-embed-wordpress wp-block-embed is-type-wp-embed is-provider-srednja-europa\"><div class=\"wp-block-embed__wrapper\">\n<blockquote class=\"wp-embedded-content\" data-secret=\"a3obmFvW6Z\"><a href=\"https:\/\/srednja-europa.hr\/proizvod\/kolos-jadrana\/\">Kolos Jadrana<\/a><\/blockquote><iframe loading=\"lazy\" class=\"wp-embedded-content\" sandbox=\"allow-scripts\" security=\"restricted\" style=\"position: absolute; clip: rect(1px, 1px, 1px, 1px);\" title=\"&#8220;Kolos Jadrana&#8221; &#8212; Srednja Europa\" src=\"https:\/\/srednja-europa.hr\/proizvod\/kolos-jadrana\/embed\/#?secret=a3obmFvW6Z\" data-secret=\"a3obmFvW6Z\" width=\"600\" height=\"338\" frameborder=\"0\" marginwidth=\"0\" marginheight=\"0\" scrolling=\"no\"><\/iframe>\n<\/div><\/figure>\n\n\n\n<hr class=\"wp-block-separator\"\/>\n\n\n\n<p>Obavijest o izlasku knjige objavljena je i na portalu <strong>Historiografija.ba<\/strong>:<\/p>\n\n\n\n<p><a href=\"https:\/\/historiografija.ba\/article.php?id=2026\">https:\/\/historiografija.ba\/article.php?id=2026<\/a><\/p>\n\n\n\n<hr class=\"wp-block-separator\"\/>\n","protected":false},"excerpt":{"rendered":"","protected":false},"author":2,"featured_media":38086,"comment_status":"open","ping_status":"open","sticky":false,"template":"","format":"standard","meta":{"_acf_changed":false,"jetpack_post_was_ever_published":false,"_jetpack_newsletter_access":"","_jetpack_dont_email_post_to_subs":false,"_jetpack_newsletter_tier_id":0,"_jetpack_memberships_contains_paywalled_content":false,"_jetpack_memberships_contains_paid_content":false,"footnotes":"","jetpack_publicize_message":"","jetpack_publicize_feature_enabled":true,"jetpack_social_post_already_shared":true,"jetpack_social_options":{"image_generator_settings":{"template":"highway","default_image_id":0,"font":"","enabled":false},"version":2}},"categories":[8,3],"tags":[],"class_list":["post-38085","post","type-post","status-publish","format-standard","has-post-thumbnail","hentry","category-knjige","category-novosti"],"acf":{"facebook_opis":""},"jetpack_publicize_connections":[],"jetpack_featured_media_url":"https:\/\/i0.wp.com\/historiografija.hr\/wp-content\/uploads\/2023\/11\/Mato%C5%A1evi%C4%87.jpg?fit=750%2C1042&ssl=1","jetpack_sharing_enabled":true,"jetpack-related-posts":[],"_links":{"self":[{"href":"https:\/\/historiografija.hr\/index.php?rest_route=\/wp\/v2\/posts\/38085","targetHints":{"allow":["GET"]}}],"collection":[{"href":"https:\/\/historiografija.hr\/index.php?rest_route=\/wp\/v2\/posts"}],"about":[{"href":"https:\/\/historiografija.hr\/index.php?rest_route=\/wp\/v2\/types\/post"}],"author":[{"embeddable":true,"href":"https:\/\/historiografija.hr\/index.php?rest_route=\/wp\/v2\/users\/2"}],"replies":[{"embeddable":true,"href":"https:\/\/historiografija.hr\/index.php?rest_route=%2Fwp%2Fv2%2Fcomments&post=38085"}],"version-history":[{"count":1,"href":"https:\/\/historiografija.hr\/index.php?rest_route=\/wp\/v2\/posts\/38085\/revisions"}],"predecessor-version":[{"id":38087,"href":"https:\/\/historiografija.hr\/index.php?rest_route=\/wp\/v2\/posts\/38085\/revisions\/38087"}],"wp:featuredmedia":[{"embeddable":true,"href":"https:\/\/historiografija.hr\/index.php?rest_route=\/wp\/v2\/media\/38086"}],"wp:attachment":[{"href":"https:\/\/historiografija.hr\/index.php?rest_route=%2Fwp%2Fv2%2Fmedia&parent=38085"}],"wp:term":[{"taxonomy":"category","embeddable":true,"href":"https:\/\/historiografija.hr\/index.php?rest_route=%2Fwp%2Fv2%2Fcategories&post=38085"},{"taxonomy":"post_tag","embeddable":true,"href":"https:\/\/historiografija.hr\/index.php?rest_route=%2Fwp%2Fv2%2Ftags&post=38085"}],"curies":[{"name":"wp","href":"https:\/\/api.w.org\/{rel}","templated":true}]}}