{"id":38079,"date":"2023-11-15T19:26:34","date_gmt":"2023-11-15T19:26:34","guid":{"rendered":"http:\/\/historiografija.hr\/?p=38079"},"modified":"2023-11-15T19:26:59","modified_gmt":"2023-11-15T19:26:59","slug":"predstavljanje-antologije-hrvatske-antiratne-poezije","status":"publish","type":"post","link":"https:\/\/historiografija.hr\/?p=38079","title":{"rendered":"Predstavljanje antologije hrvatske antiratne poezije"},"content":{"rendered":"\n<p>Povodom Dana sje\u0107anja na \u017ertve Domovinskog rata i Dana sje\u0107anja na \u017ertvu Vukovara i \u0160kabrnje bit \u0107e odr\u017eano u petak, 17. studenog 2023. u 14 sati u Gradskoj knji\u017enici i \u010ditaonici u \u0110akovu predstavljanje antologije hrvatske antiratne poezije \u201eCvr\u010dci u trubi\u201c.<\/p>\n\n\n\n<hr class=\"wp-block-separator\"\/>\n\n\n\n<p>Izvor i dodatne obavijesti:<\/p>\n\n\n\n<p><a href=\"http:\/\/dhk.hr\/ogranci-dhk\/detaljnije\/predstavljanje-antologije-hrvatske-antiratne-poezije\">http:\/\/dhk.hr\/ogranci-dhk\/detaljnije\/predstavljanje-antologije-hrvatske-antiratne-poezije<\/a><\/p>\n\n\n\n<hr class=\"wp-block-separator\"\/>\n","protected":false},"excerpt":{"rendered":"","protected":false},"author":2,"featured_media":38080,"comment_status":"open","ping_status":"open","sticky":false,"template":"","format":"standard","meta":{"_acf_changed":false,"jetpack_post_was_ever_published":false,"_jetpack_newsletter_access":"","_jetpack_dont_email_post_to_subs":false,"_jetpack_newsletter_tier_id":0,"_jetpack_memberships_contains_paywalled_content":false,"_jetpack_memberships_contains_paid_content":false,"footnotes":"","jetpack_publicize_message":"","jetpack_publicize_feature_enabled":true,"jetpack_social_post_already_shared":true,"jetpack_social_options":{"image_generator_settings":{"template":"highway","default_image_id":0,"font":"","enabled":false},"version":2}},"categories":[3,12],"tags":[],"class_list":["post-38079","post","type-post","status-publish","format-standard","has-post-thumbnail","hentry","category-novosti","category-knjizevnost"],"acf":{"facebook_opis":""},"jetpack_publicize_connections":[],"jetpack_featured_media_url":"https:\/\/i0.wp.com\/historiografija.hr\/wp-content\/uploads\/2023\/11\/Cvrci_u_trubi.png?fit=800%2C1130&ssl=1","jetpack_sharing_enabled":true,"jetpack-related-posts":[],"_links":{"self":[{"href":"https:\/\/historiografija.hr\/index.php?rest_route=\/wp\/v2\/posts\/38079","targetHints":{"allow":["GET"]}}],"collection":[{"href":"https:\/\/historiografija.hr\/index.php?rest_route=\/wp\/v2\/posts"}],"about":[{"href":"https:\/\/historiografija.hr\/index.php?rest_route=\/wp\/v2\/types\/post"}],"author":[{"embeddable":true,"href":"https:\/\/historiografija.hr\/index.php?rest_route=\/wp\/v2\/users\/2"}],"replies":[{"embeddable":true,"href":"https:\/\/historiografija.hr\/index.php?rest_route=%2Fwp%2Fv2%2Fcomments&post=38079"}],"version-history":[{"count":2,"href":"https:\/\/historiografija.hr\/index.php?rest_route=\/wp\/v2\/posts\/38079\/revisions"}],"predecessor-version":[{"id":38082,"href":"https:\/\/historiografija.hr\/index.php?rest_route=\/wp\/v2\/posts\/38079\/revisions\/38082"}],"wp:featuredmedia":[{"embeddable":true,"href":"https:\/\/historiografija.hr\/index.php?rest_route=\/wp\/v2\/media\/38080"}],"wp:attachment":[{"href":"https:\/\/historiografija.hr\/index.php?rest_route=%2Fwp%2Fv2%2Fmedia&parent=38079"}],"wp:term":[{"taxonomy":"category","embeddable":true,"href":"https:\/\/historiografija.hr\/index.php?rest_route=%2Fwp%2Fv2%2Fcategories&post=38079"},{"taxonomy":"post_tag","embeddable":true,"href":"https:\/\/historiografija.hr\/index.php?rest_route=%2Fwp%2Fv2%2Ftags&post=38079"}],"curies":[{"name":"wp","href":"https:\/\/api.w.org\/{rel}","templated":true}]}}