{"id":38073,"date":"2023-11-15T19:13:12","date_gmt":"2023-11-15T19:13:12","guid":{"rendered":"http:\/\/historiografija.hr\/?p=38073"},"modified":"2023-11-15T19:13:12","modified_gmt":"2023-11-15T19:13:12","slug":"projekcija-filma-od-toga-dana-u-povodu-dana-sjecanja-na-zrtve-domovinskog-rata-i-dana-sjecanja-na-zrtvu-vukovara-i-skabrnje","status":"publish","type":"post","link":"https:\/\/historiografija.hr\/?p=38073","title":{"rendered":"Projekcija filma &#8220;Od toga dana&#8221; u povodu Dana sje\u0107anja na \u017ertve Domovinskog rata i Dana sje\u0107anja na \u017ertvu Vukovara i \u0160kabrnje"},"content":{"rendered":"\n<p>Fakultet hrvatskih studija i ove \u0107e godine prigodno obilje\u017eiti Dan sje\u0107anja na \u017ertve Domovinskog rata i Dan sje\u0107anja na \u017ertvu Vukovara i \u0160kabrnje. Dana 17. studenoga u 10 sati u dvorani Zagreb uprili\u010diti \u0107e se projekcija dokumentarnoga filma &#8220;Od toga dana&#8221; redateljice Slavice \u0160nur. Pozivaju se svi studenti i nastavnici te suradnici Fakulteta, na ovaj simboli\u010dni \u010din obilje\u017eavanja najmla\u0111ih \u017ertava Domovinskoga rata.<\/p>\n\n\n\n<hr class=\"wp-block-separator\"\/>\n\n\n\n<p>Izvor:<\/p>\n\n\n\n<p><a href=\"https:\/\/www.hrstud.unizg.hr\/obavijesti?@=21lny#news_112402\">https:\/\/www.hrstud.unizg.hr\/obavijesti?@=21lny#news_112402<\/a><\/p>\n\n\n\n<hr class=\"wp-block-separator\"\/>\n","protected":false},"excerpt":{"rendered":"","protected":false},"author":2,"featured_media":38074,"comment_status":"open","ping_status":"open","sticky":false,"template":"","format":"standard","meta":{"_acf_changed":false,"jetpack_post_was_ever_published":false,"_jetpack_newsletter_access":"","_jetpack_dont_email_post_to_subs":false,"_jetpack_newsletter_tier_id":0,"_jetpack_memberships_contains_paywalled_content":false,"_jetpack_memberships_contains_paid_content":false,"footnotes":"","jetpack_publicize_message":"","jetpack_publicize_feature_enabled":true,"jetpack_social_post_already_shared":true,"jetpack_social_options":{"image_generator_settings":{"template":"highway","default_image_id":0,"font":"","enabled":false},"version":2}},"categories":[13,3],"tags":[],"class_list":["post-38073","post","type-post","status-publish","format-standard","has-post-thumbnail","hentry","category-filmovi-i-serije","category-novosti"],"acf":{"facebook_opis":""},"jetpack_publicize_connections":[],"jetpack_featured_media_url":"https:\/\/i0.wp.com\/historiografija.hr\/wp-content\/uploads\/2023\/11\/Vukovar_2023.jpg?fit=1503%2C811&ssl=1","jetpack_sharing_enabled":true,"jetpack-related-posts":[],"_links":{"self":[{"href":"https:\/\/historiografija.hr\/index.php?rest_route=\/wp\/v2\/posts\/38073","targetHints":{"allow":["GET"]}}],"collection":[{"href":"https:\/\/historiografija.hr\/index.php?rest_route=\/wp\/v2\/posts"}],"about":[{"href":"https:\/\/historiografija.hr\/index.php?rest_route=\/wp\/v2\/types\/post"}],"author":[{"embeddable":true,"href":"https:\/\/historiografija.hr\/index.php?rest_route=\/wp\/v2\/users\/2"}],"replies":[{"embeddable":true,"href":"https:\/\/historiografija.hr\/index.php?rest_route=%2Fwp%2Fv2%2Fcomments&post=38073"}],"version-history":[{"count":1,"href":"https:\/\/historiografija.hr\/index.php?rest_route=\/wp\/v2\/posts\/38073\/revisions"}],"predecessor-version":[{"id":38075,"href":"https:\/\/historiografija.hr\/index.php?rest_route=\/wp\/v2\/posts\/38073\/revisions\/38075"}],"wp:featuredmedia":[{"embeddable":true,"href":"https:\/\/historiografija.hr\/index.php?rest_route=\/wp\/v2\/media\/38074"}],"wp:attachment":[{"href":"https:\/\/historiografija.hr\/index.php?rest_route=%2Fwp%2Fv2%2Fmedia&parent=38073"}],"wp:term":[{"taxonomy":"category","embeddable":true,"href":"https:\/\/historiografija.hr\/index.php?rest_route=%2Fwp%2Fv2%2Fcategories&post=38073"},{"taxonomy":"post_tag","embeddable":true,"href":"https:\/\/historiografija.hr\/index.php?rest_route=%2Fwp%2Fv2%2Ftags&post=38073"}],"curies":[{"name":"wp","href":"https:\/\/api.w.org\/{rel}","templated":true}]}}