{"id":38067,"date":"2023-11-14T22:51:56","date_gmt":"2023-11-14T22:51:56","guid":{"rendered":"http:\/\/historiografija.hr\/?p=38067"},"modified":"2023-11-14T22:51:56","modified_gmt":"2023-11-14T22:51:56","slug":"poziv-za-prijavu-edukativno-aktivisticka-skola-tranzicijske-pravde-gdje-si-bio_la-2023","status":"publish","type":"post","link":"https:\/\/historiografija.hr\/?p=38067","title":{"rendered":"Poziv za prijavu: Edukativno-aktivisti\u010dka \u0161kola tranzicijske pravde \u201cGdje si bio_la 2023?\u201d"},"content":{"rendered":"\n<p><em>\u010cuo_la si za suo\u010davanje s pro\u0161lo\u0161\u0107u, ali nije ti ba\u0161 najjasnije \u0161to taj pojam podrazumijeva?&nbsp;<\/em><\/p>\n\n\n\n<p><em>\u017deli\u0161 znati vi\u0161e o utvr\u0111enim \u010dinjenicama koje se odnose na rat u Hrvatskoj (1991.-1995.)?&nbsp;<\/em><\/p>\n\n\n\n<p><em>Misli\u0161 da nema razlike izme\u0111u pro\u0161losti i povijesti?<\/em><\/p>\n\n\n\n<p><em>Ne zna\u0161 kako grafiti, murali i ostale vrste uli\u010dne umjetnosti mogu pri\u010dati o ratu?&nbsp;<\/em><\/p>\n\n\n\n<p>\u010citaj dalje!<\/p>\n\n\n\n<p>Inicijativa mladih za ljudska prava te poziva na Edukativno-aktivisti\u010dku \u0161kolu tranzicijske pravde \u201cGdje si bio_la 2023.?\u201d koju provodimo ve\u0107 <strong>\u010detvrti put<\/strong>, a koja \u0107e se odr\u017eati od <strong>13. do 15. prosinca 2023. u Karlovcu!<\/strong><\/p>\n\n\n\n<p>Zainteresiranim mladima \u017eelimo omogu\u0107iti kvalitetnije razumijevanje odnosa pro\u0161losti, sada\u0161njosti i budu\u0107nosti u dru\u0161tvima koja su pro\u0161la kroz sukobe te zajedni\u010dki promisliti kako mo\u017eemo utjecati na neponavljanje rata te se anga\u017eirati protiv ekspanzije nacionaliz(a)ma.&nbsp;<\/p>\n\n\n\n<p>Tijekom tri dana programa \u0107e\u0161 imati priliku upoznati se s osnovnim pojmovima tranzicijske pravde, produbiti znanje o ratovima 1990-ih i njihovom naslije\u0111u, saznati na koji na\u010din se o njima pou\u010dava u \u0161kolama, dobiti uvid u iskustva drugih postkonfliktnih dru\u0161tava u izgradnji pomirenja i mira, upoznati se i razmjenjivati mi\u0161ljenja s drugim zainteresiranim mladim ljudima te otkriti koja uloga mladih u procesima suo\u010davanja s pro\u0161lo\u0161\u0107u, odnosno kako ti mo\u017ee\u0161 doprinijeti izgradnji boljeg dru\u0161tva!<\/p>\n\n\n\n<p>Na \u0161koli \u0107e predavati doma\u0107i i me\u0111unarodni stru\u010dnjaci iz podru\u010dja akademije i civilnog dru\u0161tva, a uz predavanja o\u010dekuje te sudjelovanje na kreativnim radionicama i studijskim posjetama.&nbsp;<\/p>\n\n\n\n<p>\u0160kola je namijenjena <strong>mladima od 18 do 30 godina iz Hrvatske<\/strong>, a sve tro\u0161kove prijevoza, smje\u0161taja i prehrane <strong>pokriva organizator.<\/strong><\/p>\n\n\n\n<p>Prijaviti se mo\u017ee\u0161 do <strong>petka, 24. studenog 2023. u podne<\/strong> ispunjavanjem <a href=\"https:\/\/forms.gle\/eitdq4weJCKnx9RS7\">obrasca<\/a>.&nbsp;<\/p>\n\n\n\n<p>S obzirom da je ograni\u010den broj mjesta za sudjelovanje na \u0161koli, odabranim \u0107emo se polaznicima javiti do srijede, 29. studenog 2023.&nbsp;<\/p>\n\n\n\n<p>Za sva dodatna pitanja i informacije slobodno se obratite na email <a href=\"mailto:croatia@yihr.org\">croatia@yihr.org<\/a>.<\/p>\n\n\n\n<p>Financirano sredstvima Europske unije.\u00a0<\/p>\n\n\n\n<hr class=\"wp-block-separator\"\/>\n\n\n\n<p>Izvor:<\/p>\n\n\n\n<p><a href=\"https:\/\/yihr.hr\/hr\/prijavi-se-edukativno-aktivisticka-skola-tranzicijske-pravde-gdje-si-bio_la-2023\">https:\/\/yihr.hr\/hr\/prijavi-se-edukativno-aktivisticka-skola-tranzicijske-pravde-gdje-si-bio_la-2023<\/a><\/p>\n\n\n\n<hr class=\"wp-block-separator\"\/>\n","protected":false},"excerpt":{"rendered":"","protected":false},"author":2,"featured_media":38068,"comment_status":"open","ping_status":"open","sticky":false,"template":"","format":"standard","meta":{"_acf_changed":false,"jetpack_post_was_ever_published":false,"_jetpack_newsletter_access":"","_jetpack_dont_email_post_to_subs":false,"_jetpack_newsletter_tier_id":0,"_jetpack_memberships_contains_paywalled_content":false,"_jetpack_memberships_contains_paid_content":false,"footnotes":"","jetpack_publicize_message":"","jetpack_publicize_feature_enabled":true,"jetpack_social_post_already_shared":true,"jetpack_social_options":{"image_generator_settings":{"template":"highway","default_image_id":0,"font":"","enabled":false},"version":2}},"categories":[3,9],"tags":[],"class_list":["post-38067","post","type-post","status-publish","format-standard","has-post-thumbnail","hentry","category-novosti","category-skupovi"],"acf":{"facebook_opis":""},"jetpack_publicize_connections":[],"jetpack_featured_media_url":"https:\/\/i0.wp.com\/historiografija.hr\/wp-content\/uploads\/2023\/11\/Otvaranje_prijava.jpg?fit=1047%2C590&ssl=1","jetpack_sharing_enabled":true,"jetpack-related-posts":[],"_links":{"self":[{"href":"https:\/\/historiografija.hr\/index.php?rest_route=\/wp\/v2\/posts\/38067","targetHints":{"allow":["GET"]}}],"collection":[{"href":"https:\/\/historiografija.hr\/index.php?rest_route=\/wp\/v2\/posts"}],"about":[{"href":"https:\/\/historiografija.hr\/index.php?rest_route=\/wp\/v2\/types\/post"}],"author":[{"embeddable":true,"href":"https:\/\/historiografija.hr\/index.php?rest_route=\/wp\/v2\/users\/2"}],"replies":[{"embeddable":true,"href":"https:\/\/historiografija.hr\/index.php?rest_route=%2Fwp%2Fv2%2Fcomments&post=38067"}],"version-history":[{"count":1,"href":"https:\/\/historiografija.hr\/index.php?rest_route=\/wp\/v2\/posts\/38067\/revisions"}],"predecessor-version":[{"id":38069,"href":"https:\/\/historiografija.hr\/index.php?rest_route=\/wp\/v2\/posts\/38067\/revisions\/38069"}],"wp:featuredmedia":[{"embeddable":true,"href":"https:\/\/historiografija.hr\/index.php?rest_route=\/wp\/v2\/media\/38068"}],"wp:attachment":[{"href":"https:\/\/historiografija.hr\/index.php?rest_route=%2Fwp%2Fv2%2Fmedia&parent=38067"}],"wp:term":[{"taxonomy":"category","embeddable":true,"href":"https:\/\/historiografija.hr\/index.php?rest_route=%2Fwp%2Fv2%2Fcategories&post=38067"},{"taxonomy":"post_tag","embeddable":true,"href":"https:\/\/historiografija.hr\/index.php?rest_route=%2Fwp%2Fv2%2Ftags&post=38067"}],"curies":[{"name":"wp","href":"https:\/\/api.w.org\/{rel}","templated":true}]}}