{"id":38058,"date":"2023-11-14T22:26:31","date_gmt":"2023-11-14T22:26:31","guid":{"rendered":"http:\/\/historiografija.hr\/?p=38058"},"modified":"2023-11-14T22:37:15","modified_gmt":"2023-11-14T22:37:15","slug":"izlozba-vino-na-granici-vino-na-meji","status":"publish","type":"post","link":"https:\/\/historiografija.hr\/?p=38058","title":{"rendered":"Izlo\u017eba \u201eVino na granici \/ Vino na meji\u201c"},"content":{"rendered":"\n<p><strong>Mjesto odr\u017eavanja: <\/strong>GMV Pala\u010da Herzer, Franjeva\u010dki trg 10, Vara\u017edin<br><strong>Datum:<\/strong> 15. &#8211; 26.11.2023.<br><strong>Otvorenje: <\/strong>15.11.2023.u 19 sati<\/p>\n\n\n\n<p>&nbsp;&nbsp;&nbsp;&nbsp;&nbsp;&nbsp;&nbsp; U sklopu <strong><em>Srijede u Muzeju<\/em><\/strong> otvara se izlo\u017eba pod nazivom <strong><em>Vino na granici \/ Vino na meji,<\/em><\/strong> nastala u suradnji triju hrvatskih i triju slovenskih arhiva: Dr\u017eavnog arhiva u Vara\u017edinu, Dr\u017eavnog arhiva za Me\u0111imurje, Dr\u017eavnog arhiva u Zagrebu, Pokrajinskog arhiva Maribor, Zgodovinskog arhiva Celje i Zgodovinskog arhiva na Ptuju. Tema je vezana uz povijest vinogradarstva i vinarstva u hrvatsko-slovenskom pograni\u010dnom podru\u010dju, a ilustrirana je kroz oko 150 izlo\u017eaka raznovrsnoga arhivskoga gradiva od 15. do druge polovice 20. stolje\u0107a objedinjenih na fotografijama na 20-ak plakata, od kojih se ve\u0107ina prvi put javno prezentira. Izlo\u017eba je strukturirana na etape uzgoja vinove loze i proizvodnje vina kroz poglavlja: <em>Iz zemlje u trs<\/em>, <em>Iz trsa u gro\u017e\u0111e<\/em>, <em>Iz gro\u017e\u0111a u ba\u010dve<\/em>, <em>Iz ba\u010dve u fla\u0161e, Iz fla\u0161e u \u010da\u0161e<\/em>, <em>Iz \u010da\u0161e u glave<\/em>. Me\u0111u izlo\u0161cima su srednjovjekovne isprave kojima su regulirani vlasni\u0161tvo nad zemljom i uvjeti obrade vinograda, zatim katastarski planovi vinogradarskih posjeda, panoramske fotografije vinograda i vinogradarskih radova, klijeti i industrijska postrojenja, oglasi o ponudi vinogradarskih sprava i sredstava za za\u0161titu loze te vinske etikete i razglednice ugostiteljskih objekata.<\/p>\n\n\n\n<p>&nbsp;&nbsp;&nbsp;&nbsp;&nbsp;&nbsp;&nbsp; Od gradiva Dr\u017eavnog arhiva u Vara\u017edinu izdvajaju se: pregled prihoda i izdataka Grada Vara\u017edina za 1570., koji zapo\u010dinje s prihodima od vina, registar gornice imanja Kri\u017eovljan iz 1639., zapisnik krapinskog Dru\u0161tva umjerenosti iz 1849., upisnik kr\u010dmara i gostioni\u010dara Grada Vara\u017edina iz 1890., upitnica o povr\u0161inama vinograda zara\u017eenih filokserom na podru\u010dju Vara\u017edinbrega iz 1891., zlatna diploma Vjekoslava Leitnera za vinogradarske sprave iz 1900., fotografije kr\u010dme <em>Turskom vrhu<\/em> u Vara\u017edinu s po\u010detka 20. stolje\u0107a te fotografska dokumentacija posjeda Seketin obitelji Puttar i Vinarije ZPPK-a Vara\u017edin.<\/p>\n\n\n\n<p>\u00a0\u00a0\u00a0\u00a0\u00a0\u00a0\u00a0 Izlo\u017eba je postavljena za razgled do 26. studenoga i svojevrsni je uvod u veliku tematsku izlo\u017ebu Gradskog muzeja Vara\u017edin pod nazivom <em>Bistra kaplja vrednija od zlata,<\/em> posve\u0107enu vinu i povijesti vinogradarstva na vara\u017edinskom podru\u010dju, koja se otvara u prosincu ove godine.<\/p>\n\n\n\n<hr class=\"wp-block-separator\"\/>\n\n\n\n<p>Izvor:<\/p>\n\n\n\n<p><a href=\"https:\/\/www.gmv.hr\/hr\/dogadjanja\/vino-na-granici-_-vino-na-meji,20470.html?t=i\">https:\/\/www.gmv.hr\/hr\/dogadjanja\/vino-na-granici-_-vino-na-meji,20470.html?t=i<\/a><\/p>\n\n\n\n<hr class=\"wp-block-separator\"\/>\n\n\n\n<p><\/p>\n","protected":false},"excerpt":{"rendered":"","protected":false},"author":2,"featured_media":38059,"comment_status":"open","ping_status":"open","sticky":false,"template":"","format":"standard","meta":{"_acf_changed":false,"jetpack_post_was_ever_published":false,"_jetpack_newsletter_access":"","_jetpack_dont_email_post_to_subs":false,"_jetpack_newsletter_tier_id":0,"_jetpack_memberships_contains_paywalled_content":false,"_jetpack_memberships_contains_paid_content":false,"footnotes":"","jetpack_publicize_message":"","jetpack_publicize_feature_enabled":true,"jetpack_social_post_already_shared":true,"jetpack_social_options":{"image_generator_settings":{"template":"highway","default_image_id":0,"font":"","enabled":false},"version":2}},"categories":[10,3],"tags":[],"class_list":["post-38058","post","type-post","status-publish","format-standard","has-post-thumbnail","hentry","category-izlozbe","category-novosti"],"acf":{"facebook_opis":""},"jetpack_publicize_connections":[],"jetpack_featured_media_url":"https:\/\/i0.wp.com\/historiografija.hr\/wp-content\/uploads\/2023\/11\/Berba.jpg?fit=880%2C500&ssl=1","jetpack_sharing_enabled":true,"jetpack-related-posts":[],"_links":{"self":[{"href":"https:\/\/historiografija.hr\/index.php?rest_route=\/wp\/v2\/posts\/38058","targetHints":{"allow":["GET"]}}],"collection":[{"href":"https:\/\/historiografija.hr\/index.php?rest_route=\/wp\/v2\/posts"}],"about":[{"href":"https:\/\/historiografija.hr\/index.php?rest_route=\/wp\/v2\/types\/post"}],"author":[{"embeddable":true,"href":"https:\/\/historiografija.hr\/index.php?rest_route=\/wp\/v2\/users\/2"}],"replies":[{"embeddable":true,"href":"https:\/\/historiografija.hr\/index.php?rest_route=%2Fwp%2Fv2%2Fcomments&post=38058"}],"version-history":[{"count":3,"href":"https:\/\/historiografija.hr\/index.php?rest_route=\/wp\/v2\/posts\/38058\/revisions"}],"predecessor-version":[{"id":38062,"href":"https:\/\/historiografija.hr\/index.php?rest_route=\/wp\/v2\/posts\/38058\/revisions\/38062"}],"wp:featuredmedia":[{"embeddable":true,"href":"https:\/\/historiografija.hr\/index.php?rest_route=\/wp\/v2\/media\/38059"}],"wp:attachment":[{"href":"https:\/\/historiografija.hr\/index.php?rest_route=%2Fwp%2Fv2%2Fmedia&parent=38058"}],"wp:term":[{"taxonomy":"category","embeddable":true,"href":"https:\/\/historiografija.hr\/index.php?rest_route=%2Fwp%2Fv2%2Fcategories&post=38058"},{"taxonomy":"post_tag","embeddable":true,"href":"https:\/\/historiografija.hr\/index.php?rest_route=%2Fwp%2Fv2%2Ftags&post=38058"}],"curies":[{"name":"wp","href":"https:\/\/api.w.org\/{rel}","templated":true}]}}